{"id":9973,"date":"2020-09-17T08:56:15","date_gmt":"2020-09-17T06:56:15","guid":{"rendered":"https:\/\/ayto.mutxamel.org\/?p=9973"},"modified":"2023-12-01T14:18:49","modified_gmt":"2023-12-01T13:18:49","slug":"la-policia-local-auxilia-un-menor-que-shavia-amputat-el-dit-amb-el-patinet-electric","status":"publish","type":"post","link":"https:\/\/ayto.mutxamel.org\/ca\/la-policia-local-auxilia-un-menor-que-shavia-amputat-el-dit-amb-el-patinet-electric\/","title":{"rendered":"LA POLICIA LOCAL AUXILIA UN MENOR QUE S\u2019HAVIA AMPUTAT EL DIT AMB EL  PATINET EL\u00c8CTRIC"},"content":{"rendered":"<p><strong>15\/09\/2020<\/strong><\/p>\n<p>Durant la vesprada d&#8217;ahir un menor de 12 anys es va personar en depend\u00e8ncies de la Policia Local mostrant la m\u00e0 ensanguinada, amb l&#8217;amputaci\u00f3 completa de la falange distal del dit \u00edndex de la m\u00e0 esquerra, indicant que l\u2019accident acabava d&#8217;oc\u00f3rrer al Parc municipal El Canyar de les Portelles. Va explicar que, mentre manipulava el fre de la roda posterior del patinet el\u00e8ctric, s&#8217;havia activat la roda i s&#8217;havia tallat el dit amb el disc de fre.<\/p>\n<p>Despr\u00e9s de cobrir els agents amb ap\u00f2sits el dit del menor, va ser traslladat al Centre de Salut de Mutxamel. Mentrestant altres agents es van dirigir al parc municipal per a esbrinar l&#8217;ocorregut i inspeccionar el patinet; on van trobar la falange seccionada del dit, que va ser r\u00e0pidament traslladada fins al Centre de Salut per a garantir la seua preservaci\u00f3, i juntament amb el menor van ser portats d&#8217;urg\u00e8ncia en vehicle patrulla fins a l&#8217;Hospital de Sant Joan d\u2019Alacant, tractant de guanyar temps a fi d&#8217;intentar la reimplantaci\u00f3 de la part amputada.<\/p>\n","protected":false},"excerpt":{"rendered":"<p>15\/09\/2020 Durant la vesprada d&#8217;ahir un menor de 12 anys es va personar en depend\u00e8ncies de la Policia Local mostrant la m\u00e0 ensanguinada, amb l&#8217;amputaci\u00f3 completa de la falange distal del dit \u00edndex de la m\u00e0 esquerra, indicant que l\u2019accident acabava d&#8217;oc\u00f3rrer al Parc municipal El Canyar de les Portelles. Va explicar que, mentre manipulava&#8230;<\/p>\n","protected":false},"author":5,"featured_media":9971,"comment_status":"closed","ping_status":"open","sticky":false,"template":"","format":"standard","meta":{"_acf_changed":false,"footnotes":""},"categories":[351,282],"tags":[323],"class_list":["post-9973","post","type-post","status-publish","format-standard","has-post-thumbnail","hentry","category-hemeroteca-ca","category-noticies","tag-hemeroteca-va"],"acf":[],"yoast_head":"<!-- This site is optimized with the Yoast SEO plugin v27.3 - https:\/\/yoast.com\/product\/yoast-seo-wordpress\/ -->\n<title>LA POLICIA LOCAL AUXILIA UN MENOR QUE S\u2019HAVIA AMPUTAT EL DIT AMB EL PATINET EL\u00c8CTRIC - Ayuntamiento de Mutxamel<\/title>\n<meta name=\"robots\" content=\"index, follow, max-snippet:-1, max-image-preview:large, max-video-preview:-1\" \/>\n<link rel=\"canonical\" href=\"https:\/\/ayto.mutxamel.org\/ca\/la-policia-local-auxilia-un-menor-que-shavia-amputat-el-dit-amb-el-patinet-electric\/\" \/>\n<meta property=\"og:locale\" content=\"ca_ES\" \/>\n<meta property=\"og:type\" content=\"article\" \/>\n<meta property=\"og:title\" content=\"LA POLICIA LOCAL AUXILIA UN MENOR QUE S\u2019HAVIA AMPUTAT EL DIT AMB EL PATINET EL\u00c8CTRIC - Ayuntamiento de Mutxamel\" \/>\n<meta property=\"og:description\" content=\"15\/09\/2020 Durant la vesprada d&#8217;ahir un menor de 12 anys es va personar en depend\u00e8ncies de la Policia Local mostrant la m\u00e0 ensanguinada, amb l&#8217;amputaci\u00f3 completa de la falange distal del dit \u00edndex de la m\u00e0 esquerra, indicant que l\u2019accident acabava d&#8217;oc\u00f3rrer al Parc municipal El Canyar de les Portelles. Va explicar que, mentre manipulava...\" \/>\n<meta property=\"og:url\" content=\"https:\/\/ayto.mutxamel.org\/ca\/la-policia-local-auxilia-un-menor-que-shavia-amputat-el-dit-amb-el-patinet-electric\/\" \/>\n<meta property=\"og:site_name\" content=\"Ayuntamiento de Mutxamel\" \/>\n<meta property=\"article:published_time\" content=\"2020-09-17T06:56:15+00:00\" \/>\n<meta property=\"article:modified_time\" content=\"2023-12-01T13:18:49+00:00\" \/>\n<meta name=\"author\" content=\"Ayuntamiento Mutxamel\" \/>\n<meta name=\"twitter:card\" content=\"summary_large_image\" \/>\n<meta name=\"twitter:label1\" content=\"Escrit per\" \/>\n\t<meta name=\"twitter:data1\" content=\"Ayuntamiento Mutxamel\" \/>\n\t<meta name=\"twitter:label2\" content=\"Temps estimat de lectura\" \/>\n\t<meta name=\"twitter:data2\" content=\"1 minut\" \/>\n<script type=\"application\/ld+json\" class=\"yoast-schema-graph\">{\"@context\":\"https:\\\/\\\/schema.org\",\"@graph\":[{\"@type\":\"Article\",\"@id\":\"https:\\\/\\\/ayto.mutxamel.org\\\/ca\\\/la-policia-local-auxilia-un-menor-que-shavia-amputat-el-dit-amb-el-patinet-electric\\\/#article\",\"isPartOf\":{\"@id\":\"https:\\\/\\\/ayto.mutxamel.org\\\/ca\\\/la-policia-local-auxilia-un-menor-que-shavia-amputat-el-dit-amb-el-patinet-electric\\\/\"},\"author\":{\"name\":\"Ayuntamiento Mutxamel\",\"@id\":\"https:\\\/\\\/ayto.mutxamel.org\\\/ca\\\/#\\\/schema\\\/person\\\/0a64c1c652c34ba957ddc1a83e56bbfa\"},\"headline\":\"LA POLICIA LOCAL AUXILIA UN MENOR QUE S\u2019HAVIA AMPUTAT EL DIT AMB EL PATINET EL\u00c8CTRIC\",\"datePublished\":\"2020-09-17T06:56:15+00:00\",\"dateModified\":\"2023-12-01T13:18:49+00:00\",\"mainEntityOfPage\":{\"@id\":\"https:\\\/\\\/ayto.mutxamel.org\\\/ca\\\/la-policia-local-auxilia-un-menor-que-shavia-amputat-el-dit-amb-el-patinet-electric\\\/\"},\"wordCount\":204,\"image\":{\"@id\":\"https:\\\/\\\/ayto.mutxamel.org\\\/ca\\\/la-policia-local-auxilia-un-menor-que-shavia-amputat-el-dit-amb-el-patinet-electric\\\/#primaryimage\"},\"thumbnailUrl\":\"\",\"keywords\":[\"Hemeroteca\"],\"articleSection\":[\"Hemeroteca\",\"Noticies\"],\"inLanguage\":\"ca\"},{\"@type\":\"WebPage\",\"@id\":\"https:\\\/\\\/ayto.mutxamel.org\\\/ca\\\/la-policia-local-auxilia-un-menor-que-shavia-amputat-el-dit-amb-el-patinet-electric\\\/\",\"url\":\"https:\\\/\\\/ayto.mutxamel.org\\\/ca\\\/la-policia-local-auxilia-un-menor-que-shavia-amputat-el-dit-amb-el-patinet-electric\\\/\",\"name\":\"LA POLICIA LOCAL AUXILIA UN MENOR QUE S\u2019HAVIA AMPUTAT EL DIT AMB EL PATINET EL\u00c8CTRIC - Ayuntamiento de Mutxamel\",\"isPartOf\":{\"@id\":\"https:\\\/\\\/ayto.mutxamel.org\\\/ca\\\/#website\"},\"primaryImageOfPage\":{\"@id\":\"https:\\\/\\\/ayto.mutxamel.org\\\/ca\\\/la-policia-local-auxilia-un-menor-que-shavia-amputat-el-dit-amb-el-patinet-electric\\\/#primaryimage\"},\"image\":{\"@id\":\"https:\\\/\\\/ayto.mutxamel.org\\\/ca\\\/la-policia-local-auxilia-un-menor-que-shavia-amputat-el-dit-amb-el-patinet-electric\\\/#primaryimage\"},\"thumbnailUrl\":\"\",\"datePublished\":\"2020-09-17T06:56:15+00:00\",\"dateModified\":\"2023-12-01T13:18:49+00:00\",\"author\":{\"@id\":\"https:\\\/\\\/ayto.mutxamel.org\\\/ca\\\/#\\\/schema\\\/person\\\/0a64c1c652c34ba957ddc1a83e56bbfa\"},\"breadcrumb\":{\"@id\":\"https:\\\/\\\/ayto.mutxamel.org\\\/ca\\\/la-policia-local-auxilia-un-menor-que-shavia-amputat-el-dit-amb-el-patinet-electric\\\/#breadcrumb\"},\"inLanguage\":\"ca\",\"potentialAction\":[{\"@type\":\"ReadAction\",\"target\":[\"https:\\\/\\\/ayto.mutxamel.org\\\/ca\\\/la-policia-local-auxilia-un-menor-que-shavia-amputat-el-dit-amb-el-patinet-electric\\\/\"]}]},{\"@type\":\"ImageObject\",\"inLanguage\":\"ca\",\"@id\":\"https:\\\/\\\/ayto.mutxamel.org\\\/ca\\\/la-policia-local-auxilia-un-menor-que-shavia-amputat-el-dit-amb-el-patinet-electric\\\/#primaryimage\",\"url\":\"\",\"contentUrl\":\"\"},{\"@type\":\"BreadcrumbList\",\"@id\":\"https:\\\/\\\/ayto.mutxamel.org\\\/ca\\\/la-policia-local-auxilia-un-menor-que-shavia-amputat-el-dit-amb-el-patinet-electric\\\/#breadcrumb\",\"itemListElement\":[{\"@type\":\"ListItem\",\"position\":1,\"name\":\"Portada\",\"item\":\"https:\\\/\\\/ayto.mutxamel.org\\\/ca\\\/\"},{\"@type\":\"ListItem\",\"position\":2,\"name\":\"LA POLICIA LOCAL AUXILIA UN MENOR QUE S\u2019HAVIA AMPUTAT EL DIT AMB EL PATINET EL\u00c8CTRIC\"}]},{\"@type\":\"WebSite\",\"@id\":\"https:\\\/\\\/ayto.mutxamel.org\\\/ca\\\/#website\",\"url\":\"https:\\\/\\\/ayto.mutxamel.org\\\/ca\\\/\",\"name\":\"Ayuntamiento de Mutxamel\",\"description\":\"\",\"potentialAction\":[{\"@type\":\"SearchAction\",\"target\":{\"@type\":\"EntryPoint\",\"urlTemplate\":\"https:\\\/\\\/ayto.mutxamel.org\\\/ca\\\/?s={search_term_string}\"},\"query-input\":{\"@type\":\"PropertyValueSpecification\",\"valueRequired\":true,\"valueName\":\"search_term_string\"}}],\"inLanguage\":\"ca\"},{\"@type\":\"Person\",\"@id\":\"https:\\\/\\\/ayto.mutxamel.org\\\/ca\\\/#\\\/schema\\\/person\\\/0a64c1c652c34ba957ddc1a83e56bbfa\",\"name\":\"Ayuntamiento Mutxamel\",\"url\":\"https:\\\/\\\/ayto.mutxamel.org\\\/ca\\\/author\\\/ayuntamiento-mutxamel\\\/\"}]}<\/script>\n<!-- \/ Yoast SEO plugin. -->","yoast_head_json":{"title":"LA POLICIA LOCAL AUXILIA UN MENOR QUE S\u2019HAVIA AMPUTAT EL DIT AMB EL PATINET EL\u00c8CTRIC - Ayuntamiento de Mutxamel","robots":{"index":"index","follow":"follow","max-snippet":"max-snippet:-1","max-image-preview":"max-image-preview:large","max-video-preview":"max-video-preview:-1"},"canonical":"https:\/\/ayto.mutxamel.org\/ca\/la-policia-local-auxilia-un-menor-que-shavia-amputat-el-dit-amb-el-patinet-electric\/","og_locale":"ca_ES","og_type":"article","og_title":"LA POLICIA LOCAL AUXILIA UN MENOR QUE S\u2019HAVIA AMPUTAT EL DIT AMB EL PATINET EL\u00c8CTRIC - Ayuntamiento de Mutxamel","og_description":"15\/09\/2020 Durant la vesprada d&#8217;ahir un menor de 12 anys es va personar en depend\u00e8ncies de la Policia Local mostrant la m\u00e0 ensanguinada, amb l&#8217;amputaci\u00f3 completa de la falange distal del dit \u00edndex de la m\u00e0 esquerra, indicant que l\u2019accident acabava d&#8217;oc\u00f3rrer al Parc municipal El Canyar de les Portelles. Va explicar que, mentre manipulava...","og_url":"https:\/\/ayto.mutxamel.org\/ca\/la-policia-local-auxilia-un-menor-que-shavia-amputat-el-dit-amb-el-patinet-electric\/","og_site_name":"Ayuntamiento de Mutxamel","article_published_time":"2020-09-17T06:56:15+00:00","article_modified_time":"2023-12-01T13:18:49+00:00","author":"Ayuntamiento Mutxamel","twitter_card":"summary_large_image","twitter_misc":{"Escrit per":"Ayuntamiento Mutxamel","Temps estimat de lectura":"1 minut"},"schema":{"@context":"https:\/\/schema.org","@graph":[{"@type":"Article","@id":"https:\/\/ayto.mutxamel.org\/ca\/la-policia-local-auxilia-un-menor-que-shavia-amputat-el-dit-amb-el-patinet-electric\/#article","isPartOf":{"@id":"https:\/\/ayto.mutxamel.org\/ca\/la-policia-local-auxilia-un-menor-que-shavia-amputat-el-dit-amb-el-patinet-electric\/"},"author":{"name":"Ayuntamiento Mutxamel","@id":"https:\/\/ayto.mutxamel.org\/ca\/#\/schema\/person\/0a64c1c652c34ba957ddc1a83e56bbfa"},"headline":"LA POLICIA LOCAL AUXILIA UN MENOR QUE S\u2019HAVIA AMPUTAT EL DIT AMB EL PATINET EL\u00c8CTRIC","datePublished":"2020-09-17T06:56:15+00:00","dateModified":"2023-12-01T13:18:49+00:00","mainEntityOfPage":{"@id":"https:\/\/ayto.mutxamel.org\/ca\/la-policia-local-auxilia-un-menor-que-shavia-amputat-el-dit-amb-el-patinet-electric\/"},"wordCount":204,"image":{"@id":"https:\/\/ayto.mutxamel.org\/ca\/la-policia-local-auxilia-un-menor-que-shavia-amputat-el-dit-amb-el-patinet-electric\/#primaryimage"},"thumbnailUrl":"","keywords":["Hemeroteca"],"articleSection":["Hemeroteca","Noticies"],"inLanguage":"ca"},{"@type":"WebPage","@id":"https:\/\/ayto.mutxamel.org\/ca\/la-policia-local-auxilia-un-menor-que-shavia-amputat-el-dit-amb-el-patinet-electric\/","url":"https:\/\/ayto.mutxamel.org\/ca\/la-policia-local-auxilia-un-menor-que-shavia-amputat-el-dit-amb-el-patinet-electric\/","name":"LA POLICIA LOCAL AUXILIA UN MENOR QUE S\u2019HAVIA AMPUTAT EL DIT AMB EL PATINET EL\u00c8CTRIC - Ayuntamiento de Mutxamel","isPartOf":{"@id":"https:\/\/ayto.mutxamel.org\/ca\/#website"},"primaryImageOfPage":{"@id":"https:\/\/ayto.mutxamel.org\/ca\/la-policia-local-auxilia-un-menor-que-shavia-amputat-el-dit-amb-el-patinet-electric\/#primaryimage"},"image":{"@id":"https:\/\/ayto.mutxamel.org\/ca\/la-policia-local-auxilia-un-menor-que-shavia-amputat-el-dit-amb-el-patinet-electric\/#primaryimage"},"thumbnailUrl":"","datePublished":"2020-09-17T06:56:15+00:00","dateModified":"2023-12-01T13:18:49+00:00","author":{"@id":"https:\/\/ayto.mutxamel.org\/ca\/#\/schema\/person\/0a64c1c652c34ba957ddc1a83e56bbfa"},"breadcrumb":{"@id":"https:\/\/ayto.mutxamel.org\/ca\/la-policia-local-auxilia-un-menor-que-shavia-amputat-el-dit-amb-el-patinet-electric\/#breadcrumb"},"inLanguage":"ca","potentialAction":[{"@type":"ReadAction","target":["https:\/\/ayto.mutxamel.org\/ca\/la-policia-local-auxilia-un-menor-que-shavia-amputat-el-dit-amb-el-patinet-electric\/"]}]},{"@type":"ImageObject","inLanguage":"ca","@id":"https:\/\/ayto.mutxamel.org\/ca\/la-policia-local-auxilia-un-menor-que-shavia-amputat-el-dit-amb-el-patinet-electric\/#primaryimage","url":"","contentUrl":""},{"@type":"BreadcrumbList","@id":"https:\/\/ayto.mutxamel.org\/ca\/la-policia-local-auxilia-un-menor-que-shavia-amputat-el-dit-amb-el-patinet-electric\/#breadcrumb","itemListElement":[{"@type":"ListItem","position":1,"name":"Portada","item":"https:\/\/ayto.mutxamel.org\/ca\/"},{"@type":"ListItem","position":2,"name":"LA POLICIA LOCAL AUXILIA UN MENOR QUE S\u2019HAVIA AMPUTAT EL DIT AMB EL PATINET EL\u00c8CTRIC"}]},{"@type":"WebSite","@id":"https:\/\/ayto.mutxamel.org\/ca\/#website","url":"https:\/\/ayto.mutxamel.org\/ca\/","name":"Ayuntamiento de Mutxamel","description":"","potentialAction":[{"@type":"SearchAction","target":{"@type":"EntryPoint","urlTemplate":"https:\/\/ayto.mutxamel.org\/ca\/?s={search_term_string}"},"query-input":{"@type":"PropertyValueSpecification","valueRequired":true,"valueName":"search_term_string"}}],"inLanguage":"ca"},{"@type":"Person","@id":"https:\/\/ayto.mutxamel.org\/ca\/#\/schema\/person\/0a64c1c652c34ba957ddc1a83e56bbfa","name":"Ayuntamiento Mutxamel","url":"https:\/\/ayto.mutxamel.org\/ca\/author\/ayuntamiento-mutxamel\/"}]}},"_links":{"self":[{"href":"https:\/\/ayto.mutxamel.org\/ca\/wp-json\/wp\/v2\/posts\/9973","targetHints":{"allow":["GET"]}}],"collection":[{"href":"https:\/\/ayto.mutxamel.org\/ca\/wp-json\/wp\/v2\/posts"}],"about":[{"href":"https:\/\/ayto.mutxamel.org\/ca\/wp-json\/wp\/v2\/types\/post"}],"author":[{"embeddable":true,"href":"https:\/\/ayto.mutxamel.org\/ca\/wp-json\/wp\/v2\/users\/5"}],"replies":[{"embeddable":true,"href":"https:\/\/ayto.mutxamel.org\/ca\/wp-json\/wp\/v2\/comments?post=9973"}],"version-history":[{"count":1,"href":"https:\/\/ayto.mutxamel.org\/ca\/wp-json\/wp\/v2\/posts\/9973\/revisions"}],"predecessor-version":[{"id":35646,"href":"https:\/\/ayto.mutxamel.org\/ca\/wp-json\/wp\/v2\/posts\/9973\/revisions\/35646"}],"wp:featuredmedia":[{"embeddable":true,"href":"https:\/\/ayto.mutxamel.org\/ca\/wp-json\/"}],"wp:attachment":[{"href":"https:\/\/ayto.mutxamel.org\/ca\/wp-json\/wp\/v2\/media?parent=9973"}],"wp:term":[{"taxonomy":"category","embeddable":true,"href":"https:\/\/ayto.mutxamel.org\/ca\/wp-json\/wp\/v2\/categories?post=9973"},{"taxonomy":"post_tag","embeddable":true,"href":"https:\/\/ayto.mutxamel.org\/ca\/wp-json\/wp\/v2\/tags?post=9973"}],"curies":[{"name":"wp","href":"https:\/\/api.w.org\/{rel}","templated":true}]}}