{"id":8088,"date":"2020-02-26T12:26:22","date_gmt":"2020-02-26T11:26:22","guid":{"rendered":"https:\/\/ayto.mutxamel.org\/?p=8088"},"modified":"2023-12-01T14:23:14","modified_gmt":"2023-12-01T13:23:14","slug":"xxx-aniversari-de-lagrupacio-musical-la-llagrima-1-de-marc-jornada-de-portes-obertes","status":"publish","type":"post","link":"https:\/\/ayto.mutxamel.org\/ca\/xxx-aniversari-de-lagrupacio-musical-la-llagrima-1-de-marc-jornada-de-portes-obertes\/","title":{"rendered":"XXX ANIVERSARI DE  L\u2019AGRUPACI\u00d3 MUSICAL LA LL\u00c0GRIMA 1 DE MAR\u00c7 \u2013 JORNADA DE PORTES OBERTES"},"content":{"rendered":"<p><strong>26\/02\/2020<\/strong><\/p>\n<p>L&#8217;Agrupaci\u00f3 Musical <em>La Ll\u00e0grima<\/em> celebra enguany el XXX aniversari de la seua fundaci\u00f3 i per a aix\u00f2 t\u00e9 previstos diversos actes commemoratius al llarg de tot l&#8217;any.<\/p>\n<p>El primer d&#8217;estos ser\u00e0 el diumenge 1 de mar\u00e7, dia de la Ll\u00e0grima, festivitat en honor a la Patrona de Mutxamel, la Mare de D\u00e9u de Loreto. Este dia l&#8217;agrupaci\u00f3 celebrar\u00e0 la seua \u201cJornada de Portes Obertes\u201d, que comen\u00e7ar\u00e0 amb el desdejuni i posterior toc de diana, on la banda far\u00e0 una cercavila pels carrers m\u00e9s emblem\u00e0tics de la poblaci\u00f3.<\/p>\n<p>A les 11 h, la banda participar\u00e0 en l&#8217;ofrena de flors a la Patrona; a les 14 h. realitzar\u00e0 un menjar per a commemorar este important aniversari; i ja a la vesprada arriba el moment que dona pas a la Jornada de Portes Obertes, en qu\u00e8 participaran diversos m\u00fasics convidats en representaci\u00f3 de les seues agrupacions. Est\u00e0 prevista la pres\u00e8ncia de m\u00fasics de les bandes seg\u00fcents: <em>AM Ntro. Padre Jes\u00fas de la Salud y la Humildad<\/em> de Benidorm (Alacant), <em>AM Santa Cruz<\/em> (Alacant), <em>Banda de CCyTT Real Cofrad\u00eda de Sant Pedro Ap\u00f3stol<\/em> de Yecla (M\u00farcia), <em>Banda de CC y TT Ntra. Sra. de las Lamentaciones<\/em> de Jumella (M\u00farcia), <em>Banda del Sant Sepulcre d&#8217;Oliva<\/em> (Val\u00e8ncia), <em>Banda de CCTT Ntra. Sra. de la Visitaci\u00f3n<\/em> (Alacant), <em>AM Virgen de Gracia<\/em> de Vila-real (Castell\u00f3), <em>Banda de CCTT Mare de D\u00e9u Blanqueta<\/em> Grau de Gandia (Val\u00e8ncia), <em>Banda de CCTT Clave de Sol<\/em> de Manises (Val\u00e8ncia), <em>Banda CCTT La Ca\u00edda de Cristo<\/em> d\u2019Almorad\u00ed (Alacant).&nbsp; Totes estes bandes tocaran al costat de l&#8217;<em>AM La Ll\u00e0grima <\/em>de Mutxamel en la process\u00f3 de la Patrona, formant una gran banda amb prop de 150 m\u00fasics.<\/p>\n<p>L&#8217;arribada dels m\u00fasics ser\u00e0 a les 17 h al parc El Canyar de les Portelles, per a realitzar l&#8217;assaig general dirigit pels directors de la Ll\u00e0grima, Bruno Carri\u00f3n i Abel D\u00edaz. Al parc els m\u00fasics seran rebuts per part de la corporaci\u00f3 municipal, presidida per l&#8217;alcalde de la localitat, Sebasti\u00e1n Ca\u00f1adas Gallardo. A continuaci\u00f3, tots els m\u00fasics faran una cercavila des del parc El Canyar de les Portelles fins a la parr\u00f2quia, on comen\u00e7ar\u00e0 la process\u00f3 de la Mare de D\u00e9u de Loreto.<\/p>\n<p>Finalitzar\u00e0 la jornada amb un sopar de germanor amb tots els m\u00fasics que hagen participat, mentre compartixen experi\u00e8ncies i moments interessants viscuts.<\/p>\n<p>La banda compta amb l\u2019\u201cEscola de M\u00fasica La Ll\u00e0grima\u201d, on impartixen classes tres professors de percussi\u00f3, trompeta, tromb\u00f3 i bombard\u00ed.<\/p>\n<p>D&#8217;altra banda, l&#8217;agrupaci\u00f3 est\u00e0 preparant els concerts que t\u00e9 previst realitzar durant el mes de mar\u00e7.<\/p>\n<p>El dia 15 se celebrar\u00e0 la \u201c<strong>Tamborada La Ll\u00e0grima 2020<\/strong>\u201d, acte commemoratiu que es far\u00e0 juntament amb la Confraria del Perd\u00f3 i la Pietat i que comen\u00e7ar\u00e0 a les 12 h a la porta del consistori. A este esdeveniment estan convidades totes aquelles persones que tinguen un tambor, aix\u00ed com la percussi\u00f3 de bandes i grups de tambors de Setmana Santa.<\/p>\n<p>El dissabte 21 de mar\u00e7 actuaran en concert en la parr\u00f2quia de Mutxamel, en l&#8217;acte commemoratiu del XXV aniversari amb la baixada del Crist del Perd\u00f3.<\/p>\n<p>L&#8217;endem\u00e0, diumenge 22, La Ll\u00e0grima participar\u00e0 com a agrupaci\u00f3 convidada en el <strong>Certamen Nacional de Bandes Ciutat d&#8217;Alacant<\/strong>, juntament amb les altres bandes convidades: la <em>banda de Cornetas y Tambores Virgen de los Llanos<\/em> d&#8217;Albacete i l<em>&#8216;AM Precios\u00edsima Sangre de Cristo<\/em> de Bullas (M\u00farcia).<\/p>\n<p>\u00c9s el diumenge 29 de mar\u00e7 quan la banda organitzar\u00e0 el concert anual <strong>La Ll\u00e0grima<\/strong>, que enguany fa la XIV edici\u00f3, i la banda ret homenatge a la traject\u00f2ria musical del pianista, director i compositor mutxameler H\u00e9ctor Pl\u00e1cido.<\/p>\n<p>Finalitzar\u00e0 els concerts el Divendres de Dolors, dia 3 d&#8217;abril, en el concert del preg\u00f3 de la Cofrad\u00eda de la Caridad, Piedad y Cristo de la Paz de Benalua a Alacant, mentre que la Setmana Santa actuar\u00e0 en processons de Mutxamel, Alacant, M\u00farcia, Jumella i Alberic (Val\u00e8ncia).<\/p>\n","protected":false},"excerpt":{"rendered":"<p>26\/02\/2020 L&#8217;Agrupaci\u00f3 Musical La Ll\u00e0grima celebra enguany el XXX aniversari de la seua fundaci\u00f3 i per a aix\u00f2 t\u00e9 previstos diversos actes commemoratius al llarg de tot l&#8217;any. El primer d&#8217;estos ser\u00e0 el diumenge 1 de mar\u00e7, dia de la Ll\u00e0grima, festivitat en honor a la Patrona de Mutxamel, la Mare de D\u00e9u de Loreto&#8230;.<\/p>\n","protected":false},"author":5,"featured_media":8089,"comment_status":"closed","ping_status":"open","sticky":false,"template":"","format":"standard","meta":{"_acf_changed":false,"footnotes":""},"categories":[351,282],"tags":[325,323],"class_list":["post-8088","post","type-post","status-publish","format-standard","has-post-thumbnail","hentry","category-hemeroteca-ca","category-noticies","tag-festes","tag-hemeroteca-va"],"acf":[],"yoast_head":"<!-- This site is optimized with the Yoast SEO plugin v27.3 - https:\/\/yoast.com\/product\/yoast-seo-wordpress\/ -->\n<title>XXX ANIVERSARI DE L\u2019AGRUPACI\u00d3 MUSICAL LA LL\u00c0GRIMA 1 DE MAR\u00c7 \u2013 JORNADA DE PORTES OBERTES - Ayuntamiento de Mutxamel<\/title>\n<meta name=\"robots\" content=\"index, follow, max-snippet:-1, max-image-preview:large, max-video-preview:-1\" \/>\n<link rel=\"canonical\" href=\"https:\/\/ayto.mutxamel.org\/ca\/xxx-aniversari-de-lagrupacio-musical-la-llagrima-1-de-marc-jornada-de-portes-obertes\/\" \/>\n<meta property=\"og:locale\" content=\"ca_ES\" \/>\n<meta property=\"og:type\" content=\"article\" \/>\n<meta property=\"og:title\" content=\"XXX ANIVERSARI DE L\u2019AGRUPACI\u00d3 MUSICAL LA LL\u00c0GRIMA 1 DE MAR\u00c7 \u2013 JORNADA DE PORTES OBERTES - Ayuntamiento de Mutxamel\" \/>\n<meta property=\"og:description\" content=\"26\/02\/2020 L&#8217;Agrupaci\u00f3 Musical La Ll\u00e0grima celebra enguany el XXX aniversari de la seua fundaci\u00f3 i per a aix\u00f2 t\u00e9 previstos diversos actes commemoratius al llarg de tot l&#8217;any. El primer d&#8217;estos ser\u00e0 el diumenge 1 de mar\u00e7, dia de la Ll\u00e0grima, festivitat en honor a la Patrona de Mutxamel, la Mare de D\u00e9u de Loreto....\" \/>\n<meta property=\"og:url\" content=\"https:\/\/ayto.mutxamel.org\/ca\/xxx-aniversari-de-lagrupacio-musical-la-llagrima-1-de-marc-jornada-de-portes-obertes\/\" \/>\n<meta property=\"og:site_name\" content=\"Ayuntamiento de Mutxamel\" \/>\n<meta property=\"article:published_time\" content=\"2020-02-26T11:26:22+00:00\" \/>\n<meta property=\"article:modified_time\" content=\"2023-12-01T13:23:14+00:00\" \/>\n<meta name=\"author\" content=\"Ayuntamiento Mutxamel\" \/>\n<meta name=\"twitter:card\" content=\"summary_large_image\" \/>\n<meta name=\"twitter:label1\" content=\"Escrit per\" \/>\n\t<meta name=\"twitter:data1\" content=\"Ayuntamiento Mutxamel\" \/>\n\t<meta name=\"twitter:label2\" content=\"Temps estimat de lectura\" \/>\n\t<meta name=\"twitter:data2\" content=\"3 minuts\" \/>\n<script type=\"application\/ld+json\" class=\"yoast-schema-graph\">{\"@context\":\"https:\\\/\\\/schema.org\",\"@graph\":[{\"@type\":\"Article\",\"@id\":\"https:\\\/\\\/ayto.mutxamel.org\\\/ca\\\/xxx-aniversari-de-lagrupacio-musical-la-llagrima-1-de-marc-jornada-de-portes-obertes\\\/#article\",\"isPartOf\":{\"@id\":\"https:\\\/\\\/ayto.mutxamel.org\\\/ca\\\/xxx-aniversari-de-lagrupacio-musical-la-llagrima-1-de-marc-jornada-de-portes-obertes\\\/\"},\"author\":{\"name\":\"Ayuntamiento Mutxamel\",\"@id\":\"https:\\\/\\\/ayto.mutxamel.org\\\/ca\\\/#\\\/schema\\\/person\\\/0a64c1c652c34ba957ddc1a83e56bbfa\"},\"headline\":\"XXX ANIVERSARI DE L\u2019AGRUPACI\u00d3 MUSICAL LA LL\u00c0GRIMA 1 DE MAR\u00c7 \u2013 JORNADA DE PORTES OBERTES\",\"datePublished\":\"2020-02-26T11:26:22+00:00\",\"dateModified\":\"2023-12-01T13:23:14+00:00\",\"mainEntityOfPage\":{\"@id\":\"https:\\\/\\\/ayto.mutxamel.org\\\/ca\\\/xxx-aniversari-de-lagrupacio-musical-la-llagrima-1-de-marc-jornada-de-portes-obertes\\\/\"},\"wordCount\":704,\"image\":{\"@id\":\"https:\\\/\\\/ayto.mutxamel.org\\\/ca\\\/xxx-aniversari-de-lagrupacio-musical-la-llagrima-1-de-marc-jornada-de-portes-obertes\\\/#primaryimage\"},\"thumbnailUrl\":\"\",\"keywords\":[\"Festes\",\"Hemeroteca\"],\"articleSection\":[\"Hemeroteca\",\"Noticies\"],\"inLanguage\":\"ca\"},{\"@type\":\"WebPage\",\"@id\":\"https:\\\/\\\/ayto.mutxamel.org\\\/ca\\\/xxx-aniversari-de-lagrupacio-musical-la-llagrima-1-de-marc-jornada-de-portes-obertes\\\/\",\"url\":\"https:\\\/\\\/ayto.mutxamel.org\\\/ca\\\/xxx-aniversari-de-lagrupacio-musical-la-llagrima-1-de-marc-jornada-de-portes-obertes\\\/\",\"name\":\"XXX ANIVERSARI DE L\u2019AGRUPACI\u00d3 MUSICAL LA LL\u00c0GRIMA 1 DE MAR\u00c7 \u2013 JORNADA DE PORTES OBERTES - Ayuntamiento de Mutxamel\",\"isPartOf\":{\"@id\":\"https:\\\/\\\/ayto.mutxamel.org\\\/ca\\\/#website\"},\"primaryImageOfPage\":{\"@id\":\"https:\\\/\\\/ayto.mutxamel.org\\\/ca\\\/xxx-aniversari-de-lagrupacio-musical-la-llagrima-1-de-marc-jornada-de-portes-obertes\\\/#primaryimage\"},\"image\":{\"@id\":\"https:\\\/\\\/ayto.mutxamel.org\\\/ca\\\/xxx-aniversari-de-lagrupacio-musical-la-llagrima-1-de-marc-jornada-de-portes-obertes\\\/#primaryimage\"},\"thumbnailUrl\":\"\",\"datePublished\":\"2020-02-26T11:26:22+00:00\",\"dateModified\":\"2023-12-01T13:23:14+00:00\",\"author\":{\"@id\":\"https:\\\/\\\/ayto.mutxamel.org\\\/ca\\\/#\\\/schema\\\/person\\\/0a64c1c652c34ba957ddc1a83e56bbfa\"},\"breadcrumb\":{\"@id\":\"https:\\\/\\\/ayto.mutxamel.org\\\/ca\\\/xxx-aniversari-de-lagrupacio-musical-la-llagrima-1-de-marc-jornada-de-portes-obertes\\\/#breadcrumb\"},\"inLanguage\":\"ca\",\"potentialAction\":[{\"@type\":\"ReadAction\",\"target\":[\"https:\\\/\\\/ayto.mutxamel.org\\\/ca\\\/xxx-aniversari-de-lagrupacio-musical-la-llagrima-1-de-marc-jornada-de-portes-obertes\\\/\"]}]},{\"@type\":\"ImageObject\",\"inLanguage\":\"ca\",\"@id\":\"https:\\\/\\\/ayto.mutxamel.org\\\/ca\\\/xxx-aniversari-de-lagrupacio-musical-la-llagrima-1-de-marc-jornada-de-portes-obertes\\\/#primaryimage\",\"url\":\"\",\"contentUrl\":\"\"},{\"@type\":\"BreadcrumbList\",\"@id\":\"https:\\\/\\\/ayto.mutxamel.org\\\/ca\\\/xxx-aniversari-de-lagrupacio-musical-la-llagrima-1-de-marc-jornada-de-portes-obertes\\\/#breadcrumb\",\"itemListElement\":[{\"@type\":\"ListItem\",\"position\":1,\"name\":\"Portada\",\"item\":\"https:\\\/\\\/ayto.mutxamel.org\\\/ca\\\/\"},{\"@type\":\"ListItem\",\"position\":2,\"name\":\"XXX ANIVERSARI DE L\u2019AGRUPACI\u00d3 MUSICAL LA LL\u00c0GRIMA 1 DE MAR\u00c7 \u2013 JORNADA DE PORTES OBERTES\"}]},{\"@type\":\"WebSite\",\"@id\":\"https:\\\/\\\/ayto.mutxamel.org\\\/ca\\\/#website\",\"url\":\"https:\\\/\\\/ayto.mutxamel.org\\\/ca\\\/\",\"name\":\"Ayuntamiento de Mutxamel\",\"description\":\"\",\"potentialAction\":[{\"@type\":\"SearchAction\",\"target\":{\"@type\":\"EntryPoint\",\"urlTemplate\":\"https:\\\/\\\/ayto.mutxamel.org\\\/ca\\\/?s={search_term_string}\"},\"query-input\":{\"@type\":\"PropertyValueSpecification\",\"valueRequired\":true,\"valueName\":\"search_term_string\"}}],\"inLanguage\":\"ca\"},{\"@type\":\"Person\",\"@id\":\"https:\\\/\\\/ayto.mutxamel.org\\\/ca\\\/#\\\/schema\\\/person\\\/0a64c1c652c34ba957ddc1a83e56bbfa\",\"name\":\"Ayuntamiento Mutxamel\",\"url\":\"https:\\\/\\\/ayto.mutxamel.org\\\/ca\\\/author\\\/ayuntamiento-mutxamel\\\/\"}]}<\/script>\n<!-- \/ Yoast SEO plugin. -->","yoast_head_json":{"title":"XXX ANIVERSARI DE L\u2019AGRUPACI\u00d3 MUSICAL LA LL\u00c0GRIMA 1 DE MAR\u00c7 \u2013 JORNADA DE PORTES OBERTES - Ayuntamiento de Mutxamel","robots":{"index":"index","follow":"follow","max-snippet":"max-snippet:-1","max-image-preview":"max-image-preview:large","max-video-preview":"max-video-preview:-1"},"canonical":"https:\/\/ayto.mutxamel.org\/ca\/xxx-aniversari-de-lagrupacio-musical-la-llagrima-1-de-marc-jornada-de-portes-obertes\/","og_locale":"ca_ES","og_type":"article","og_title":"XXX ANIVERSARI DE L\u2019AGRUPACI\u00d3 MUSICAL LA LL\u00c0GRIMA 1 DE MAR\u00c7 \u2013 JORNADA DE PORTES OBERTES - Ayuntamiento de Mutxamel","og_description":"26\/02\/2020 L&#8217;Agrupaci\u00f3 Musical La Ll\u00e0grima celebra enguany el XXX aniversari de la seua fundaci\u00f3 i per a aix\u00f2 t\u00e9 previstos diversos actes commemoratius al llarg de tot l&#8217;any. El primer d&#8217;estos ser\u00e0 el diumenge 1 de mar\u00e7, dia de la Ll\u00e0grima, festivitat en honor a la Patrona de Mutxamel, la Mare de D\u00e9u de Loreto....","og_url":"https:\/\/ayto.mutxamel.org\/ca\/xxx-aniversari-de-lagrupacio-musical-la-llagrima-1-de-marc-jornada-de-portes-obertes\/","og_site_name":"Ayuntamiento de Mutxamel","article_published_time":"2020-02-26T11:26:22+00:00","article_modified_time":"2023-12-01T13:23:14+00:00","author":"Ayuntamiento Mutxamel","twitter_card":"summary_large_image","twitter_misc":{"Escrit per":"Ayuntamiento Mutxamel","Temps estimat de lectura":"3 minuts"},"schema":{"@context":"https:\/\/schema.org","@graph":[{"@type":"Article","@id":"https:\/\/ayto.mutxamel.org\/ca\/xxx-aniversari-de-lagrupacio-musical-la-llagrima-1-de-marc-jornada-de-portes-obertes\/#article","isPartOf":{"@id":"https:\/\/ayto.mutxamel.org\/ca\/xxx-aniversari-de-lagrupacio-musical-la-llagrima-1-de-marc-jornada-de-portes-obertes\/"},"author":{"name":"Ayuntamiento Mutxamel","@id":"https:\/\/ayto.mutxamel.org\/ca\/#\/schema\/person\/0a64c1c652c34ba957ddc1a83e56bbfa"},"headline":"XXX ANIVERSARI DE L\u2019AGRUPACI\u00d3 MUSICAL LA LL\u00c0GRIMA 1 DE MAR\u00c7 \u2013 JORNADA DE PORTES OBERTES","datePublished":"2020-02-26T11:26:22+00:00","dateModified":"2023-12-01T13:23:14+00:00","mainEntityOfPage":{"@id":"https:\/\/ayto.mutxamel.org\/ca\/xxx-aniversari-de-lagrupacio-musical-la-llagrima-1-de-marc-jornada-de-portes-obertes\/"},"wordCount":704,"image":{"@id":"https:\/\/ayto.mutxamel.org\/ca\/xxx-aniversari-de-lagrupacio-musical-la-llagrima-1-de-marc-jornada-de-portes-obertes\/#primaryimage"},"thumbnailUrl":"","keywords":["Festes","Hemeroteca"],"articleSection":["Hemeroteca","Noticies"],"inLanguage":"ca"},{"@type":"WebPage","@id":"https:\/\/ayto.mutxamel.org\/ca\/xxx-aniversari-de-lagrupacio-musical-la-llagrima-1-de-marc-jornada-de-portes-obertes\/","url":"https:\/\/ayto.mutxamel.org\/ca\/xxx-aniversari-de-lagrupacio-musical-la-llagrima-1-de-marc-jornada-de-portes-obertes\/","name":"XXX ANIVERSARI DE L\u2019AGRUPACI\u00d3 MUSICAL LA LL\u00c0GRIMA 1 DE MAR\u00c7 \u2013 JORNADA DE PORTES OBERTES - Ayuntamiento de Mutxamel","isPartOf":{"@id":"https:\/\/ayto.mutxamel.org\/ca\/#website"},"primaryImageOfPage":{"@id":"https:\/\/ayto.mutxamel.org\/ca\/xxx-aniversari-de-lagrupacio-musical-la-llagrima-1-de-marc-jornada-de-portes-obertes\/#primaryimage"},"image":{"@id":"https:\/\/ayto.mutxamel.org\/ca\/xxx-aniversari-de-lagrupacio-musical-la-llagrima-1-de-marc-jornada-de-portes-obertes\/#primaryimage"},"thumbnailUrl":"","datePublished":"2020-02-26T11:26:22+00:00","dateModified":"2023-12-01T13:23:14+00:00","author":{"@id":"https:\/\/ayto.mutxamel.org\/ca\/#\/schema\/person\/0a64c1c652c34ba957ddc1a83e56bbfa"},"breadcrumb":{"@id":"https:\/\/ayto.mutxamel.org\/ca\/xxx-aniversari-de-lagrupacio-musical-la-llagrima-1-de-marc-jornada-de-portes-obertes\/#breadcrumb"},"inLanguage":"ca","potentialAction":[{"@type":"ReadAction","target":["https:\/\/ayto.mutxamel.org\/ca\/xxx-aniversari-de-lagrupacio-musical-la-llagrima-1-de-marc-jornada-de-portes-obertes\/"]}]},{"@type":"ImageObject","inLanguage":"ca","@id":"https:\/\/ayto.mutxamel.org\/ca\/xxx-aniversari-de-lagrupacio-musical-la-llagrima-1-de-marc-jornada-de-portes-obertes\/#primaryimage","url":"","contentUrl":""},{"@type":"BreadcrumbList","@id":"https:\/\/ayto.mutxamel.org\/ca\/xxx-aniversari-de-lagrupacio-musical-la-llagrima-1-de-marc-jornada-de-portes-obertes\/#breadcrumb","itemListElement":[{"@type":"ListItem","position":1,"name":"Portada","item":"https:\/\/ayto.mutxamel.org\/ca\/"},{"@type":"ListItem","position":2,"name":"XXX ANIVERSARI DE L\u2019AGRUPACI\u00d3 MUSICAL LA LL\u00c0GRIMA 1 DE MAR\u00c7 \u2013 JORNADA DE PORTES OBERTES"}]},{"@type":"WebSite","@id":"https:\/\/ayto.mutxamel.org\/ca\/#website","url":"https:\/\/ayto.mutxamel.org\/ca\/","name":"Ayuntamiento de Mutxamel","description":"","potentialAction":[{"@type":"SearchAction","target":{"@type":"EntryPoint","urlTemplate":"https:\/\/ayto.mutxamel.org\/ca\/?s={search_term_string}"},"query-input":{"@type":"PropertyValueSpecification","valueRequired":true,"valueName":"search_term_string"}}],"inLanguage":"ca"},{"@type":"Person","@id":"https:\/\/ayto.mutxamel.org\/ca\/#\/schema\/person\/0a64c1c652c34ba957ddc1a83e56bbfa","name":"Ayuntamiento Mutxamel","url":"https:\/\/ayto.mutxamel.org\/ca\/author\/ayuntamiento-mutxamel\/"}]}},"_links":{"self":[{"href":"https:\/\/ayto.mutxamel.org\/ca\/wp-json\/wp\/v2\/posts\/8088","targetHints":{"allow":["GET"]}}],"collection":[{"href":"https:\/\/ayto.mutxamel.org\/ca\/wp-json\/wp\/v2\/posts"}],"about":[{"href":"https:\/\/ayto.mutxamel.org\/ca\/wp-json\/wp\/v2\/types\/post"}],"author":[{"embeddable":true,"href":"https:\/\/ayto.mutxamel.org\/ca\/wp-json\/wp\/v2\/users\/5"}],"replies":[{"embeddable":true,"href":"https:\/\/ayto.mutxamel.org\/ca\/wp-json\/wp\/v2\/comments?post=8088"}],"version-history":[{"count":1,"href":"https:\/\/ayto.mutxamel.org\/ca\/wp-json\/wp\/v2\/posts\/8088\/revisions"}],"predecessor-version":[{"id":35655,"href":"https:\/\/ayto.mutxamel.org\/ca\/wp-json\/wp\/v2\/posts\/8088\/revisions\/35655"}],"wp:featuredmedia":[{"embeddable":true,"href":"https:\/\/ayto.mutxamel.org\/ca\/wp-json\/"}],"wp:attachment":[{"href":"https:\/\/ayto.mutxamel.org\/ca\/wp-json\/wp\/v2\/media?parent=8088"}],"wp:term":[{"taxonomy":"category","embeddable":true,"href":"https:\/\/ayto.mutxamel.org\/ca\/wp-json\/wp\/v2\/categories?post=8088"},{"taxonomy":"post_tag","embeddable":true,"href":"https:\/\/ayto.mutxamel.org\/ca\/wp-json\/wp\/v2\/tags?post=8088"}],"curies":[{"name":"wp","href":"https:\/\/api.w.org\/{rel}","templated":true}]}}