{"id":7105,"date":"2019-09-20T10:30:25","date_gmt":"2019-09-20T08:30:25","guid":{"rendered":"https:\/\/ayto.mutxamel.org\/?p=7105"},"modified":"2023-12-01T14:23:58","modified_gmt":"2023-12-01T13:23:58","slug":"mutxamel-celebra-el-v-certamen-nacional-de-teatre-amateur-mutxamel-a-escena","status":"publish","type":"post","link":"https:\/\/ayto.mutxamel.org\/ca\/mutxamel-celebra-el-v-certamen-nacional-de-teatre-amateur-mutxamel-a-escena\/","title":{"rendered":"MUTXAMEL CELEBRA EL V CERTAMEN NACIONAL DE TEATRE AMATEUR MUTXAMEL A ESCENA"},"content":{"rendered":"<p><strong>20\/09\/2019<\/strong><\/p>\n<p>Amb la col\u00b7laboraci\u00f3 de l&#8217;Associaci\u00f3 CIN\u00c9TIKA i la Federaci\u00f3 de Teatre Amateur de la Comunitat Valenciana, la Regidoria de Cultura de l&#8217;Ajuntament de Mutxamel, celebrar\u00e0 el pr\u00f2xim mes d&#8217;octubre el V Certamen Nacional de Teatre Amateur Mutxamel A Escena, apostant per un festival de teatre aficionat, que cada vegada m\u00e9s, i any rere any, ha anat creant expectaci\u00f3 dins del m\u00f3n del teatre amateur a l\u2019\u00e0mbit estatal.<\/p>\n<p>Durant els dies 5, 11, 18 i 19 d&#8217;octubre a les 20:30h, es representaran a l&#8217;Auditori-Teatre de la Casa de Cultura les obres finalistes i la Gala de premis se celebrar\u00e0 el 26 d&#8217;octubre a les 20h, a c\u00e0rrec de CINETIKA i F\u00e9lix Albo.<\/p>\n<p>Les obres seleccionades han sigut 24F d&#8217;Almadraba Teatro del Campello , BRUNO de Sinapsis Teatro de Val\u00e8ncia, Siete gritos en el mar de Teatro en Construcci\u00f3n del Rebolledo i Totes Mortes de l\u2019Associaci\u00f3 de Teatre P\u00e0nic Esc\u00e8nic de Val\u00e8ncia. Els grups de teatre finalistes optaran als diferents premis: Millor Direcci\u00f3, Millor Gui\u00f3, Millor Actriu Principal, Millor Actor Principal, etc. A m\u00e9s a m\u00e9s, el p\u00fablic valorar\u00e0 durant les representacions cadascuna de les obres, puntuacions que quedaran custodiades pel secretari o la secret\u00e0ria del Jurat i es donaran a con\u00e9ixer en finalitzar el Certamen, i qui obtinga major puntuaci\u00f3 rebr\u00e0 la menci\u00f3 especial \u201cPremi del P\u00fablic al Millor Espectacle\u201d i una placa. D&#8217;altra banda, el jurat mateix ser\u00e0 qui triar\u00e0 la Millor Obra del Certamen.<\/p>\n<p>A m\u00e9s com \u00e9s costum este Certamen homenatja algun personatge popular de la hist\u00f2ria mutxamelera, relacionat amb el m\u00f3n del teatre i de l&#8217;espectacle, en esta ocasi\u00f3 l&#8217;homenatjada ser\u00e0 Nieves C\u00e1rceles Garc\u00eda per la seua implicaci\u00f3 en muntatges teatrals del municipi. El premi que portar\u00e0 el seu nom \u00e9s el de \u201cMillor direcci\u00f3\u201d.<\/p>\n","protected":false},"excerpt":{"rendered":"<p>20\/09\/2019 Amb la col\u00b7laboraci\u00f3 de l&#8217;Associaci\u00f3 CIN\u00c9TIKA i la Federaci\u00f3 de Teatre Amateur de la Comunitat Valenciana, la Regidoria de Cultura de l&#8217;Ajuntament de Mutxamel, celebrar\u00e0 el pr\u00f2xim mes d&#8217;octubre el V Certamen Nacional de Teatre Amateur Mutxamel A Escena, apostant per un festival de teatre aficionat, que cada vegada m\u00e9s, i any rere any,&#8230;<\/p>\n","protected":false},"author":5,"featured_media":7103,"comment_status":"closed","ping_status":"open","sticky":false,"template":"","format":"standard","meta":{"_acf_changed":false,"footnotes":""},"categories":[351,282],"tags":[323],"class_list":["post-7105","post","type-post","status-publish","format-standard","has-post-thumbnail","hentry","category-hemeroteca-ca","category-noticies","tag-hemeroteca-va"],"acf":[],"yoast_head":"<!-- This site is optimized with the Yoast SEO plugin v27.3 - https:\/\/yoast.com\/product\/yoast-seo-wordpress\/ -->\n<title>MUTXAMEL CELEBRA EL V CERTAMEN NACIONAL DE TEATRE AMATEUR MUTXAMEL A ESCENA - Ayuntamiento de Mutxamel<\/title>\n<meta name=\"robots\" content=\"index, follow, max-snippet:-1, max-image-preview:large, max-video-preview:-1\" \/>\n<link rel=\"canonical\" href=\"https:\/\/ayto.mutxamel.org\/ca\/mutxamel-celebra-el-v-certamen-nacional-de-teatre-amateur-mutxamel-a-escena\/\" \/>\n<meta property=\"og:locale\" content=\"ca_ES\" \/>\n<meta property=\"og:type\" content=\"article\" \/>\n<meta property=\"og:title\" content=\"MUTXAMEL CELEBRA EL V CERTAMEN NACIONAL DE TEATRE AMATEUR MUTXAMEL A ESCENA - Ayuntamiento de Mutxamel\" \/>\n<meta property=\"og:description\" content=\"20\/09\/2019 Amb la col\u00b7laboraci\u00f3 de l&#8217;Associaci\u00f3 CIN\u00c9TIKA i la Federaci\u00f3 de Teatre Amateur de la Comunitat Valenciana, la Regidoria de Cultura de l&#8217;Ajuntament de Mutxamel, celebrar\u00e0 el pr\u00f2xim mes d&#8217;octubre el V Certamen Nacional de Teatre Amateur Mutxamel A Escena, apostant per un festival de teatre aficionat, que cada vegada m\u00e9s, i any rere any,...\" \/>\n<meta property=\"og:url\" content=\"https:\/\/ayto.mutxamel.org\/ca\/mutxamel-celebra-el-v-certamen-nacional-de-teatre-amateur-mutxamel-a-escena\/\" \/>\n<meta property=\"og:site_name\" content=\"Ayuntamiento de Mutxamel\" \/>\n<meta property=\"article:published_time\" content=\"2019-09-20T08:30:25+00:00\" \/>\n<meta property=\"article:modified_time\" content=\"2023-12-01T13:23:58+00:00\" \/>\n<meta name=\"author\" content=\"Ayuntamiento Mutxamel\" \/>\n<meta name=\"twitter:card\" content=\"summary_large_image\" \/>\n<meta name=\"twitter:label1\" content=\"Escrit per\" \/>\n\t<meta name=\"twitter:data1\" content=\"Ayuntamiento Mutxamel\" \/>\n\t<meta name=\"twitter:label2\" content=\"Temps estimat de lectura\" \/>\n\t<meta name=\"twitter:data2\" content=\"2 minuts\" \/>\n<script type=\"application\/ld+json\" class=\"yoast-schema-graph\">{\"@context\":\"https:\\\/\\\/schema.org\",\"@graph\":[{\"@type\":\"Article\",\"@id\":\"https:\\\/\\\/ayto.mutxamel.org\\\/ca\\\/mutxamel-celebra-el-v-certamen-nacional-de-teatre-amateur-mutxamel-a-escena\\\/#article\",\"isPartOf\":{\"@id\":\"https:\\\/\\\/ayto.mutxamel.org\\\/ca\\\/mutxamel-celebra-el-v-certamen-nacional-de-teatre-amateur-mutxamel-a-escena\\\/\"},\"author\":{\"name\":\"Ayuntamiento Mutxamel\",\"@id\":\"https:\\\/\\\/ayto.mutxamel.org\\\/ca\\\/#\\\/schema\\\/person\\\/0a64c1c652c34ba957ddc1a83e56bbfa\"},\"headline\":\"MUTXAMEL CELEBRA EL V CERTAMEN NACIONAL DE TEATRE AMATEUR MUTXAMEL A ESCENA\",\"datePublished\":\"2019-09-20T08:30:25+00:00\",\"dateModified\":\"2023-12-01T13:23:58+00:00\",\"mainEntityOfPage\":{\"@id\":\"https:\\\/\\\/ayto.mutxamel.org\\\/ca\\\/mutxamel-celebra-el-v-certamen-nacional-de-teatre-amateur-mutxamel-a-escena\\\/\"},\"wordCount\":329,\"image\":{\"@id\":\"https:\\\/\\\/ayto.mutxamel.org\\\/ca\\\/mutxamel-celebra-el-v-certamen-nacional-de-teatre-amateur-mutxamel-a-escena\\\/#primaryimage\"},\"thumbnailUrl\":\"\",\"keywords\":[\"Hemeroteca\"],\"articleSection\":[\"Hemeroteca\",\"Noticies\"],\"inLanguage\":\"ca\"},{\"@type\":\"WebPage\",\"@id\":\"https:\\\/\\\/ayto.mutxamel.org\\\/ca\\\/mutxamel-celebra-el-v-certamen-nacional-de-teatre-amateur-mutxamel-a-escena\\\/\",\"url\":\"https:\\\/\\\/ayto.mutxamel.org\\\/ca\\\/mutxamel-celebra-el-v-certamen-nacional-de-teatre-amateur-mutxamel-a-escena\\\/\",\"name\":\"MUTXAMEL CELEBRA EL V CERTAMEN NACIONAL DE TEATRE AMATEUR MUTXAMEL A ESCENA - Ayuntamiento de Mutxamel\",\"isPartOf\":{\"@id\":\"https:\\\/\\\/ayto.mutxamel.org\\\/ca\\\/#website\"},\"primaryImageOfPage\":{\"@id\":\"https:\\\/\\\/ayto.mutxamel.org\\\/ca\\\/mutxamel-celebra-el-v-certamen-nacional-de-teatre-amateur-mutxamel-a-escena\\\/#primaryimage\"},\"image\":{\"@id\":\"https:\\\/\\\/ayto.mutxamel.org\\\/ca\\\/mutxamel-celebra-el-v-certamen-nacional-de-teatre-amateur-mutxamel-a-escena\\\/#primaryimage\"},\"thumbnailUrl\":\"\",\"datePublished\":\"2019-09-20T08:30:25+00:00\",\"dateModified\":\"2023-12-01T13:23:58+00:00\",\"author\":{\"@id\":\"https:\\\/\\\/ayto.mutxamel.org\\\/ca\\\/#\\\/schema\\\/person\\\/0a64c1c652c34ba957ddc1a83e56bbfa\"},\"breadcrumb\":{\"@id\":\"https:\\\/\\\/ayto.mutxamel.org\\\/ca\\\/mutxamel-celebra-el-v-certamen-nacional-de-teatre-amateur-mutxamel-a-escena\\\/#breadcrumb\"},\"inLanguage\":\"ca\",\"potentialAction\":[{\"@type\":\"ReadAction\",\"target\":[\"https:\\\/\\\/ayto.mutxamel.org\\\/ca\\\/mutxamel-celebra-el-v-certamen-nacional-de-teatre-amateur-mutxamel-a-escena\\\/\"]}]},{\"@type\":\"ImageObject\",\"inLanguage\":\"ca\",\"@id\":\"https:\\\/\\\/ayto.mutxamel.org\\\/ca\\\/mutxamel-celebra-el-v-certamen-nacional-de-teatre-amateur-mutxamel-a-escena\\\/#primaryimage\",\"url\":\"\",\"contentUrl\":\"\"},{\"@type\":\"BreadcrumbList\",\"@id\":\"https:\\\/\\\/ayto.mutxamel.org\\\/ca\\\/mutxamel-celebra-el-v-certamen-nacional-de-teatre-amateur-mutxamel-a-escena\\\/#breadcrumb\",\"itemListElement\":[{\"@type\":\"ListItem\",\"position\":1,\"name\":\"Portada\",\"item\":\"https:\\\/\\\/ayto.mutxamel.org\\\/ca\\\/\"},{\"@type\":\"ListItem\",\"position\":2,\"name\":\"MUTXAMEL CELEBRA EL V CERTAMEN NACIONAL DE TEATRE AMATEUR MUTXAMEL A ESCENA\"}]},{\"@type\":\"WebSite\",\"@id\":\"https:\\\/\\\/ayto.mutxamel.org\\\/ca\\\/#website\",\"url\":\"https:\\\/\\\/ayto.mutxamel.org\\\/ca\\\/\",\"name\":\"Ayuntamiento de Mutxamel\",\"description\":\"\",\"potentialAction\":[{\"@type\":\"SearchAction\",\"target\":{\"@type\":\"EntryPoint\",\"urlTemplate\":\"https:\\\/\\\/ayto.mutxamel.org\\\/ca\\\/?s={search_term_string}\"},\"query-input\":{\"@type\":\"PropertyValueSpecification\",\"valueRequired\":true,\"valueName\":\"search_term_string\"}}],\"inLanguage\":\"ca\"},{\"@type\":\"Person\",\"@id\":\"https:\\\/\\\/ayto.mutxamel.org\\\/ca\\\/#\\\/schema\\\/person\\\/0a64c1c652c34ba957ddc1a83e56bbfa\",\"name\":\"Ayuntamiento Mutxamel\",\"url\":\"https:\\\/\\\/ayto.mutxamel.org\\\/ca\\\/author\\\/ayuntamiento-mutxamel\\\/\"}]}<\/script>\n<!-- \/ Yoast SEO plugin. -->","yoast_head_json":{"title":"MUTXAMEL CELEBRA EL V CERTAMEN NACIONAL DE TEATRE AMATEUR MUTXAMEL A ESCENA - Ayuntamiento de Mutxamel","robots":{"index":"index","follow":"follow","max-snippet":"max-snippet:-1","max-image-preview":"max-image-preview:large","max-video-preview":"max-video-preview:-1"},"canonical":"https:\/\/ayto.mutxamel.org\/ca\/mutxamel-celebra-el-v-certamen-nacional-de-teatre-amateur-mutxamel-a-escena\/","og_locale":"ca_ES","og_type":"article","og_title":"MUTXAMEL CELEBRA EL V CERTAMEN NACIONAL DE TEATRE AMATEUR MUTXAMEL A ESCENA - Ayuntamiento de Mutxamel","og_description":"20\/09\/2019 Amb la col\u00b7laboraci\u00f3 de l&#8217;Associaci\u00f3 CIN\u00c9TIKA i la Federaci\u00f3 de Teatre Amateur de la Comunitat Valenciana, la Regidoria de Cultura de l&#8217;Ajuntament de Mutxamel, celebrar\u00e0 el pr\u00f2xim mes d&#8217;octubre el V Certamen Nacional de Teatre Amateur Mutxamel A Escena, apostant per un festival de teatre aficionat, que cada vegada m\u00e9s, i any rere any,...","og_url":"https:\/\/ayto.mutxamel.org\/ca\/mutxamel-celebra-el-v-certamen-nacional-de-teatre-amateur-mutxamel-a-escena\/","og_site_name":"Ayuntamiento de Mutxamel","article_published_time":"2019-09-20T08:30:25+00:00","article_modified_time":"2023-12-01T13:23:58+00:00","author":"Ayuntamiento Mutxamel","twitter_card":"summary_large_image","twitter_misc":{"Escrit per":"Ayuntamiento Mutxamel","Temps estimat de lectura":"2 minuts"},"schema":{"@context":"https:\/\/schema.org","@graph":[{"@type":"Article","@id":"https:\/\/ayto.mutxamel.org\/ca\/mutxamel-celebra-el-v-certamen-nacional-de-teatre-amateur-mutxamel-a-escena\/#article","isPartOf":{"@id":"https:\/\/ayto.mutxamel.org\/ca\/mutxamel-celebra-el-v-certamen-nacional-de-teatre-amateur-mutxamel-a-escena\/"},"author":{"name":"Ayuntamiento Mutxamel","@id":"https:\/\/ayto.mutxamel.org\/ca\/#\/schema\/person\/0a64c1c652c34ba957ddc1a83e56bbfa"},"headline":"MUTXAMEL CELEBRA EL V CERTAMEN NACIONAL DE TEATRE AMATEUR MUTXAMEL A ESCENA","datePublished":"2019-09-20T08:30:25+00:00","dateModified":"2023-12-01T13:23:58+00:00","mainEntityOfPage":{"@id":"https:\/\/ayto.mutxamel.org\/ca\/mutxamel-celebra-el-v-certamen-nacional-de-teatre-amateur-mutxamel-a-escena\/"},"wordCount":329,"image":{"@id":"https:\/\/ayto.mutxamel.org\/ca\/mutxamel-celebra-el-v-certamen-nacional-de-teatre-amateur-mutxamel-a-escena\/#primaryimage"},"thumbnailUrl":"","keywords":["Hemeroteca"],"articleSection":["Hemeroteca","Noticies"],"inLanguage":"ca"},{"@type":"WebPage","@id":"https:\/\/ayto.mutxamel.org\/ca\/mutxamel-celebra-el-v-certamen-nacional-de-teatre-amateur-mutxamel-a-escena\/","url":"https:\/\/ayto.mutxamel.org\/ca\/mutxamel-celebra-el-v-certamen-nacional-de-teatre-amateur-mutxamel-a-escena\/","name":"MUTXAMEL CELEBRA EL V CERTAMEN NACIONAL DE TEATRE AMATEUR MUTXAMEL A ESCENA - Ayuntamiento de Mutxamel","isPartOf":{"@id":"https:\/\/ayto.mutxamel.org\/ca\/#website"},"primaryImageOfPage":{"@id":"https:\/\/ayto.mutxamel.org\/ca\/mutxamel-celebra-el-v-certamen-nacional-de-teatre-amateur-mutxamel-a-escena\/#primaryimage"},"image":{"@id":"https:\/\/ayto.mutxamel.org\/ca\/mutxamel-celebra-el-v-certamen-nacional-de-teatre-amateur-mutxamel-a-escena\/#primaryimage"},"thumbnailUrl":"","datePublished":"2019-09-20T08:30:25+00:00","dateModified":"2023-12-01T13:23:58+00:00","author":{"@id":"https:\/\/ayto.mutxamel.org\/ca\/#\/schema\/person\/0a64c1c652c34ba957ddc1a83e56bbfa"},"breadcrumb":{"@id":"https:\/\/ayto.mutxamel.org\/ca\/mutxamel-celebra-el-v-certamen-nacional-de-teatre-amateur-mutxamel-a-escena\/#breadcrumb"},"inLanguage":"ca","potentialAction":[{"@type":"ReadAction","target":["https:\/\/ayto.mutxamel.org\/ca\/mutxamel-celebra-el-v-certamen-nacional-de-teatre-amateur-mutxamel-a-escena\/"]}]},{"@type":"ImageObject","inLanguage":"ca","@id":"https:\/\/ayto.mutxamel.org\/ca\/mutxamel-celebra-el-v-certamen-nacional-de-teatre-amateur-mutxamel-a-escena\/#primaryimage","url":"","contentUrl":""},{"@type":"BreadcrumbList","@id":"https:\/\/ayto.mutxamel.org\/ca\/mutxamel-celebra-el-v-certamen-nacional-de-teatre-amateur-mutxamel-a-escena\/#breadcrumb","itemListElement":[{"@type":"ListItem","position":1,"name":"Portada","item":"https:\/\/ayto.mutxamel.org\/ca\/"},{"@type":"ListItem","position":2,"name":"MUTXAMEL CELEBRA EL V CERTAMEN NACIONAL DE TEATRE AMATEUR MUTXAMEL A ESCENA"}]},{"@type":"WebSite","@id":"https:\/\/ayto.mutxamel.org\/ca\/#website","url":"https:\/\/ayto.mutxamel.org\/ca\/","name":"Ayuntamiento de Mutxamel","description":"","potentialAction":[{"@type":"SearchAction","target":{"@type":"EntryPoint","urlTemplate":"https:\/\/ayto.mutxamel.org\/ca\/?s={search_term_string}"},"query-input":{"@type":"PropertyValueSpecification","valueRequired":true,"valueName":"search_term_string"}}],"inLanguage":"ca"},{"@type":"Person","@id":"https:\/\/ayto.mutxamel.org\/ca\/#\/schema\/person\/0a64c1c652c34ba957ddc1a83e56bbfa","name":"Ayuntamiento Mutxamel","url":"https:\/\/ayto.mutxamel.org\/ca\/author\/ayuntamiento-mutxamel\/"}]}},"_links":{"self":[{"href":"https:\/\/ayto.mutxamel.org\/ca\/wp-json\/wp\/v2\/posts\/7105","targetHints":{"allow":["GET"]}}],"collection":[{"href":"https:\/\/ayto.mutxamel.org\/ca\/wp-json\/wp\/v2\/posts"}],"about":[{"href":"https:\/\/ayto.mutxamel.org\/ca\/wp-json\/wp\/v2\/types\/post"}],"author":[{"embeddable":true,"href":"https:\/\/ayto.mutxamel.org\/ca\/wp-json\/wp\/v2\/users\/5"}],"replies":[{"embeddable":true,"href":"https:\/\/ayto.mutxamel.org\/ca\/wp-json\/wp\/v2\/comments?post=7105"}],"version-history":[{"count":1,"href":"https:\/\/ayto.mutxamel.org\/ca\/wp-json\/wp\/v2\/posts\/7105\/revisions"}],"predecessor-version":[{"id":35657,"href":"https:\/\/ayto.mutxamel.org\/ca\/wp-json\/wp\/v2\/posts\/7105\/revisions\/35657"}],"wp:featuredmedia":[{"embeddable":true,"href":"https:\/\/ayto.mutxamel.org\/ca\/wp-json\/"}],"wp:attachment":[{"href":"https:\/\/ayto.mutxamel.org\/ca\/wp-json\/wp\/v2\/media?parent=7105"}],"wp:term":[{"taxonomy":"category","embeddable":true,"href":"https:\/\/ayto.mutxamel.org\/ca\/wp-json\/wp\/v2\/categories?post=7105"},{"taxonomy":"post_tag","embeddable":true,"href":"https:\/\/ayto.mutxamel.org\/ca\/wp-json\/wp\/v2\/tags?post=7105"}],"curies":[{"name":"wp","href":"https:\/\/api.w.org\/{rel}","templated":true}]}}