{"id":6768,"date":"2019-08-05T11:15:00","date_gmt":"2019-08-05T09:15:00","guid":{"rendered":"https:\/\/ayto.mutxamel.org\/?p=6768"},"modified":"2023-12-01T14:24:32","modified_gmt":"2023-12-01T13:24:32","slug":"adquisicio-de-dos-nous-vehicles-patrulla-per-a-la-policia-local","status":"publish","type":"post","link":"https:\/\/ayto.mutxamel.org\/ca\/adquisicio-de-dos-nous-vehicles-patrulla-per-a-la-policia-local\/","title":{"rendered":"ADQUISICI\u00d3 DE DOS NOUS VEHICLES PATRULLA PER A LA POLICIA LOCAL"},"content":{"rendered":"<p><strong>05\/08\/2019<\/strong><\/p>\n<p>L&#8217;Ajuntament de Mutxamel acaba d&#8217;adquirir per a la Policia Local dos vehicles patrulla. Aquests vehicles renoven part de la flota m\u00f2bil amb la qual ja compta aquest cos de seguretat, i incorporen no solament la tecnologia suficient per a ser emprats en les funcions de seguretat ciutadana que requereixen les intervencions policials, sin\u00f3 que a m\u00e9s contribueixen al medi ambient en tractar-se de vehicles que funcionen amb motor h\u00edbrid.<\/p>\n","protected":false},"excerpt":{"rendered":"<p>05\/08\/2019 L&#8217;Ajuntament de Mutxamel acaba d&#8217;adquirir per a la Policia Local dos vehicles patrulla. Aquests vehicles renoven part de la flota m\u00f2bil amb la qual ja compta aquest cos de seguretat, i incorporen no solament la tecnologia suficient per a ser emprats en les funcions de seguretat ciutadana que requereixen les intervencions policials, sin\u00f3 que&#8230;<\/p>\n","protected":false},"author":5,"featured_media":6766,"comment_status":"closed","ping_status":"open","sticky":false,"template":"","format":"standard","meta":{"_acf_changed":false,"footnotes":""},"categories":[351,282],"tags":[323],"class_list":["post-6768","post","type-post","status-publish","format-standard","has-post-thumbnail","hentry","category-hemeroteca-ca","category-noticies","tag-hemeroteca-va"],"acf":[],"yoast_head":"<!-- This site is optimized with the Yoast SEO plugin v27.3 - https:\/\/yoast.com\/product\/yoast-seo-wordpress\/ -->\n<title>ADQUISICI\u00d3 DE DOS NOUS VEHICLES PATRULLA PER A LA POLICIA LOCAL - Ayuntamiento de Mutxamel<\/title>\n<meta name=\"robots\" content=\"index, follow, max-snippet:-1, max-image-preview:large, max-video-preview:-1\" \/>\n<link rel=\"canonical\" href=\"https:\/\/ayto.mutxamel.org\/ca\/adquisicio-de-dos-nous-vehicles-patrulla-per-a-la-policia-local\/\" \/>\n<meta property=\"og:locale\" content=\"ca_ES\" \/>\n<meta property=\"og:type\" content=\"article\" \/>\n<meta property=\"og:title\" content=\"ADQUISICI\u00d3 DE DOS NOUS VEHICLES PATRULLA PER A LA POLICIA LOCAL - Ayuntamiento de Mutxamel\" \/>\n<meta property=\"og:description\" content=\"05\/08\/2019 L&#8217;Ajuntament de Mutxamel acaba d&#8217;adquirir per a la Policia Local dos vehicles patrulla. Aquests vehicles renoven part de la flota m\u00f2bil amb la qual ja compta aquest cos de seguretat, i incorporen no solament la tecnologia suficient per a ser emprats en les funcions de seguretat ciutadana que requereixen les intervencions policials, sin\u00f3 que...\" \/>\n<meta property=\"og:url\" content=\"https:\/\/ayto.mutxamel.org\/ca\/adquisicio-de-dos-nous-vehicles-patrulla-per-a-la-policia-local\/\" \/>\n<meta property=\"og:site_name\" content=\"Ayuntamiento de Mutxamel\" \/>\n<meta property=\"article:published_time\" content=\"2019-08-05T09:15:00+00:00\" \/>\n<meta property=\"article:modified_time\" content=\"2023-12-01T13:24:32+00:00\" \/>\n<meta name=\"author\" content=\"Ayuntamiento Mutxamel\" \/>\n<meta name=\"twitter:card\" content=\"summary_large_image\" \/>\n<meta name=\"twitter:label1\" content=\"Escrit per\" \/>\n\t<meta name=\"twitter:data1\" content=\"Ayuntamiento Mutxamel\" \/>\n<script type=\"application\/ld+json\" class=\"yoast-schema-graph\">{\"@context\":\"https:\\\/\\\/schema.org\",\"@graph\":[{\"@type\":\"Article\",\"@id\":\"https:\\\/\\\/ayto.mutxamel.org\\\/ca\\\/adquisicio-de-dos-nous-vehicles-patrulla-per-a-la-policia-local\\\/#article\",\"isPartOf\":{\"@id\":\"https:\\\/\\\/ayto.mutxamel.org\\\/ca\\\/adquisicio-de-dos-nous-vehicles-patrulla-per-a-la-policia-local\\\/\"},\"author\":{\"name\":\"Ayuntamiento Mutxamel\",\"@id\":\"https:\\\/\\\/ayto.mutxamel.org\\\/ca\\\/#\\\/schema\\\/person\\\/0a64c1c652c34ba957ddc1a83e56bbfa\"},\"headline\":\"ADQUISICI\u00d3 DE DOS NOUS VEHICLES PATRULLA PER A LA POLICIA LOCAL\",\"datePublished\":\"2019-08-05T09:15:00+00:00\",\"dateModified\":\"2023-12-01T13:24:32+00:00\",\"mainEntityOfPage\":{\"@id\":\"https:\\\/\\\/ayto.mutxamel.org\\\/ca\\\/adquisicio-de-dos-nous-vehicles-patrulla-per-a-la-policia-local\\\/\"},\"wordCount\":85,\"image\":{\"@id\":\"https:\\\/\\\/ayto.mutxamel.org\\\/ca\\\/adquisicio-de-dos-nous-vehicles-patrulla-per-a-la-policia-local\\\/#primaryimage\"},\"thumbnailUrl\":\"\",\"keywords\":[\"Hemeroteca\"],\"articleSection\":[\"Hemeroteca\",\"Noticies\"],\"inLanguage\":\"ca\"},{\"@type\":\"WebPage\",\"@id\":\"https:\\\/\\\/ayto.mutxamel.org\\\/ca\\\/adquisicio-de-dos-nous-vehicles-patrulla-per-a-la-policia-local\\\/\",\"url\":\"https:\\\/\\\/ayto.mutxamel.org\\\/ca\\\/adquisicio-de-dos-nous-vehicles-patrulla-per-a-la-policia-local\\\/\",\"name\":\"ADQUISICI\u00d3 DE DOS NOUS VEHICLES PATRULLA PER A LA POLICIA LOCAL - Ayuntamiento de Mutxamel\",\"isPartOf\":{\"@id\":\"https:\\\/\\\/ayto.mutxamel.org\\\/ca\\\/#website\"},\"primaryImageOfPage\":{\"@id\":\"https:\\\/\\\/ayto.mutxamel.org\\\/ca\\\/adquisicio-de-dos-nous-vehicles-patrulla-per-a-la-policia-local\\\/#primaryimage\"},\"image\":{\"@id\":\"https:\\\/\\\/ayto.mutxamel.org\\\/ca\\\/adquisicio-de-dos-nous-vehicles-patrulla-per-a-la-policia-local\\\/#primaryimage\"},\"thumbnailUrl\":\"\",\"datePublished\":\"2019-08-05T09:15:00+00:00\",\"dateModified\":\"2023-12-01T13:24:32+00:00\",\"author\":{\"@id\":\"https:\\\/\\\/ayto.mutxamel.org\\\/ca\\\/#\\\/schema\\\/person\\\/0a64c1c652c34ba957ddc1a83e56bbfa\"},\"breadcrumb\":{\"@id\":\"https:\\\/\\\/ayto.mutxamel.org\\\/ca\\\/adquisicio-de-dos-nous-vehicles-patrulla-per-a-la-policia-local\\\/#breadcrumb\"},\"inLanguage\":\"ca\",\"potentialAction\":[{\"@type\":\"ReadAction\",\"target\":[\"https:\\\/\\\/ayto.mutxamel.org\\\/ca\\\/adquisicio-de-dos-nous-vehicles-patrulla-per-a-la-policia-local\\\/\"]}]},{\"@type\":\"ImageObject\",\"inLanguage\":\"ca\",\"@id\":\"https:\\\/\\\/ayto.mutxamel.org\\\/ca\\\/adquisicio-de-dos-nous-vehicles-patrulla-per-a-la-policia-local\\\/#primaryimage\",\"url\":\"\",\"contentUrl\":\"\"},{\"@type\":\"BreadcrumbList\",\"@id\":\"https:\\\/\\\/ayto.mutxamel.org\\\/ca\\\/adquisicio-de-dos-nous-vehicles-patrulla-per-a-la-policia-local\\\/#breadcrumb\",\"itemListElement\":[{\"@type\":\"ListItem\",\"position\":1,\"name\":\"Portada\",\"item\":\"https:\\\/\\\/ayto.mutxamel.org\\\/ca\\\/\"},{\"@type\":\"ListItem\",\"position\":2,\"name\":\"ADQUISICI\u00d3 DE DOS NOUS VEHICLES PATRULLA PER A LA POLICIA LOCAL\"}]},{\"@type\":\"WebSite\",\"@id\":\"https:\\\/\\\/ayto.mutxamel.org\\\/ca\\\/#website\",\"url\":\"https:\\\/\\\/ayto.mutxamel.org\\\/ca\\\/\",\"name\":\"Ayuntamiento de Mutxamel\",\"description\":\"\",\"potentialAction\":[{\"@type\":\"SearchAction\",\"target\":{\"@type\":\"EntryPoint\",\"urlTemplate\":\"https:\\\/\\\/ayto.mutxamel.org\\\/ca\\\/?s={search_term_string}\"},\"query-input\":{\"@type\":\"PropertyValueSpecification\",\"valueRequired\":true,\"valueName\":\"search_term_string\"}}],\"inLanguage\":\"ca\"},{\"@type\":\"Person\",\"@id\":\"https:\\\/\\\/ayto.mutxamel.org\\\/ca\\\/#\\\/schema\\\/person\\\/0a64c1c652c34ba957ddc1a83e56bbfa\",\"name\":\"Ayuntamiento Mutxamel\",\"url\":\"https:\\\/\\\/ayto.mutxamel.org\\\/ca\\\/author\\\/ayuntamiento-mutxamel\\\/\"}]}<\/script>\n<!-- \/ Yoast SEO plugin. -->","yoast_head_json":{"title":"ADQUISICI\u00d3 DE DOS NOUS VEHICLES PATRULLA PER A LA POLICIA LOCAL - Ayuntamiento de Mutxamel","robots":{"index":"index","follow":"follow","max-snippet":"max-snippet:-1","max-image-preview":"max-image-preview:large","max-video-preview":"max-video-preview:-1"},"canonical":"https:\/\/ayto.mutxamel.org\/ca\/adquisicio-de-dos-nous-vehicles-patrulla-per-a-la-policia-local\/","og_locale":"ca_ES","og_type":"article","og_title":"ADQUISICI\u00d3 DE DOS NOUS VEHICLES PATRULLA PER A LA POLICIA LOCAL - Ayuntamiento de Mutxamel","og_description":"05\/08\/2019 L&#8217;Ajuntament de Mutxamel acaba d&#8217;adquirir per a la Policia Local dos vehicles patrulla. Aquests vehicles renoven part de la flota m\u00f2bil amb la qual ja compta aquest cos de seguretat, i incorporen no solament la tecnologia suficient per a ser emprats en les funcions de seguretat ciutadana que requereixen les intervencions policials, sin\u00f3 que...","og_url":"https:\/\/ayto.mutxamel.org\/ca\/adquisicio-de-dos-nous-vehicles-patrulla-per-a-la-policia-local\/","og_site_name":"Ayuntamiento de Mutxamel","article_published_time":"2019-08-05T09:15:00+00:00","article_modified_time":"2023-12-01T13:24:32+00:00","author":"Ayuntamiento Mutxamel","twitter_card":"summary_large_image","twitter_misc":{"Escrit per":"Ayuntamiento Mutxamel"},"schema":{"@context":"https:\/\/schema.org","@graph":[{"@type":"Article","@id":"https:\/\/ayto.mutxamel.org\/ca\/adquisicio-de-dos-nous-vehicles-patrulla-per-a-la-policia-local\/#article","isPartOf":{"@id":"https:\/\/ayto.mutxamel.org\/ca\/adquisicio-de-dos-nous-vehicles-patrulla-per-a-la-policia-local\/"},"author":{"name":"Ayuntamiento Mutxamel","@id":"https:\/\/ayto.mutxamel.org\/ca\/#\/schema\/person\/0a64c1c652c34ba957ddc1a83e56bbfa"},"headline":"ADQUISICI\u00d3 DE DOS NOUS VEHICLES PATRULLA PER A LA POLICIA LOCAL","datePublished":"2019-08-05T09:15:00+00:00","dateModified":"2023-12-01T13:24:32+00:00","mainEntityOfPage":{"@id":"https:\/\/ayto.mutxamel.org\/ca\/adquisicio-de-dos-nous-vehicles-patrulla-per-a-la-policia-local\/"},"wordCount":85,"image":{"@id":"https:\/\/ayto.mutxamel.org\/ca\/adquisicio-de-dos-nous-vehicles-patrulla-per-a-la-policia-local\/#primaryimage"},"thumbnailUrl":"","keywords":["Hemeroteca"],"articleSection":["Hemeroteca","Noticies"],"inLanguage":"ca"},{"@type":"WebPage","@id":"https:\/\/ayto.mutxamel.org\/ca\/adquisicio-de-dos-nous-vehicles-patrulla-per-a-la-policia-local\/","url":"https:\/\/ayto.mutxamel.org\/ca\/adquisicio-de-dos-nous-vehicles-patrulla-per-a-la-policia-local\/","name":"ADQUISICI\u00d3 DE DOS NOUS VEHICLES PATRULLA PER A LA POLICIA LOCAL - Ayuntamiento de Mutxamel","isPartOf":{"@id":"https:\/\/ayto.mutxamel.org\/ca\/#website"},"primaryImageOfPage":{"@id":"https:\/\/ayto.mutxamel.org\/ca\/adquisicio-de-dos-nous-vehicles-patrulla-per-a-la-policia-local\/#primaryimage"},"image":{"@id":"https:\/\/ayto.mutxamel.org\/ca\/adquisicio-de-dos-nous-vehicles-patrulla-per-a-la-policia-local\/#primaryimage"},"thumbnailUrl":"","datePublished":"2019-08-05T09:15:00+00:00","dateModified":"2023-12-01T13:24:32+00:00","author":{"@id":"https:\/\/ayto.mutxamel.org\/ca\/#\/schema\/person\/0a64c1c652c34ba957ddc1a83e56bbfa"},"breadcrumb":{"@id":"https:\/\/ayto.mutxamel.org\/ca\/adquisicio-de-dos-nous-vehicles-patrulla-per-a-la-policia-local\/#breadcrumb"},"inLanguage":"ca","potentialAction":[{"@type":"ReadAction","target":["https:\/\/ayto.mutxamel.org\/ca\/adquisicio-de-dos-nous-vehicles-patrulla-per-a-la-policia-local\/"]}]},{"@type":"ImageObject","inLanguage":"ca","@id":"https:\/\/ayto.mutxamel.org\/ca\/adquisicio-de-dos-nous-vehicles-patrulla-per-a-la-policia-local\/#primaryimage","url":"","contentUrl":""},{"@type":"BreadcrumbList","@id":"https:\/\/ayto.mutxamel.org\/ca\/adquisicio-de-dos-nous-vehicles-patrulla-per-a-la-policia-local\/#breadcrumb","itemListElement":[{"@type":"ListItem","position":1,"name":"Portada","item":"https:\/\/ayto.mutxamel.org\/ca\/"},{"@type":"ListItem","position":2,"name":"ADQUISICI\u00d3 DE DOS NOUS VEHICLES PATRULLA PER A LA POLICIA LOCAL"}]},{"@type":"WebSite","@id":"https:\/\/ayto.mutxamel.org\/ca\/#website","url":"https:\/\/ayto.mutxamel.org\/ca\/","name":"Ayuntamiento de Mutxamel","description":"","potentialAction":[{"@type":"SearchAction","target":{"@type":"EntryPoint","urlTemplate":"https:\/\/ayto.mutxamel.org\/ca\/?s={search_term_string}"},"query-input":{"@type":"PropertyValueSpecification","valueRequired":true,"valueName":"search_term_string"}}],"inLanguage":"ca"},{"@type":"Person","@id":"https:\/\/ayto.mutxamel.org\/ca\/#\/schema\/person\/0a64c1c652c34ba957ddc1a83e56bbfa","name":"Ayuntamiento Mutxamel","url":"https:\/\/ayto.mutxamel.org\/ca\/author\/ayuntamiento-mutxamel\/"}]}},"_links":{"self":[{"href":"https:\/\/ayto.mutxamel.org\/ca\/wp-json\/wp\/v2\/posts\/6768","targetHints":{"allow":["GET"]}}],"collection":[{"href":"https:\/\/ayto.mutxamel.org\/ca\/wp-json\/wp\/v2\/posts"}],"about":[{"href":"https:\/\/ayto.mutxamel.org\/ca\/wp-json\/wp\/v2\/types\/post"}],"author":[{"embeddable":true,"href":"https:\/\/ayto.mutxamel.org\/ca\/wp-json\/wp\/v2\/users\/5"}],"replies":[{"embeddable":true,"href":"https:\/\/ayto.mutxamel.org\/ca\/wp-json\/wp\/v2\/comments?post=6768"}],"version-history":[{"count":1,"href":"https:\/\/ayto.mutxamel.org\/ca\/wp-json\/wp\/v2\/posts\/6768\/revisions"}],"predecessor-version":[{"id":35658,"href":"https:\/\/ayto.mutxamel.org\/ca\/wp-json\/wp\/v2\/posts\/6768\/revisions\/35658"}],"wp:featuredmedia":[{"embeddable":true,"href":"https:\/\/ayto.mutxamel.org\/ca\/wp-json\/"}],"wp:attachment":[{"href":"https:\/\/ayto.mutxamel.org\/ca\/wp-json\/wp\/v2\/media?parent=6768"}],"wp:term":[{"taxonomy":"category","embeddable":true,"href":"https:\/\/ayto.mutxamel.org\/ca\/wp-json\/wp\/v2\/categories?post=6768"},{"taxonomy":"post_tag","embeddable":true,"href":"https:\/\/ayto.mutxamel.org\/ca\/wp-json\/wp\/v2\/tags?post=6768"}],"curies":[{"name":"wp","href":"https:\/\/api.w.org\/{rel}","templated":true}]}}