{"id":67562,"date":"2026-04-28T15:08:50","date_gmt":"2026-04-28T13:08:50","guid":{"rendered":"https:\/\/ayto.mutxamel.org\/mutxamel-impulsa-la-creatividad-sostenible-con-el-taller-juvenil-ecocapsula-creativa-capsulas-con-vida\/"},"modified":"2026-04-28T15:11:12","modified_gmt":"2026-04-28T13:11:12","slug":"mutxamel-impulsa-la-creatividad-sostenible-con-el-taller-juvenil-ecocapsula-creativa-capsulas-con-vida","status":"publish","type":"post","link":"https:\/\/ayto.mutxamel.org\/ca\/mutxamel-impulsa-la-creatividad-sostenible-con-el-taller-juvenil-ecocapsula-creativa-capsulas-con-vida\/","title":{"rendered":"Mutxamel impulsa la creativitat sostenible amb el taller juvenil \u201cEcoC\u00e1psula Creativa: C\u00e0psules amb Vida\u201d"},"content":{"rendered":"<p><span>El municipi de Mutxamel continua apostant per la creativitat juvenil i la sostenibilitat amb una nova proposta que combina art, reciclatge i conscienciaci\u00f3 ambiental. La Casa de la Joventut, en col\u00b7laboraci\u00f3 amb el Consorci Terra, presenta el taller \u201cEcoC\u00e1psula Creativa: C\u00e0psules amb Vida\u201d, una iniciativa pensada per a transformar objectes quotidians en peces \u00faniques de bijuteria.<\/span><\/p>\n<p><span>El taller tindr\u00e0 lloc dijous que ve 14 de maig a les #17:30 hores a la Casa de la Joventut de Mutxamel, i est\u00e0 dirigit a joves d&#8217;entre 12 i 30 anys. L&#8217;activitat, completament gratu\u00efta, cerca fomentar valors com la reutilitzaci\u00f3 de materials, la creativitat art\u00edstica i el comprom\u00eds amb el medi ambient, tot aix\u00f2 en un ambient participatiu i din\u00e0mic.<\/span><\/p>\n<p><span>A trav\u00e9s d&#8217;aquesta proposta, les persones participants aprendran a donar una segona vida a les c\u00e0psules de caf\u00e8, convertint-les en originals complements com a arracades, penjolls o polseres. D&#8217;aquesta manera, es posa en valor el concepte d&#8217;economia circular, demostrant que xicotets gestos quotidians poden contribuir de manera significativa a la reducci\u00f3 de residus.<\/span><\/p>\n<p><span>Des de l&#8217;organitzaci\u00f3 destaquen que aquest tipus de tallers no sols ofereixen una alternativa d&#8217;oci saludable i educatiu, sin\u00f3 que tamb\u00e9 promouen la reflexi\u00f3 sobre els nostres h\u00e0bits de consum. \u201cEs tracta d&#8217;inspirar a la joventut perqu\u00e8 veja el reciclatge com una oportunitat creativa, no com una obligaci\u00f3\u201d, assenyalen.<\/span><\/p>\n<p><span>L&#8217;activitat forma part de la programaci\u00f3 habitual de la Casa de la Joventut, que continua consolidant-se com un espai de trobada, aprenentatge i desenvolupament personal per a la joventut del municipi. A m\u00e9s, la col\u00b7laboraci\u00f3 amb el Consorci Terra refor\u00e7a el comprom\u00eds institucional amb la sostenibilitat i l&#8217;educaci\u00f3 ambiental.<\/span><\/p>\n<p><span>Les inscripcions poden realitzar-se de manera senzilla a trav\u00e9s del codi QR habilitat per a l&#8217;activitat, fins a completar aforament.<\/span><\/p>\n<p><span>L&#8217;Ajuntament de Mutxamel convida a tota la joventut a participar en aquesta experi\u00e8ncia, on la creativitat, el comprom\u00eds ambiental i la diversi\u00f3 es donen la m\u00e0 per a demostrar que, amb imaginaci\u00f3, tot pot tenir una segona vida.<\/span><\/p>\n","protected":false},"excerpt":{"rendered":"<p>El municipi de Mutxamel continua apostant per la creativitat juvenil i la sostenibilitat amb una nova proposta que combina art, reciclatge i conscienciaci\u00f3 ambiental. La Casa de la Joventut, en col\u00b7laboraci\u00f3 amb el Consorci Terra, presenta el taller \u201cEcoC\u00e1psula Creativa: C\u00e0psules amb Vida\u201d, una iniciativa pensada per a transformar objectes quotidians en peces \u00faniques de&#8230;<\/p>\n","protected":false},"author":5,"featured_media":67560,"comment_status":"closed","ping_status":"open","sticky":false,"template":"","format":"standard","meta":{"_acf_changed":false,"footnotes":""},"categories":[475,282],"tags":[],"class_list":["post-67562","post","type-post","status-publish","format-standard","has-post-thumbnail","hentry","category-joventut","category-noticies"],"acf":[],"yoast_head":"<!-- This site is optimized with the Yoast SEO plugin v27.3 - https:\/\/yoast.com\/product\/yoast-seo-wordpress\/ -->\n<title>Mutxamel impulsa la creativitat sostenible amb el taller juvenil \u201cEcoC\u00e1psula Creativa: C\u00e0psules amb Vida\u201d - Ayuntamiento de Mutxamel<\/title>\n<meta name=\"robots\" content=\"index, follow, max-snippet:-1, max-image-preview:large, max-video-preview:-1\" \/>\n<link rel=\"canonical\" href=\"https:\/\/ayto.mutxamel.org\/ca\/mutxamel-impulsa-la-creatividad-sostenible-con-el-taller-juvenil-ecocapsula-creativa-capsulas-con-vida\/\" \/>\n<meta property=\"og:locale\" content=\"ca_ES\" \/>\n<meta property=\"og:type\" content=\"article\" \/>\n<meta property=\"og:title\" content=\"Mutxamel impulsa la creativitat sostenible amb el taller juvenil \u201cEcoC\u00e1psula Creativa: C\u00e0psules amb Vida\u201d - Ayuntamiento de Mutxamel\" \/>\n<meta property=\"og:description\" content=\"El municipi de Mutxamel continua apostant per la creativitat juvenil i la sostenibilitat amb una nova proposta que combina art, reciclatge i conscienciaci\u00f3 ambiental. La Casa de la Joventut, en col\u00b7laboraci\u00f3 amb el Consorci Terra, presenta el taller \u201cEcoC\u00e1psula Creativa: C\u00e0psules amb Vida\u201d, una iniciativa pensada per a transformar objectes quotidians en peces \u00faniques de...\" \/>\n<meta property=\"og:url\" content=\"https:\/\/ayto.mutxamel.org\/ca\/mutxamel-impulsa-la-creatividad-sostenible-con-el-taller-juvenil-ecocapsula-creativa-capsulas-con-vida\/\" \/>\n<meta property=\"og:site_name\" content=\"Ayuntamiento de Mutxamel\" \/>\n<meta property=\"article:published_time\" content=\"2026-04-28T13:08:50+00:00\" \/>\n<meta property=\"article:modified_time\" content=\"2026-04-28T13:11:12+00:00\" \/>\n<meta property=\"og:image\" content=\"https:\/\/ayto.mutxamel.org\/wp-content\/uploads\/2026\/04\/ecocapsulaVAL.webp\" \/>\n\t<meta property=\"og:image:width\" content=\"1080\" \/>\n\t<meta property=\"og:image:height\" content=\"1350\" \/>\n\t<meta property=\"og:image:type\" content=\"image\/webp\" \/>\n<meta name=\"author\" content=\"Ayuntamiento Mutxamel\" \/>\n<meta name=\"twitter:card\" content=\"summary_large_image\" \/>\n<meta name=\"twitter:label1\" content=\"Escrit per\" \/>\n\t<meta name=\"twitter:data1\" content=\"Ayuntamiento Mutxamel\" \/>\n\t<meta name=\"twitter:label2\" content=\"Temps estimat de lectura\" \/>\n\t<meta name=\"twitter:data2\" content=\"2 minuts\" \/>\n<script type=\"application\/ld+json\" class=\"yoast-schema-graph\">{\"@context\":\"https:\\\/\\\/schema.org\",\"@graph\":[{\"@type\":\"Article\",\"@id\":\"https:\\\/\\\/ayto.mutxamel.org\\\/ca\\\/mutxamel-impulsa-la-creatividad-sostenible-con-el-taller-juvenil-ecocapsula-creativa-capsulas-con-vida\\\/#article\",\"isPartOf\":{\"@id\":\"https:\\\/\\\/ayto.mutxamel.org\\\/ca\\\/mutxamel-impulsa-la-creatividad-sostenible-con-el-taller-juvenil-ecocapsula-creativa-capsulas-con-vida\\\/\"},\"author\":{\"name\":\"Ayuntamiento Mutxamel\",\"@id\":\"https:\\\/\\\/ayto.mutxamel.org\\\/ca\\\/#\\\/schema\\\/person\\\/0a64c1c652c34ba957ddc1a83e56bbfa\"},\"headline\":\"Mutxamel impulsa la creativitat sostenible amb el taller juvenil \u201cEcoC\u00e1psula Creativa: C\u00e0psules amb Vida\u201d\",\"datePublished\":\"2026-04-28T13:08:50+00:00\",\"dateModified\":\"2026-04-28T13:11:12+00:00\",\"mainEntityOfPage\":{\"@id\":\"https:\\\/\\\/ayto.mutxamel.org\\\/ca\\\/mutxamel-impulsa-la-creatividad-sostenible-con-el-taller-juvenil-ecocapsula-creativa-capsulas-con-vida\\\/\"},\"wordCount\":367,\"image\":{\"@id\":\"https:\\\/\\\/ayto.mutxamel.org\\\/ca\\\/mutxamel-impulsa-la-creatividad-sostenible-con-el-taller-juvenil-ecocapsula-creativa-capsulas-con-vida\\\/#primaryimage\"},\"thumbnailUrl\":\"https:\\\/\\\/ayto.mutxamel.org\\\/wp-content\\\/uploads\\\/2026\\\/04\\\/ecocapsulaVAL.webp\",\"articleSection\":[\"Joventut\",\"Noticies\"],\"inLanguage\":\"ca\"},{\"@type\":\"WebPage\",\"@id\":\"https:\\\/\\\/ayto.mutxamel.org\\\/ca\\\/mutxamel-impulsa-la-creatividad-sostenible-con-el-taller-juvenil-ecocapsula-creativa-capsulas-con-vida\\\/\",\"url\":\"https:\\\/\\\/ayto.mutxamel.org\\\/ca\\\/mutxamel-impulsa-la-creatividad-sostenible-con-el-taller-juvenil-ecocapsula-creativa-capsulas-con-vida\\\/\",\"name\":\"Mutxamel impulsa la creativitat sostenible amb el taller juvenil \u201cEcoC\u00e1psula Creativa: C\u00e0psules amb Vida\u201d - Ayuntamiento de Mutxamel\",\"isPartOf\":{\"@id\":\"https:\\\/\\\/ayto.mutxamel.org\\\/ca\\\/#website\"},\"primaryImageOfPage\":{\"@id\":\"https:\\\/\\\/ayto.mutxamel.org\\\/ca\\\/mutxamel-impulsa-la-creatividad-sostenible-con-el-taller-juvenil-ecocapsula-creativa-capsulas-con-vida\\\/#primaryimage\"},\"image\":{\"@id\":\"https:\\\/\\\/ayto.mutxamel.org\\\/ca\\\/mutxamel-impulsa-la-creatividad-sostenible-con-el-taller-juvenil-ecocapsula-creativa-capsulas-con-vida\\\/#primaryimage\"},\"thumbnailUrl\":\"https:\\\/\\\/ayto.mutxamel.org\\\/wp-content\\\/uploads\\\/2026\\\/04\\\/ecocapsulaVAL.webp\",\"datePublished\":\"2026-04-28T13:08:50+00:00\",\"dateModified\":\"2026-04-28T13:11:12+00:00\",\"author\":{\"@id\":\"https:\\\/\\\/ayto.mutxamel.org\\\/ca\\\/#\\\/schema\\\/person\\\/0a64c1c652c34ba957ddc1a83e56bbfa\"},\"breadcrumb\":{\"@id\":\"https:\\\/\\\/ayto.mutxamel.org\\\/ca\\\/mutxamel-impulsa-la-creatividad-sostenible-con-el-taller-juvenil-ecocapsula-creativa-capsulas-con-vida\\\/#breadcrumb\"},\"inLanguage\":\"ca\",\"potentialAction\":[{\"@type\":\"ReadAction\",\"target\":[\"https:\\\/\\\/ayto.mutxamel.org\\\/ca\\\/mutxamel-impulsa-la-creatividad-sostenible-con-el-taller-juvenil-ecocapsula-creativa-capsulas-con-vida\\\/\"]}]},{\"@type\":\"ImageObject\",\"inLanguage\":\"ca\",\"@id\":\"https:\\\/\\\/ayto.mutxamel.org\\\/ca\\\/mutxamel-impulsa-la-creatividad-sostenible-con-el-taller-juvenil-ecocapsula-creativa-capsulas-con-vida\\\/#primaryimage\",\"url\":\"https:\\\/\\\/ayto.mutxamel.org\\\/wp-content\\\/uploads\\\/2026\\\/04\\\/ecocapsulaVAL.webp\",\"contentUrl\":\"https:\\\/\\\/ayto.mutxamel.org\\\/wp-content\\\/uploads\\\/2026\\\/04\\\/ecocapsulaVAL.webp\",\"width\":1080,\"height\":1350},{\"@type\":\"BreadcrumbList\",\"@id\":\"https:\\\/\\\/ayto.mutxamel.org\\\/ca\\\/mutxamel-impulsa-la-creatividad-sostenible-con-el-taller-juvenil-ecocapsula-creativa-capsulas-con-vida\\\/#breadcrumb\",\"itemListElement\":[{\"@type\":\"ListItem\",\"position\":1,\"name\":\"Portada\",\"item\":\"https:\\\/\\\/ayto.mutxamel.org\\\/ca\\\/\"},{\"@type\":\"ListItem\",\"position\":2,\"name\":\"Mutxamel impulsa la creativitat sostenible amb el taller juvenil \u201cEcoC\u00e1psula Creativa: C\u00e0psules amb Vida\u201d\"}]},{\"@type\":\"WebSite\",\"@id\":\"https:\\\/\\\/ayto.mutxamel.org\\\/ca\\\/#website\",\"url\":\"https:\\\/\\\/ayto.mutxamel.org\\\/ca\\\/\",\"name\":\"Ayuntamiento de Mutxamel\",\"description\":\"\",\"potentialAction\":[{\"@type\":\"SearchAction\",\"target\":{\"@type\":\"EntryPoint\",\"urlTemplate\":\"https:\\\/\\\/ayto.mutxamel.org\\\/ca\\\/?s={search_term_string}\"},\"query-input\":{\"@type\":\"PropertyValueSpecification\",\"valueRequired\":true,\"valueName\":\"search_term_string\"}}],\"inLanguage\":\"ca\"},{\"@type\":\"Person\",\"@id\":\"https:\\\/\\\/ayto.mutxamel.org\\\/ca\\\/#\\\/schema\\\/person\\\/0a64c1c652c34ba957ddc1a83e56bbfa\",\"name\":\"Ayuntamiento Mutxamel\",\"url\":\"https:\\\/\\\/ayto.mutxamel.org\\\/ca\\\/author\\\/ayuntamiento-mutxamel\\\/\"}]}<\/script>\n<!-- \/ Yoast SEO plugin. -->","yoast_head_json":{"title":"Mutxamel impulsa la creativitat sostenible amb el taller juvenil \u201cEcoC\u00e1psula Creativa: C\u00e0psules amb Vida\u201d - Ayuntamiento de Mutxamel","robots":{"index":"index","follow":"follow","max-snippet":"max-snippet:-1","max-image-preview":"max-image-preview:large","max-video-preview":"max-video-preview:-1"},"canonical":"https:\/\/ayto.mutxamel.org\/ca\/mutxamel-impulsa-la-creatividad-sostenible-con-el-taller-juvenil-ecocapsula-creativa-capsulas-con-vida\/","og_locale":"ca_ES","og_type":"article","og_title":"Mutxamel impulsa la creativitat sostenible amb el taller juvenil \u201cEcoC\u00e1psula Creativa: C\u00e0psules amb Vida\u201d - Ayuntamiento de Mutxamel","og_description":"El municipi de Mutxamel continua apostant per la creativitat juvenil i la sostenibilitat amb una nova proposta que combina art, reciclatge i conscienciaci\u00f3 ambiental. La Casa de la Joventut, en col\u00b7laboraci\u00f3 amb el Consorci Terra, presenta el taller \u201cEcoC\u00e1psula Creativa: C\u00e0psules amb Vida\u201d, una iniciativa pensada per a transformar objectes quotidians en peces \u00faniques de...","og_url":"https:\/\/ayto.mutxamel.org\/ca\/mutxamel-impulsa-la-creatividad-sostenible-con-el-taller-juvenil-ecocapsula-creativa-capsulas-con-vida\/","og_site_name":"Ayuntamiento de Mutxamel","article_published_time":"2026-04-28T13:08:50+00:00","article_modified_time":"2026-04-28T13:11:12+00:00","og_image":[{"width":1080,"height":1350,"url":"https:\/\/ayto.mutxamel.org\/wp-content\/uploads\/2026\/04\/ecocapsulaVAL.webp","type":"image\/webp"}],"author":"Ayuntamiento Mutxamel","twitter_card":"summary_large_image","twitter_misc":{"Escrit per":"Ayuntamiento Mutxamel","Temps estimat de lectura":"2 minuts"},"schema":{"@context":"https:\/\/schema.org","@graph":[{"@type":"Article","@id":"https:\/\/ayto.mutxamel.org\/ca\/mutxamel-impulsa-la-creatividad-sostenible-con-el-taller-juvenil-ecocapsula-creativa-capsulas-con-vida\/#article","isPartOf":{"@id":"https:\/\/ayto.mutxamel.org\/ca\/mutxamel-impulsa-la-creatividad-sostenible-con-el-taller-juvenil-ecocapsula-creativa-capsulas-con-vida\/"},"author":{"name":"Ayuntamiento Mutxamel","@id":"https:\/\/ayto.mutxamel.org\/ca\/#\/schema\/person\/0a64c1c652c34ba957ddc1a83e56bbfa"},"headline":"Mutxamel impulsa la creativitat sostenible amb el taller juvenil \u201cEcoC\u00e1psula Creativa: C\u00e0psules amb Vida\u201d","datePublished":"2026-04-28T13:08:50+00:00","dateModified":"2026-04-28T13:11:12+00:00","mainEntityOfPage":{"@id":"https:\/\/ayto.mutxamel.org\/ca\/mutxamel-impulsa-la-creatividad-sostenible-con-el-taller-juvenil-ecocapsula-creativa-capsulas-con-vida\/"},"wordCount":367,"image":{"@id":"https:\/\/ayto.mutxamel.org\/ca\/mutxamel-impulsa-la-creatividad-sostenible-con-el-taller-juvenil-ecocapsula-creativa-capsulas-con-vida\/#primaryimage"},"thumbnailUrl":"https:\/\/ayto.mutxamel.org\/wp-content\/uploads\/2026\/04\/ecocapsulaVAL.webp","articleSection":["Joventut","Noticies"],"inLanguage":"ca"},{"@type":"WebPage","@id":"https:\/\/ayto.mutxamel.org\/ca\/mutxamel-impulsa-la-creatividad-sostenible-con-el-taller-juvenil-ecocapsula-creativa-capsulas-con-vida\/","url":"https:\/\/ayto.mutxamel.org\/ca\/mutxamel-impulsa-la-creatividad-sostenible-con-el-taller-juvenil-ecocapsula-creativa-capsulas-con-vida\/","name":"Mutxamel impulsa la creativitat sostenible amb el taller juvenil \u201cEcoC\u00e1psula Creativa: C\u00e0psules amb Vida\u201d - Ayuntamiento de Mutxamel","isPartOf":{"@id":"https:\/\/ayto.mutxamel.org\/ca\/#website"},"primaryImageOfPage":{"@id":"https:\/\/ayto.mutxamel.org\/ca\/mutxamel-impulsa-la-creatividad-sostenible-con-el-taller-juvenil-ecocapsula-creativa-capsulas-con-vida\/#primaryimage"},"image":{"@id":"https:\/\/ayto.mutxamel.org\/ca\/mutxamel-impulsa-la-creatividad-sostenible-con-el-taller-juvenil-ecocapsula-creativa-capsulas-con-vida\/#primaryimage"},"thumbnailUrl":"https:\/\/ayto.mutxamel.org\/wp-content\/uploads\/2026\/04\/ecocapsulaVAL.webp","datePublished":"2026-04-28T13:08:50+00:00","dateModified":"2026-04-28T13:11:12+00:00","author":{"@id":"https:\/\/ayto.mutxamel.org\/ca\/#\/schema\/person\/0a64c1c652c34ba957ddc1a83e56bbfa"},"breadcrumb":{"@id":"https:\/\/ayto.mutxamel.org\/ca\/mutxamel-impulsa-la-creatividad-sostenible-con-el-taller-juvenil-ecocapsula-creativa-capsulas-con-vida\/#breadcrumb"},"inLanguage":"ca","potentialAction":[{"@type":"ReadAction","target":["https:\/\/ayto.mutxamel.org\/ca\/mutxamel-impulsa-la-creatividad-sostenible-con-el-taller-juvenil-ecocapsula-creativa-capsulas-con-vida\/"]}]},{"@type":"ImageObject","inLanguage":"ca","@id":"https:\/\/ayto.mutxamel.org\/ca\/mutxamel-impulsa-la-creatividad-sostenible-con-el-taller-juvenil-ecocapsula-creativa-capsulas-con-vida\/#primaryimage","url":"https:\/\/ayto.mutxamel.org\/wp-content\/uploads\/2026\/04\/ecocapsulaVAL.webp","contentUrl":"https:\/\/ayto.mutxamel.org\/wp-content\/uploads\/2026\/04\/ecocapsulaVAL.webp","width":1080,"height":1350},{"@type":"BreadcrumbList","@id":"https:\/\/ayto.mutxamel.org\/ca\/mutxamel-impulsa-la-creatividad-sostenible-con-el-taller-juvenil-ecocapsula-creativa-capsulas-con-vida\/#breadcrumb","itemListElement":[{"@type":"ListItem","position":1,"name":"Portada","item":"https:\/\/ayto.mutxamel.org\/ca\/"},{"@type":"ListItem","position":2,"name":"Mutxamel impulsa la creativitat sostenible amb el taller juvenil \u201cEcoC\u00e1psula Creativa: C\u00e0psules amb Vida\u201d"}]},{"@type":"WebSite","@id":"https:\/\/ayto.mutxamel.org\/ca\/#website","url":"https:\/\/ayto.mutxamel.org\/ca\/","name":"Ayuntamiento de Mutxamel","description":"","potentialAction":[{"@type":"SearchAction","target":{"@type":"EntryPoint","urlTemplate":"https:\/\/ayto.mutxamel.org\/ca\/?s={search_term_string}"},"query-input":{"@type":"PropertyValueSpecification","valueRequired":true,"valueName":"search_term_string"}}],"inLanguage":"ca"},{"@type":"Person","@id":"https:\/\/ayto.mutxamel.org\/ca\/#\/schema\/person\/0a64c1c652c34ba957ddc1a83e56bbfa","name":"Ayuntamiento Mutxamel","url":"https:\/\/ayto.mutxamel.org\/ca\/author\/ayuntamiento-mutxamel\/"}]}},"_links":{"self":[{"href":"https:\/\/ayto.mutxamel.org\/ca\/wp-json\/wp\/v2\/posts\/67562","targetHints":{"allow":["GET"]}}],"collection":[{"href":"https:\/\/ayto.mutxamel.org\/ca\/wp-json\/wp\/v2\/posts"}],"about":[{"href":"https:\/\/ayto.mutxamel.org\/ca\/wp-json\/wp\/v2\/types\/post"}],"author":[{"embeddable":true,"href":"https:\/\/ayto.mutxamel.org\/ca\/wp-json\/wp\/v2\/users\/5"}],"replies":[{"embeddable":true,"href":"https:\/\/ayto.mutxamel.org\/ca\/wp-json\/wp\/v2\/comments?post=67562"}],"version-history":[{"count":3,"href":"https:\/\/ayto.mutxamel.org\/ca\/wp-json\/wp\/v2\/posts\/67562\/revisions"}],"predecessor-version":[{"id":67565,"href":"https:\/\/ayto.mutxamel.org\/ca\/wp-json\/wp\/v2\/posts\/67562\/revisions\/67565"}],"wp:featuredmedia":[{"embeddable":true,"href":"https:\/\/ayto.mutxamel.org\/ca\/wp-json\/wp\/v2\/media\/67560"}],"wp:attachment":[{"href":"https:\/\/ayto.mutxamel.org\/ca\/wp-json\/wp\/v2\/media?parent=67562"}],"wp:term":[{"taxonomy":"category","embeddable":true,"href":"https:\/\/ayto.mutxamel.org\/ca\/wp-json\/wp\/v2\/categories?post=67562"},{"taxonomy":"post_tag","embeddable":true,"href":"https:\/\/ayto.mutxamel.org\/ca\/wp-json\/wp\/v2\/tags?post=67562"}],"curies":[{"name":"wp","href":"https:\/\/api.w.org\/{rel}","templated":true}]}}