{"id":67549,"date":"2026-04-28T13:42:36","date_gmt":"2026-04-28T11:42:36","guid":{"rendered":"https:\/\/ayto.mutxamel.org\/exito-rotundo-del-pumptrack-2026-en-mutxamel-con-record-de-participacion-y-afluencia-de-publico\/"},"modified":"2026-04-28T13:43:32","modified_gmt":"2026-04-28T11:43:32","slug":"exito-rotundo-del-pumptrack-2026-en-mutxamel-con-record-de-participacion-y-afluencia-de-publico","status":"publish","type":"post","link":"https:\/\/ayto.mutxamel.org\/ca\/exito-rotundo-del-pumptrack-2026-en-mutxamel-con-record-de-participacion-y-afluencia-de-publico\/","title":{"rendered":"\u00c8xit rotund del PumpTrack 2026 a Mutxamel amb r\u00e8cord de participaci\u00f3 i aflu\u00e8ncia de p\u00fablic"},"content":{"rendered":"<p><span>Mutxamel va viure diumenge passat 26 d&#8217;abril una jornada esportiva de primer nivell amb la celebraci\u00f3 del PumpTrack 2026, un esdeveniment que va tornar a consolidar-se com una de les cites m\u00e9s destacades del calendari juvenil i esportiu del municipi. La competici\u00f3, emmarcada en la ja reconeguda \u201cKing of PumpTrack\u201d, va reunir un elevat nombre de participants i va atraure a visitants procedents de diferents punts de la Comunitat Valenciana, la Regi\u00f3 de M\u00farcia i altres comunitats, generant un ambient din\u00e0mic i de gran projecci\u00f3 per a la localitat.<\/span><\/p>\n<p><span>Des de primeres hores del mat\u00ed, el circuit es va omplir d&#8217;activitat amb riders de diferents disciplines \u2014skate, esc\u00fater, BMX i patins\u2014 que van demostrar un alt nivell t\u00e8cnic i competitiu en cadascuna de les categories establides per edats. La limitaci\u00f3 de dorsals es va completar amb antelaci\u00f3, reflectint el gran inter\u00e8s suscitat per la prova i l&#8217;excel\u00b7lent acolliment entre joves esportistes.<\/span><\/p>\n<p><span>L&#8217;esdeveniment va comptar amb la visita de l&#8217;alcalde de Mutxamel, qui va voler recolzar personalment la iniciativa i destacar la import\u00e0ncia de fomentar activitats esportives que impulsen la participaci\u00f3 juvenil i l&#8217;\u00fas d&#8217;espais p\u00fablics com a punt de trobada saludable. La jornada va culminar amb el lliurament de premis, que va ser presidida per la regidora de Joventut, Estefan\u00eda Moreno, qui va posar en valor l&#8217;esfor\u00e7 organitzatiu i la consolidaci\u00f3 d&#8217;aquesta mena d&#8217;iniciatives en el municipi.<\/span><\/p>\n<p><span>Durant la seua intervenci\u00f3, la regidora va agrair especialment la implicaci\u00f3 de l&#8217;organitzaci\u00f3 Slide per la seua dedicaci\u00f3 i comprom\u00eds, \u201cun any m\u00e9s al peu del can\u00f3\u201d, aix\u00ed com la participaci\u00f3 de tots els esportistes i assistents que van fer possible l&#8217;\u00e8xit de l&#8217;esdeveniment. Aix\u00ed mateix, va destacar el paper fonamental de la Casa de la Joventut de Mutxamel, la col\u00b7laboraci\u00f3 de la qual ha resultat imprescindible per al desenvolupament d&#8217;aquesta competici\u00f3.<\/span><\/p>\n<p><span>Amb m\u00e9s de 2.300 euros en premis i material, sortejos entre participants i un ambient marcat per la velocitat, l&#8217;emoci\u00f3 i la conviv\u00e8ncia, el PumpTrack 2026 es tanca amb un balan\u00e7 altament positiu. Mutxamel reafirma aix\u00ed la seua aposta per l&#8217;esport urb\u00e0 i per la creaci\u00f3 d&#8217;espais que promoguen el talent jove i la participaci\u00f3 activa de la ciutadania.<\/span><\/p>\n","protected":false},"excerpt":{"rendered":"<p>Mutxamel va viure diumenge passat 26 d&#8217;abril una jornada esportiva de primer nivell amb la celebraci\u00f3 del PumpTrack 2026, un esdeveniment que va tornar a consolidar-se com una de les cites m\u00e9s destacades del calendari juvenil i esportiu del municipi. La competici\u00f3, emmarcada en la ja reconeguda \u201cKing of PumpTrack\u201d, va reunir un elevat nombre&#8230;<\/p>\n","protected":false},"author":5,"featured_media":67545,"comment_status":"closed","ping_status":"open","sticky":false,"template":"","format":"standard","meta":{"_acf_changed":false,"footnotes":""},"categories":[475,282],"tags":[],"class_list":["post-67549","post","type-post","status-publish","format-standard","has-post-thumbnail","hentry","category-joventut","category-noticies"],"acf":[],"yoast_head":"<!-- This site is optimized with the Yoast SEO plugin v27.3 - https:\/\/yoast.com\/product\/yoast-seo-wordpress\/ -->\n<title>\u00c8xit rotund del PumpTrack 2026 a Mutxamel amb r\u00e8cord de participaci\u00f3 i aflu\u00e8ncia de p\u00fablic - Ayuntamiento de Mutxamel<\/title>\n<meta name=\"robots\" content=\"index, follow, max-snippet:-1, max-image-preview:large, max-video-preview:-1\" \/>\n<link rel=\"canonical\" href=\"https:\/\/ayto.mutxamel.org\/ca\/exito-rotundo-del-pumptrack-2026-en-mutxamel-con-record-de-participacion-y-afluencia-de-publico\/\" \/>\n<meta property=\"og:locale\" content=\"ca_ES\" \/>\n<meta property=\"og:type\" content=\"article\" \/>\n<meta property=\"og:title\" content=\"\u00c8xit rotund del PumpTrack 2026 a Mutxamel amb r\u00e8cord de participaci\u00f3 i aflu\u00e8ncia de p\u00fablic - Ayuntamiento de Mutxamel\" \/>\n<meta property=\"og:description\" content=\"Mutxamel va viure diumenge passat 26 d&#8217;abril una jornada esportiva de primer nivell amb la celebraci\u00f3 del PumpTrack 2026, un esdeveniment que va tornar a consolidar-se com una de les cites m\u00e9s destacades del calendari juvenil i esportiu del municipi. La competici\u00f3, emmarcada en la ja reconeguda \u201cKing of PumpTrack\u201d, va reunir un elevat nombre...\" \/>\n<meta property=\"og:url\" content=\"https:\/\/ayto.mutxamel.org\/ca\/exito-rotundo-del-pumptrack-2026-en-mutxamel-con-record-de-participacion-y-afluencia-de-publico\/\" \/>\n<meta property=\"og:site_name\" content=\"Ayuntamiento de Mutxamel\" \/>\n<meta property=\"article:published_time\" content=\"2026-04-28T11:42:36+00:00\" \/>\n<meta property=\"article:modified_time\" content=\"2026-04-28T11:43:32+00:00\" \/>\n<meta property=\"og:image\" content=\"https:\/\/ayto.mutxamel.org\/wp-content\/uploads\/2026\/04\/PUMPTRUCK2026.jpg\" \/>\n\t<meta property=\"og:image:width\" content=\"1080\" \/>\n\t<meta property=\"og:image:height\" content=\"1350\" \/>\n\t<meta property=\"og:image:type\" content=\"image\/jpeg\" \/>\n<meta name=\"author\" content=\"Ayuntamiento Mutxamel\" \/>\n<meta name=\"twitter:card\" content=\"summary_large_image\" \/>\n<meta name=\"twitter:label1\" content=\"Escrit per\" \/>\n\t<meta name=\"twitter:data1\" content=\"Ayuntamiento Mutxamel\" \/>\n\t<meta name=\"twitter:label2\" content=\"Temps estimat de lectura\" \/>\n\t<meta name=\"twitter:data2\" content=\"2 minuts\" \/>\n<script type=\"application\/ld+json\" class=\"yoast-schema-graph\">{\"@context\":\"https:\\\/\\\/schema.org\",\"@graph\":[{\"@type\":\"Article\",\"@id\":\"https:\\\/\\\/ayto.mutxamel.org\\\/ca\\\/exito-rotundo-del-pumptrack-2026-en-mutxamel-con-record-de-participacion-y-afluencia-de-publico\\\/#article\",\"isPartOf\":{\"@id\":\"https:\\\/\\\/ayto.mutxamel.org\\\/ca\\\/exito-rotundo-del-pumptrack-2026-en-mutxamel-con-record-de-participacion-y-afluencia-de-publico\\\/\"},\"author\":{\"name\":\"Ayuntamiento Mutxamel\",\"@id\":\"https:\\\/\\\/ayto.mutxamel.org\\\/ca\\\/#\\\/schema\\\/person\\\/0a64c1c652c34ba957ddc1a83e56bbfa\"},\"headline\":\"\u00c8xit rotund del PumpTrack 2026 a Mutxamel amb r\u00e8cord de participaci\u00f3 i aflu\u00e8ncia de p\u00fablic\",\"datePublished\":\"2026-04-28T11:42:36+00:00\",\"dateModified\":\"2026-04-28T11:43:32+00:00\",\"mainEntityOfPage\":{\"@id\":\"https:\\\/\\\/ayto.mutxamel.org\\\/ca\\\/exito-rotundo-del-pumptrack-2026-en-mutxamel-con-record-de-participacion-y-afluencia-de-publico\\\/\"},\"wordCount\":403,\"image\":{\"@id\":\"https:\\\/\\\/ayto.mutxamel.org\\\/ca\\\/exito-rotundo-del-pumptrack-2026-en-mutxamel-con-record-de-participacion-y-afluencia-de-publico\\\/#primaryimage\"},\"thumbnailUrl\":\"https:\\\/\\\/ayto.mutxamel.org\\\/wp-content\\\/uploads\\\/2026\\\/04\\\/PUMPTRUCK2026.jpg\",\"articleSection\":[\"Joventut\",\"Noticies\"],\"inLanguage\":\"ca\"},{\"@type\":\"WebPage\",\"@id\":\"https:\\\/\\\/ayto.mutxamel.org\\\/ca\\\/exito-rotundo-del-pumptrack-2026-en-mutxamel-con-record-de-participacion-y-afluencia-de-publico\\\/\",\"url\":\"https:\\\/\\\/ayto.mutxamel.org\\\/ca\\\/exito-rotundo-del-pumptrack-2026-en-mutxamel-con-record-de-participacion-y-afluencia-de-publico\\\/\",\"name\":\"\u00c8xit rotund del PumpTrack 2026 a Mutxamel amb r\u00e8cord de participaci\u00f3 i aflu\u00e8ncia de p\u00fablic - Ayuntamiento de Mutxamel\",\"isPartOf\":{\"@id\":\"https:\\\/\\\/ayto.mutxamel.org\\\/ca\\\/#website\"},\"primaryImageOfPage\":{\"@id\":\"https:\\\/\\\/ayto.mutxamel.org\\\/ca\\\/exito-rotundo-del-pumptrack-2026-en-mutxamel-con-record-de-participacion-y-afluencia-de-publico\\\/#primaryimage\"},\"image\":{\"@id\":\"https:\\\/\\\/ayto.mutxamel.org\\\/ca\\\/exito-rotundo-del-pumptrack-2026-en-mutxamel-con-record-de-participacion-y-afluencia-de-publico\\\/#primaryimage\"},\"thumbnailUrl\":\"https:\\\/\\\/ayto.mutxamel.org\\\/wp-content\\\/uploads\\\/2026\\\/04\\\/PUMPTRUCK2026.jpg\",\"datePublished\":\"2026-04-28T11:42:36+00:00\",\"dateModified\":\"2026-04-28T11:43:32+00:00\",\"author\":{\"@id\":\"https:\\\/\\\/ayto.mutxamel.org\\\/ca\\\/#\\\/schema\\\/person\\\/0a64c1c652c34ba957ddc1a83e56bbfa\"},\"breadcrumb\":{\"@id\":\"https:\\\/\\\/ayto.mutxamel.org\\\/ca\\\/exito-rotundo-del-pumptrack-2026-en-mutxamel-con-record-de-participacion-y-afluencia-de-publico\\\/#breadcrumb\"},\"inLanguage\":\"ca\",\"potentialAction\":[{\"@type\":\"ReadAction\",\"target\":[\"https:\\\/\\\/ayto.mutxamel.org\\\/ca\\\/exito-rotundo-del-pumptrack-2026-en-mutxamel-con-record-de-participacion-y-afluencia-de-publico\\\/\"]}]},{\"@type\":\"ImageObject\",\"inLanguage\":\"ca\",\"@id\":\"https:\\\/\\\/ayto.mutxamel.org\\\/ca\\\/exito-rotundo-del-pumptrack-2026-en-mutxamel-con-record-de-participacion-y-afluencia-de-publico\\\/#primaryimage\",\"url\":\"https:\\\/\\\/ayto.mutxamel.org\\\/wp-content\\\/uploads\\\/2026\\\/04\\\/PUMPTRUCK2026.jpg\",\"contentUrl\":\"https:\\\/\\\/ayto.mutxamel.org\\\/wp-content\\\/uploads\\\/2026\\\/04\\\/PUMPTRUCK2026.jpg\",\"width\":1080,\"height\":1350},{\"@type\":\"BreadcrumbList\",\"@id\":\"https:\\\/\\\/ayto.mutxamel.org\\\/ca\\\/exito-rotundo-del-pumptrack-2026-en-mutxamel-con-record-de-participacion-y-afluencia-de-publico\\\/#breadcrumb\",\"itemListElement\":[{\"@type\":\"ListItem\",\"position\":1,\"name\":\"Portada\",\"item\":\"https:\\\/\\\/ayto.mutxamel.org\\\/ca\\\/\"},{\"@type\":\"ListItem\",\"position\":2,\"name\":\"\u00c8xit rotund del PumpTrack 2026 a Mutxamel amb r\u00e8cord de participaci\u00f3 i aflu\u00e8ncia de p\u00fablic\"}]},{\"@type\":\"WebSite\",\"@id\":\"https:\\\/\\\/ayto.mutxamel.org\\\/ca\\\/#website\",\"url\":\"https:\\\/\\\/ayto.mutxamel.org\\\/ca\\\/\",\"name\":\"Ayuntamiento de Mutxamel\",\"description\":\"\",\"potentialAction\":[{\"@type\":\"SearchAction\",\"target\":{\"@type\":\"EntryPoint\",\"urlTemplate\":\"https:\\\/\\\/ayto.mutxamel.org\\\/ca\\\/?s={search_term_string}\"},\"query-input\":{\"@type\":\"PropertyValueSpecification\",\"valueRequired\":true,\"valueName\":\"search_term_string\"}}],\"inLanguage\":\"ca\"},{\"@type\":\"Person\",\"@id\":\"https:\\\/\\\/ayto.mutxamel.org\\\/ca\\\/#\\\/schema\\\/person\\\/0a64c1c652c34ba957ddc1a83e56bbfa\",\"name\":\"Ayuntamiento Mutxamel\",\"url\":\"https:\\\/\\\/ayto.mutxamel.org\\\/ca\\\/author\\\/ayuntamiento-mutxamel\\\/\"}]}<\/script>\n<!-- \/ Yoast SEO plugin. -->","yoast_head_json":{"title":"\u00c8xit rotund del PumpTrack 2026 a Mutxamel amb r\u00e8cord de participaci\u00f3 i aflu\u00e8ncia de p\u00fablic - Ayuntamiento de Mutxamel","robots":{"index":"index","follow":"follow","max-snippet":"max-snippet:-1","max-image-preview":"max-image-preview:large","max-video-preview":"max-video-preview:-1"},"canonical":"https:\/\/ayto.mutxamel.org\/ca\/exito-rotundo-del-pumptrack-2026-en-mutxamel-con-record-de-participacion-y-afluencia-de-publico\/","og_locale":"ca_ES","og_type":"article","og_title":"\u00c8xit rotund del PumpTrack 2026 a Mutxamel amb r\u00e8cord de participaci\u00f3 i aflu\u00e8ncia de p\u00fablic - Ayuntamiento de Mutxamel","og_description":"Mutxamel va viure diumenge passat 26 d&#8217;abril una jornada esportiva de primer nivell amb la celebraci\u00f3 del PumpTrack 2026, un esdeveniment que va tornar a consolidar-se com una de les cites m\u00e9s destacades del calendari juvenil i esportiu del municipi. La competici\u00f3, emmarcada en la ja reconeguda \u201cKing of PumpTrack\u201d, va reunir un elevat nombre...","og_url":"https:\/\/ayto.mutxamel.org\/ca\/exito-rotundo-del-pumptrack-2026-en-mutxamel-con-record-de-participacion-y-afluencia-de-publico\/","og_site_name":"Ayuntamiento de Mutxamel","article_published_time":"2026-04-28T11:42:36+00:00","article_modified_time":"2026-04-28T11:43:32+00:00","og_image":[{"width":1080,"height":1350,"url":"https:\/\/ayto.mutxamel.org\/wp-content\/uploads\/2026\/04\/PUMPTRUCK2026.jpg","type":"image\/jpeg"}],"author":"Ayuntamiento Mutxamel","twitter_card":"summary_large_image","twitter_misc":{"Escrit per":"Ayuntamiento Mutxamel","Temps estimat de lectura":"2 minuts"},"schema":{"@context":"https:\/\/schema.org","@graph":[{"@type":"Article","@id":"https:\/\/ayto.mutxamel.org\/ca\/exito-rotundo-del-pumptrack-2026-en-mutxamel-con-record-de-participacion-y-afluencia-de-publico\/#article","isPartOf":{"@id":"https:\/\/ayto.mutxamel.org\/ca\/exito-rotundo-del-pumptrack-2026-en-mutxamel-con-record-de-participacion-y-afluencia-de-publico\/"},"author":{"name":"Ayuntamiento Mutxamel","@id":"https:\/\/ayto.mutxamel.org\/ca\/#\/schema\/person\/0a64c1c652c34ba957ddc1a83e56bbfa"},"headline":"\u00c8xit rotund del PumpTrack 2026 a Mutxamel amb r\u00e8cord de participaci\u00f3 i aflu\u00e8ncia de p\u00fablic","datePublished":"2026-04-28T11:42:36+00:00","dateModified":"2026-04-28T11:43:32+00:00","mainEntityOfPage":{"@id":"https:\/\/ayto.mutxamel.org\/ca\/exito-rotundo-del-pumptrack-2026-en-mutxamel-con-record-de-participacion-y-afluencia-de-publico\/"},"wordCount":403,"image":{"@id":"https:\/\/ayto.mutxamel.org\/ca\/exito-rotundo-del-pumptrack-2026-en-mutxamel-con-record-de-participacion-y-afluencia-de-publico\/#primaryimage"},"thumbnailUrl":"https:\/\/ayto.mutxamel.org\/wp-content\/uploads\/2026\/04\/PUMPTRUCK2026.jpg","articleSection":["Joventut","Noticies"],"inLanguage":"ca"},{"@type":"WebPage","@id":"https:\/\/ayto.mutxamel.org\/ca\/exito-rotundo-del-pumptrack-2026-en-mutxamel-con-record-de-participacion-y-afluencia-de-publico\/","url":"https:\/\/ayto.mutxamel.org\/ca\/exito-rotundo-del-pumptrack-2026-en-mutxamel-con-record-de-participacion-y-afluencia-de-publico\/","name":"\u00c8xit rotund del PumpTrack 2026 a Mutxamel amb r\u00e8cord de participaci\u00f3 i aflu\u00e8ncia de p\u00fablic - Ayuntamiento de Mutxamel","isPartOf":{"@id":"https:\/\/ayto.mutxamel.org\/ca\/#website"},"primaryImageOfPage":{"@id":"https:\/\/ayto.mutxamel.org\/ca\/exito-rotundo-del-pumptrack-2026-en-mutxamel-con-record-de-participacion-y-afluencia-de-publico\/#primaryimage"},"image":{"@id":"https:\/\/ayto.mutxamel.org\/ca\/exito-rotundo-del-pumptrack-2026-en-mutxamel-con-record-de-participacion-y-afluencia-de-publico\/#primaryimage"},"thumbnailUrl":"https:\/\/ayto.mutxamel.org\/wp-content\/uploads\/2026\/04\/PUMPTRUCK2026.jpg","datePublished":"2026-04-28T11:42:36+00:00","dateModified":"2026-04-28T11:43:32+00:00","author":{"@id":"https:\/\/ayto.mutxamel.org\/ca\/#\/schema\/person\/0a64c1c652c34ba957ddc1a83e56bbfa"},"breadcrumb":{"@id":"https:\/\/ayto.mutxamel.org\/ca\/exito-rotundo-del-pumptrack-2026-en-mutxamel-con-record-de-participacion-y-afluencia-de-publico\/#breadcrumb"},"inLanguage":"ca","potentialAction":[{"@type":"ReadAction","target":["https:\/\/ayto.mutxamel.org\/ca\/exito-rotundo-del-pumptrack-2026-en-mutxamel-con-record-de-participacion-y-afluencia-de-publico\/"]}]},{"@type":"ImageObject","inLanguage":"ca","@id":"https:\/\/ayto.mutxamel.org\/ca\/exito-rotundo-del-pumptrack-2026-en-mutxamel-con-record-de-participacion-y-afluencia-de-publico\/#primaryimage","url":"https:\/\/ayto.mutxamel.org\/wp-content\/uploads\/2026\/04\/PUMPTRUCK2026.jpg","contentUrl":"https:\/\/ayto.mutxamel.org\/wp-content\/uploads\/2026\/04\/PUMPTRUCK2026.jpg","width":1080,"height":1350},{"@type":"BreadcrumbList","@id":"https:\/\/ayto.mutxamel.org\/ca\/exito-rotundo-del-pumptrack-2026-en-mutxamel-con-record-de-participacion-y-afluencia-de-publico\/#breadcrumb","itemListElement":[{"@type":"ListItem","position":1,"name":"Portada","item":"https:\/\/ayto.mutxamel.org\/ca\/"},{"@type":"ListItem","position":2,"name":"\u00c8xit rotund del PumpTrack 2026 a Mutxamel amb r\u00e8cord de participaci\u00f3 i aflu\u00e8ncia de p\u00fablic"}]},{"@type":"WebSite","@id":"https:\/\/ayto.mutxamel.org\/ca\/#website","url":"https:\/\/ayto.mutxamel.org\/ca\/","name":"Ayuntamiento de Mutxamel","description":"","potentialAction":[{"@type":"SearchAction","target":{"@type":"EntryPoint","urlTemplate":"https:\/\/ayto.mutxamel.org\/ca\/?s={search_term_string}"},"query-input":{"@type":"PropertyValueSpecification","valueRequired":true,"valueName":"search_term_string"}}],"inLanguage":"ca"},{"@type":"Person","@id":"https:\/\/ayto.mutxamel.org\/ca\/#\/schema\/person\/0a64c1c652c34ba957ddc1a83e56bbfa","name":"Ayuntamiento Mutxamel","url":"https:\/\/ayto.mutxamel.org\/ca\/author\/ayuntamiento-mutxamel\/"}]}},"_links":{"self":[{"href":"https:\/\/ayto.mutxamel.org\/ca\/wp-json\/wp\/v2\/posts\/67549","targetHints":{"allow":["GET"]}}],"collection":[{"href":"https:\/\/ayto.mutxamel.org\/ca\/wp-json\/wp\/v2\/posts"}],"about":[{"href":"https:\/\/ayto.mutxamel.org\/ca\/wp-json\/wp\/v2\/types\/post"}],"author":[{"embeddable":true,"href":"https:\/\/ayto.mutxamel.org\/ca\/wp-json\/wp\/v2\/users\/5"}],"replies":[{"embeddable":true,"href":"https:\/\/ayto.mutxamel.org\/ca\/wp-json\/wp\/v2\/comments?post=67549"}],"version-history":[{"count":1,"href":"https:\/\/ayto.mutxamel.org\/ca\/wp-json\/wp\/v2\/posts\/67549\/revisions"}],"predecessor-version":[{"id":67550,"href":"https:\/\/ayto.mutxamel.org\/ca\/wp-json\/wp\/v2\/posts\/67549\/revisions\/67550"}],"wp:featuredmedia":[{"embeddable":true,"href":"https:\/\/ayto.mutxamel.org\/ca\/wp-json\/wp\/v2\/media\/67545"}],"wp:attachment":[{"href":"https:\/\/ayto.mutxamel.org\/ca\/wp-json\/wp\/v2\/media?parent=67549"}],"wp:term":[{"taxonomy":"category","embeddable":true,"href":"https:\/\/ayto.mutxamel.org\/ca\/wp-json\/wp\/v2\/categories?post=67549"},{"taxonomy":"post_tag","embeddable":true,"href":"https:\/\/ayto.mutxamel.org\/ca\/wp-json\/wp\/v2\/tags?post=67549"}],"curies":[{"name":"wp","href":"https:\/\/api.w.org\/{rel}","templated":true}]}}