{"id":67527,"date":"2026-04-27T10:07:50","date_gmt":"2026-04-27T08:07:50","guid":{"rendered":"https:\/\/ayto.mutxamel.org\/mutxamel-floreix-al-maig-amb-un-programa-de-visites-guiades-i-experiencies-culturals\/"},"modified":"2026-04-27T10:12:31","modified_gmt":"2026-04-27T08:12:31","slug":"mutxamel-floreix-al-maig-amb-un-programa-de-visites-guiades-i-experiencies-culturals","status":"publish","type":"post","link":"https:\/\/ayto.mutxamel.org\/ca\/mutxamel-floreix-al-maig-amb-un-programa-de-visites-guiades-i-experiencies-culturals\/","title":{"rendered":"Mutxamel floreix al maig amb un programa de visites guiades i experi\u00e8ncies culturals"},"content":{"rendered":"<p>L\u2019Ajuntament de Mutxamel presenta una completa programaci\u00f3 d\u2019activitats per al mes de maig sota el lema \u201cMutxamel floreix al maig\u201d, una proposta que convida a ve\u00efns i visitants a gaudir de la primavera a trav\u00e9s del patrimoni, la hist\u00f2ria i la natura del municipi.<\/p>\n<p>Durant tot el mes, s\u2019han organitzat visites guiades i experi\u00e8ncies teatralitzades pensades per a tots els p\u00fablics, amb l\u2019objectiu de posar en valor els espais m\u00e9s emblem\u00e0tics de Mutxamel d\u2019una manera din\u00e0mica i participativa.<\/p>\n<p><strong>Agenda d\u2019activitats<\/strong><\/p>\n<ul>\n<li><strong>3 de maig<\/strong> \u2013 Jardins de Pe\u00f1acerrada<\/li>\n<li><strong>10 de maig<\/strong> \u2013 Visita teatralitzada a Santa Elena<\/li>\n<li><strong>10 i 24 de maig<\/strong> \u2013 Les Fontetes \u2013 Assut de Mutxamel<\/li>\n<li><strong>17 de maig<\/strong> \u2013 Tren teatralitzat de les ermites<\/li>\n<li><strong>31 de maig<\/strong> \u2013 Torre de Defensa amb tast de vins (activitat per a majors de 18 anys)<\/li>\n<\/ul>\n<p>Totes les activitats compten amb places limitades, per la qual cosa \u00e9s necess\u00e0ria la inscripci\u00f3 pr\u00e8via a trav\u00e9s del correu electr\u00f2nic: <strong>inscripcionesturismo@mutxamel.org<\/strong>.<\/p>\n<p>Amb esta iniciativa, l\u2019Ajuntament refor\u00e7a la seua aposta per la promoci\u00f3 tur\u00edstica i cultural, oferint una proposta que combina cultura, natura, hist\u00f2ria i oci en un entorn \u00fanic.<\/p>\n<p>Mutxamel es consolida aix\u00ed com un dest\u00ed ideal per a gaudir de la primavera.<\/p>\n","protected":false},"excerpt":{"rendered":"<p>L\u2019Ajuntament de Mutxamel presenta una completa programaci\u00f3 d\u2019activitats per al mes de maig sota el lema \u201cMutxamel floreix al maig\u201d, una proposta que convida a ve\u00efns i visitants a gaudir de la primavera a trav\u00e9s del patrimoni, la hist\u00f2ria i la natura del municipi. Durant tot el mes, s\u2019han organitzat visites guiades i experi\u00e8ncies teatralitzades&#8230;<\/p>\n","protected":false},"author":12,"featured_media":67528,"comment_status":"closed","ping_status":"open","sticky":false,"template":"","format":"standard","meta":{"_acf_changed":false,"footnotes":""},"categories":[282,436,437],"tags":[],"class_list":["post-67527","post","type-post","status-publish","format-standard","has-post-thumbnail","hentry","category-noticies","category-turimtx-va","category-turisme"],"acf":[],"yoast_head":"<!-- This site is optimized with the Yoast SEO plugin v27.3 - https:\/\/yoast.com\/product\/yoast-seo-wordpress\/ -->\n<title>Mutxamel floreix al maig amb un programa de visites guiades i experi\u00e8ncies culturals - Ayuntamiento de Mutxamel<\/title>\n<meta name=\"robots\" content=\"index, follow, max-snippet:-1, max-image-preview:large, max-video-preview:-1\" \/>\n<link rel=\"canonical\" href=\"https:\/\/ayto.mutxamel.org\/ca\/mutxamel-floreix-al-maig-amb-un-programa-de-visites-guiades-i-experiencies-culturals\/\" \/>\n<meta property=\"og:locale\" content=\"ca_ES\" \/>\n<meta property=\"og:type\" content=\"article\" \/>\n<meta property=\"og:title\" content=\"Mutxamel floreix al maig amb un programa de visites guiades i experi\u00e8ncies culturals - Ayuntamiento de Mutxamel\" \/>\n<meta property=\"og:description\" content=\"L\u2019Ajuntament de Mutxamel presenta una completa programaci\u00f3 d\u2019activitats per al mes de maig sota el lema \u201cMutxamel floreix al maig\u201d, una proposta que convida a ve\u00efns i visitants a gaudir de la primavera a trav\u00e9s del patrimoni, la hist\u00f2ria i la natura del municipi. Durant tot el mes, s\u2019han organitzat visites guiades i experi\u00e8ncies teatralitzades...\" \/>\n<meta property=\"og:url\" content=\"https:\/\/ayto.mutxamel.org\/ca\/mutxamel-floreix-al-maig-amb-un-programa-de-visites-guiades-i-experiencies-culturals\/\" \/>\n<meta property=\"og:site_name\" content=\"Ayuntamiento de Mutxamel\" \/>\n<meta property=\"article:published_time\" content=\"2026-04-27T08:07:50+00:00\" \/>\n<meta property=\"article:modified_time\" content=\"2026-04-27T08:12:31+00:00\" \/>\n<meta property=\"og:image\" content=\"https:\/\/ayto.mutxamel.org\/wp-content\/uploads\/2026\/04\/Cartel-Mutxamel-Mayo-2026-VAL-scaled.jpg\" \/>\n\t<meta property=\"og:image:width\" content=\"1357\" \/>\n\t<meta property=\"og:image:height\" content=\"1920\" \/>\n\t<meta property=\"og:image:type\" content=\"image\/jpeg\" \/>\n<meta name=\"author\" content=\"GC_Luis\" \/>\n<meta name=\"twitter:card\" content=\"summary_large_image\" \/>\n<meta name=\"twitter:label1\" content=\"Escrit per\" \/>\n\t<meta name=\"twitter:data1\" content=\"GC_Luis\" \/>\n\t<meta name=\"twitter:label2\" content=\"Temps estimat de lectura\" \/>\n\t<meta name=\"twitter:data2\" content=\"2 minuts\" \/>\n<script type=\"application\/ld+json\" class=\"yoast-schema-graph\">{\"@context\":\"https:\\\/\\\/schema.org\",\"@graph\":[{\"@type\":\"Article\",\"@id\":\"https:\\\/\\\/ayto.mutxamel.org\\\/ca\\\/mutxamel-floreix-al-maig-amb-un-programa-de-visites-guiades-i-experiencies-culturals\\\/#article\",\"isPartOf\":{\"@id\":\"https:\\\/\\\/ayto.mutxamel.org\\\/ca\\\/mutxamel-floreix-al-maig-amb-un-programa-de-visites-guiades-i-experiencies-culturals\\\/\"},\"author\":{\"name\":\"GC_Luis\",\"@id\":\"https:\\\/\\\/ayto.mutxamel.org\\\/ca\\\/#\\\/schema\\\/person\\\/7bd4a860ef8d5eb9c6228c3e24dce6c0\"},\"headline\":\"Mutxamel floreix al maig amb un programa de visites guiades i experi\u00e8ncies culturals\",\"datePublished\":\"2026-04-27T08:07:50+00:00\",\"dateModified\":\"2026-04-27T08:12:31+00:00\",\"mainEntityOfPage\":{\"@id\":\"https:\\\/\\\/ayto.mutxamel.org\\\/ca\\\/mutxamel-floreix-al-maig-amb-un-programa-de-visites-guiades-i-experiencies-culturals\\\/\"},\"wordCount\":225,\"image\":{\"@id\":\"https:\\\/\\\/ayto.mutxamel.org\\\/ca\\\/mutxamel-floreix-al-maig-amb-un-programa-de-visites-guiades-i-experiencies-culturals\\\/#primaryimage\"},\"thumbnailUrl\":\"https:\\\/\\\/ayto.mutxamel.org\\\/wp-content\\\/uploads\\\/2026\\\/04\\\/Cartel-Mutxamel-Mayo-2026-VAL-scaled.jpg\",\"articleSection\":[\"Noticies\",\"turimtx-va\",\"Turisme\"],\"inLanguage\":\"ca\"},{\"@type\":\"WebPage\",\"@id\":\"https:\\\/\\\/ayto.mutxamel.org\\\/ca\\\/mutxamel-floreix-al-maig-amb-un-programa-de-visites-guiades-i-experiencies-culturals\\\/\",\"url\":\"https:\\\/\\\/ayto.mutxamel.org\\\/ca\\\/mutxamel-floreix-al-maig-amb-un-programa-de-visites-guiades-i-experiencies-culturals\\\/\",\"name\":\"Mutxamel floreix al maig amb un programa de visites guiades i experi\u00e8ncies culturals - Ayuntamiento de Mutxamel\",\"isPartOf\":{\"@id\":\"https:\\\/\\\/ayto.mutxamel.org\\\/ca\\\/#website\"},\"primaryImageOfPage\":{\"@id\":\"https:\\\/\\\/ayto.mutxamel.org\\\/ca\\\/mutxamel-floreix-al-maig-amb-un-programa-de-visites-guiades-i-experiencies-culturals\\\/#primaryimage\"},\"image\":{\"@id\":\"https:\\\/\\\/ayto.mutxamel.org\\\/ca\\\/mutxamel-floreix-al-maig-amb-un-programa-de-visites-guiades-i-experiencies-culturals\\\/#primaryimage\"},\"thumbnailUrl\":\"https:\\\/\\\/ayto.mutxamel.org\\\/wp-content\\\/uploads\\\/2026\\\/04\\\/Cartel-Mutxamel-Mayo-2026-VAL-scaled.jpg\",\"datePublished\":\"2026-04-27T08:07:50+00:00\",\"dateModified\":\"2026-04-27T08:12:31+00:00\",\"author\":{\"@id\":\"https:\\\/\\\/ayto.mutxamel.org\\\/ca\\\/#\\\/schema\\\/person\\\/7bd4a860ef8d5eb9c6228c3e24dce6c0\"},\"breadcrumb\":{\"@id\":\"https:\\\/\\\/ayto.mutxamel.org\\\/ca\\\/mutxamel-floreix-al-maig-amb-un-programa-de-visites-guiades-i-experiencies-culturals\\\/#breadcrumb\"},\"inLanguage\":\"ca\",\"potentialAction\":[{\"@type\":\"ReadAction\",\"target\":[\"https:\\\/\\\/ayto.mutxamel.org\\\/ca\\\/mutxamel-floreix-al-maig-amb-un-programa-de-visites-guiades-i-experiencies-culturals\\\/\"]}]},{\"@type\":\"ImageObject\",\"inLanguage\":\"ca\",\"@id\":\"https:\\\/\\\/ayto.mutxamel.org\\\/ca\\\/mutxamel-floreix-al-maig-amb-un-programa-de-visites-guiades-i-experiencies-culturals\\\/#primaryimage\",\"url\":\"https:\\\/\\\/ayto.mutxamel.org\\\/wp-content\\\/uploads\\\/2026\\\/04\\\/Cartel-Mutxamel-Mayo-2026-VAL-scaled.jpg\",\"contentUrl\":\"https:\\\/\\\/ayto.mutxamel.org\\\/wp-content\\\/uploads\\\/2026\\\/04\\\/Cartel-Mutxamel-Mayo-2026-VAL-scaled.jpg\",\"width\":1357,\"height\":1920},{\"@type\":\"BreadcrumbList\",\"@id\":\"https:\\\/\\\/ayto.mutxamel.org\\\/ca\\\/mutxamel-floreix-al-maig-amb-un-programa-de-visites-guiades-i-experiencies-culturals\\\/#breadcrumb\",\"itemListElement\":[{\"@type\":\"ListItem\",\"position\":1,\"name\":\"Portada\",\"item\":\"https:\\\/\\\/ayto.mutxamel.org\\\/ca\\\/\"},{\"@type\":\"ListItem\",\"position\":2,\"name\":\"Mutxamel floreix al maig amb un programa de visites guiades i experi\u00e8ncies culturals\"}]},{\"@type\":\"WebSite\",\"@id\":\"https:\\\/\\\/ayto.mutxamel.org\\\/ca\\\/#website\",\"url\":\"https:\\\/\\\/ayto.mutxamel.org\\\/ca\\\/\",\"name\":\"Ayuntamiento de Mutxamel\",\"description\":\"\",\"potentialAction\":[{\"@type\":\"SearchAction\",\"target\":{\"@type\":\"EntryPoint\",\"urlTemplate\":\"https:\\\/\\\/ayto.mutxamel.org\\\/ca\\\/?s={search_term_string}\"},\"query-input\":{\"@type\":\"PropertyValueSpecification\",\"valueRequired\":true,\"valueName\":\"search_term_string\"}}],\"inLanguage\":\"ca\"},{\"@type\":\"Person\",\"@id\":\"https:\\\/\\\/ayto.mutxamel.org\\\/ca\\\/#\\\/schema\\\/person\\\/7bd4a860ef8d5eb9c6228c3e24dce6c0\",\"name\":\"GC_Luis\",\"url\":\"https:\\\/\\\/ayto.mutxamel.org\\\/ca\\\/author\\\/gc_luis\\\/\"}]}<\/script>\n<!-- \/ Yoast SEO plugin. -->","yoast_head_json":{"title":"Mutxamel floreix al maig amb un programa de visites guiades i experi\u00e8ncies culturals - Ayuntamiento de Mutxamel","robots":{"index":"index","follow":"follow","max-snippet":"max-snippet:-1","max-image-preview":"max-image-preview:large","max-video-preview":"max-video-preview:-1"},"canonical":"https:\/\/ayto.mutxamel.org\/ca\/mutxamel-floreix-al-maig-amb-un-programa-de-visites-guiades-i-experiencies-culturals\/","og_locale":"ca_ES","og_type":"article","og_title":"Mutxamel floreix al maig amb un programa de visites guiades i experi\u00e8ncies culturals - Ayuntamiento de Mutxamel","og_description":"L\u2019Ajuntament de Mutxamel presenta una completa programaci\u00f3 d\u2019activitats per al mes de maig sota el lema \u201cMutxamel floreix al maig\u201d, una proposta que convida a ve\u00efns i visitants a gaudir de la primavera a trav\u00e9s del patrimoni, la hist\u00f2ria i la natura del municipi. Durant tot el mes, s\u2019han organitzat visites guiades i experi\u00e8ncies teatralitzades...","og_url":"https:\/\/ayto.mutxamel.org\/ca\/mutxamel-floreix-al-maig-amb-un-programa-de-visites-guiades-i-experiencies-culturals\/","og_site_name":"Ayuntamiento de Mutxamel","article_published_time":"2026-04-27T08:07:50+00:00","article_modified_time":"2026-04-27T08:12:31+00:00","og_image":[{"width":1357,"height":1920,"url":"https:\/\/ayto.mutxamel.org\/wp-content\/uploads\/2026\/04\/Cartel-Mutxamel-Mayo-2026-VAL-scaled.jpg","type":"image\/jpeg"}],"author":"GC_Luis","twitter_card":"summary_large_image","twitter_misc":{"Escrit per":"GC_Luis","Temps estimat de lectura":"2 minuts"},"schema":{"@context":"https:\/\/schema.org","@graph":[{"@type":"Article","@id":"https:\/\/ayto.mutxamel.org\/ca\/mutxamel-floreix-al-maig-amb-un-programa-de-visites-guiades-i-experiencies-culturals\/#article","isPartOf":{"@id":"https:\/\/ayto.mutxamel.org\/ca\/mutxamel-floreix-al-maig-amb-un-programa-de-visites-guiades-i-experiencies-culturals\/"},"author":{"name":"GC_Luis","@id":"https:\/\/ayto.mutxamel.org\/ca\/#\/schema\/person\/7bd4a860ef8d5eb9c6228c3e24dce6c0"},"headline":"Mutxamel floreix al maig amb un programa de visites guiades i experi\u00e8ncies culturals","datePublished":"2026-04-27T08:07:50+00:00","dateModified":"2026-04-27T08:12:31+00:00","mainEntityOfPage":{"@id":"https:\/\/ayto.mutxamel.org\/ca\/mutxamel-floreix-al-maig-amb-un-programa-de-visites-guiades-i-experiencies-culturals\/"},"wordCount":225,"image":{"@id":"https:\/\/ayto.mutxamel.org\/ca\/mutxamel-floreix-al-maig-amb-un-programa-de-visites-guiades-i-experiencies-culturals\/#primaryimage"},"thumbnailUrl":"https:\/\/ayto.mutxamel.org\/wp-content\/uploads\/2026\/04\/Cartel-Mutxamel-Mayo-2026-VAL-scaled.jpg","articleSection":["Noticies","turimtx-va","Turisme"],"inLanguage":"ca"},{"@type":"WebPage","@id":"https:\/\/ayto.mutxamel.org\/ca\/mutxamel-floreix-al-maig-amb-un-programa-de-visites-guiades-i-experiencies-culturals\/","url":"https:\/\/ayto.mutxamel.org\/ca\/mutxamel-floreix-al-maig-amb-un-programa-de-visites-guiades-i-experiencies-culturals\/","name":"Mutxamel floreix al maig amb un programa de visites guiades i experi\u00e8ncies culturals - Ayuntamiento de Mutxamel","isPartOf":{"@id":"https:\/\/ayto.mutxamel.org\/ca\/#website"},"primaryImageOfPage":{"@id":"https:\/\/ayto.mutxamel.org\/ca\/mutxamel-floreix-al-maig-amb-un-programa-de-visites-guiades-i-experiencies-culturals\/#primaryimage"},"image":{"@id":"https:\/\/ayto.mutxamel.org\/ca\/mutxamel-floreix-al-maig-amb-un-programa-de-visites-guiades-i-experiencies-culturals\/#primaryimage"},"thumbnailUrl":"https:\/\/ayto.mutxamel.org\/wp-content\/uploads\/2026\/04\/Cartel-Mutxamel-Mayo-2026-VAL-scaled.jpg","datePublished":"2026-04-27T08:07:50+00:00","dateModified":"2026-04-27T08:12:31+00:00","author":{"@id":"https:\/\/ayto.mutxamel.org\/ca\/#\/schema\/person\/7bd4a860ef8d5eb9c6228c3e24dce6c0"},"breadcrumb":{"@id":"https:\/\/ayto.mutxamel.org\/ca\/mutxamel-floreix-al-maig-amb-un-programa-de-visites-guiades-i-experiencies-culturals\/#breadcrumb"},"inLanguage":"ca","potentialAction":[{"@type":"ReadAction","target":["https:\/\/ayto.mutxamel.org\/ca\/mutxamel-floreix-al-maig-amb-un-programa-de-visites-guiades-i-experiencies-culturals\/"]}]},{"@type":"ImageObject","inLanguage":"ca","@id":"https:\/\/ayto.mutxamel.org\/ca\/mutxamel-floreix-al-maig-amb-un-programa-de-visites-guiades-i-experiencies-culturals\/#primaryimage","url":"https:\/\/ayto.mutxamel.org\/wp-content\/uploads\/2026\/04\/Cartel-Mutxamel-Mayo-2026-VAL-scaled.jpg","contentUrl":"https:\/\/ayto.mutxamel.org\/wp-content\/uploads\/2026\/04\/Cartel-Mutxamel-Mayo-2026-VAL-scaled.jpg","width":1357,"height":1920},{"@type":"BreadcrumbList","@id":"https:\/\/ayto.mutxamel.org\/ca\/mutxamel-floreix-al-maig-amb-un-programa-de-visites-guiades-i-experiencies-culturals\/#breadcrumb","itemListElement":[{"@type":"ListItem","position":1,"name":"Portada","item":"https:\/\/ayto.mutxamel.org\/ca\/"},{"@type":"ListItem","position":2,"name":"Mutxamel floreix al maig amb un programa de visites guiades i experi\u00e8ncies culturals"}]},{"@type":"WebSite","@id":"https:\/\/ayto.mutxamel.org\/ca\/#website","url":"https:\/\/ayto.mutxamel.org\/ca\/","name":"Ayuntamiento de Mutxamel","description":"","potentialAction":[{"@type":"SearchAction","target":{"@type":"EntryPoint","urlTemplate":"https:\/\/ayto.mutxamel.org\/ca\/?s={search_term_string}"},"query-input":{"@type":"PropertyValueSpecification","valueRequired":true,"valueName":"search_term_string"}}],"inLanguage":"ca"},{"@type":"Person","@id":"https:\/\/ayto.mutxamel.org\/ca\/#\/schema\/person\/7bd4a860ef8d5eb9c6228c3e24dce6c0","name":"GC_Luis","url":"https:\/\/ayto.mutxamel.org\/ca\/author\/gc_luis\/"}]}},"_links":{"self":[{"href":"https:\/\/ayto.mutxamel.org\/ca\/wp-json\/wp\/v2\/posts\/67527","targetHints":{"allow":["GET"]}}],"collection":[{"href":"https:\/\/ayto.mutxamel.org\/ca\/wp-json\/wp\/v2\/posts"}],"about":[{"href":"https:\/\/ayto.mutxamel.org\/ca\/wp-json\/wp\/v2\/types\/post"}],"author":[{"embeddable":true,"href":"https:\/\/ayto.mutxamel.org\/ca\/wp-json\/wp\/v2\/users\/12"}],"replies":[{"embeddable":true,"href":"https:\/\/ayto.mutxamel.org\/ca\/wp-json\/wp\/v2\/comments?post=67527"}],"version-history":[{"count":1,"href":"https:\/\/ayto.mutxamel.org\/ca\/wp-json\/wp\/v2\/posts\/67527\/revisions"}],"predecessor-version":[{"id":67530,"href":"https:\/\/ayto.mutxamel.org\/ca\/wp-json\/wp\/v2\/posts\/67527\/revisions\/67530"}],"wp:featuredmedia":[{"embeddable":true,"href":"https:\/\/ayto.mutxamel.org\/ca\/wp-json\/wp\/v2\/media\/67528"}],"wp:attachment":[{"href":"https:\/\/ayto.mutxamel.org\/ca\/wp-json\/wp\/v2\/media?parent=67527"}],"wp:term":[{"taxonomy":"category","embeddable":true,"href":"https:\/\/ayto.mutxamel.org\/ca\/wp-json\/wp\/v2\/categories?post=67527"},{"taxonomy":"post_tag","embeddable":true,"href":"https:\/\/ayto.mutxamel.org\/ca\/wp-json\/wp\/v2\/tags?post=67527"}],"curies":[{"name":"wp","href":"https:\/\/api.w.org\/{rel}","templated":true}]}}