{"id":67426,"date":"2026-04-23T08:56:51","date_gmt":"2026-04-23T06:56:51","guid":{"rendered":"https:\/\/ayto.mutxamel.org\/jornada-de-reforestacion-en-rio-park\/"},"modified":"2026-04-23T09:01:51","modified_gmt":"2026-04-23T07:01:51","slug":"jornada-de-reforestacion-en-rio-park","status":"publish","type":"post","link":"https:\/\/ayto.mutxamel.org\/ca\/jornada-de-reforestacion-en-rio-park\/","title":{"rendered":"Jornada de reforestaci\u00f3 en Rio Park"},"content":{"rendered":"<div>\n<div>El pr\u00f2xim 26 d&#8217;abril us convidem a participar en la reforestaci\u00f3 de R\u00edo Park, apadrinant o plantant un arbre al nostre costat.\u00a0<img loading=\"lazy\" decoding=\"async\" src=\"https:\/\/static.xx.fbcdn.net\/images\/emoji.php\/v9\/t69\/1\/16\/1f331.png\" alt=\"\ud83c\udf31\" width=\"16\" height=\"16\" data-cke-saved-src=\"https:\/\/static.xx.fbcdn.net\/images\/emoji.php\/v9\/t69\/1\/16\/1f331.png\" data-src=\"https:\/\/static.xx.fbcdn.net\/images\/emoji.php\/v9\/t69\/1\/16\/1f331.png\" data-ll-status=\"loaded\" \/><\/div>\n<\/div>\n<div>\n<div>Durant la jornada podreu con\u00e9ixer el paper que tots podem exercir en la lluita contra el canvi clim\u00e0tic, mentre gaudiu de les activitats i tallers ambientals que hem preparat.<\/div>\n<\/div>\n<div>\n<div><img loading=\"lazy\" decoding=\"async\" src=\"https:\/\/static.xx.fbcdn.net\/images\/emoji.php\/v9\/t31\/1\/16\/1f559.png\" alt=\"\ud83d\udd59\" width=\"16\" height=\"16\" data-cke-saved-src=\"https:\/\/static.xx.fbcdn.net\/images\/emoji.php\/v9\/t31\/1\/16\/1f559.png\" data-src=\"https:\/\/static.xx.fbcdn.net\/images\/emoji.php\/v9\/t31\/1\/16\/1f559.png\" data-ll-status=\"loaded\" \/>\u00a0Horari: de 10.00 a 13.00 h.<\/div>\n<div><img loading=\"lazy\" decoding=\"async\" src=\"https:\/\/static.xx.fbcdn.net\/images\/emoji.php\/v9\/t2d\/1\/16\/1f4cd.png\" alt=\"\ud83d\udccd\" width=\"16\" height=\"16\" data-cke-saved-src=\"https:\/\/static.xx.fbcdn.net\/images\/emoji.php\/v9\/t2d\/1\/16\/1f4cd.png\" data-src=\"https:\/\/static.xx.fbcdn.net\/images\/emoji.php\/v9\/t2d\/1\/16\/1f4cd.png\" data-ll-status=\"loaded\" \/>\u00a0Lloc: zona verda carrer L&#8217;Algeps, Urb. Rio Park.<\/div>\n<\/div>\n<div>\n<div>L\u2019equip d\u2019educaci\u00f3 ambiental estar\u00e0 all\u00ed per rebre-us i acompanyar-vos durant l\u2019activitat.<\/div>\n<\/div>\n<div>\n<div><img loading=\"lazy\" decoding=\"async\" src=\"https:\/\/static.xx.fbcdn.net\/images\/emoji.php\/v9\/t9b\/1\/16\/1f468_200d_1f469_200d_1f467_200d_1f466.png\" alt=\"\ud83d\udc68\u200d\ud83d\udc69\u200d\ud83d\udc67\u200d\ud83d\udc66\" width=\"16\" height=\"16\" data-cke-saved-src=\"https:\/\/static.xx.fbcdn.net\/images\/emoji.php\/v9\/t9b\/1\/16\/1f468_200d_1f469_200d_1f467_200d_1f466.png\" data-src=\"https:\/\/static.xx.fbcdn.net\/images\/emoji.php\/v9\/t9b\/1\/16\/1f468_200d_1f469_200d_1f467_200d_1f466.png\" data-ll-status=\"loaded\" \/>\u00a0Activitat oberta a tot el p\u00fablic, especialment recomanable per a fam\u00edlies.<\/div>\n<div><img loading=\"lazy\" decoding=\"async\" src=\"https:\/\/static.xx.fbcdn.net\/images\/emoji.php\/v9\/t33\/1\/16\/2705.png\" alt=\"\u2705\" width=\"16\" height=\"16\" data-cke-saved-src=\"https:\/\/static.xx.fbcdn.net\/images\/emoji.php\/v9\/t33\/1\/16\/2705.png\" data-src=\"https:\/\/static.xx.fbcdn.net\/images\/emoji.php\/v9\/t33\/1\/16\/2705.png\" data-ll-status=\"loaded\" \/>\u00a0Participaci\u00f3 lliure, sense inscripci\u00f3 pr\u00e8via.<\/div>\n<\/div>\n<div>\n<div><img loading=\"lazy\" decoding=\"async\" src=\"https:\/\/static.xx.fbcdn.net\/images\/emoji.php\/v9\/tc0\/1\/16\/1f4e9.png\" alt=\"\ud83d\udce9\" width=\"16\" height=\"16\" data-cke-saved-src=\"https:\/\/static.xx.fbcdn.net\/images\/emoji.php\/v9\/tc0\/1\/16\/1f4e9.png\" data-src=\"https:\/\/static.xx.fbcdn.net\/images\/emoji.php\/v9\/tc0\/1\/16\/1f4e9.png\" data-ll-status=\"loaded\" \/>\u00a0M\u00e9s informaci\u00f3: inscripcionesmedioambiente@mutxamel.org<\/div>\n<div>Us esperem!\u00a0<img loading=\"lazy\" decoding=\"async\" src=\"https:\/\/static.xx.fbcdn.net\/images\/emoji.php\/v9\/t94\/1\/16\/1f49a.png\" alt=\"\ud83d\udc9a\" width=\"16\" height=\"16\" data-cke-saved-src=\"https:\/\/static.xx.fbcdn.net\/images\/emoji.php\/v9\/t94\/1\/16\/1f49a.png\" data-src=\"https:\/\/static.xx.fbcdn.net\/images\/emoji.php\/v9\/t94\/1\/16\/1f49a.png\" data-ll-status=\"loaded\" \/><img loading=\"lazy\" decoding=\"async\" src=\"https:\/\/static.xx.fbcdn.net\/images\/emoji.php\/v9\/t3f\/1\/16\/1f30d.png\" alt=\"\ud83c\udf0d\" width=\"16\" height=\"16\" data-cke-saved-src=\"https:\/\/static.xx.fbcdn.net\/images\/emoji.php\/v9\/t3f\/1\/16\/1f30d.png\" data-src=\"https:\/\/static.xx.fbcdn.net\/images\/emoji.php\/v9\/t3f\/1\/16\/1f30d.png\" data-ll-status=\"loaded\" \/><\/div>\n<\/div>\n","protected":false},"excerpt":{"rendered":"<p>El pr\u00f2xim 26 d&#8217;abril us convidem a participar en la reforestaci\u00f3 de R\u00edo Park, apadrinant o plantant un arbre al nostre costat.\u00a0 Durant la jornada podreu con\u00e9ixer el paper que tots podem exercir en la lluita contra el canvi clim\u00e0tic, mentre gaudiu de les activitats i tallers ambientals que hem preparat. \u00a0Horari: de 10.00 a&#8230;<\/p>\n","protected":false},"author":5,"featured_media":67420,"comment_status":"closed","ping_status":"open","sticky":false,"template":"","format":"standard","meta":{"_acf_changed":false,"footnotes":""},"categories":[282,764],"tags":[],"class_list":["post-67426","post","type-post","status-publish","format-standard","has-post-thumbnail","hentry","category-noticies","category-sostenibilidad-ambiental"],"acf":[],"yoast_head":"<!-- This site is optimized with the Yoast SEO plugin v27.3 - https:\/\/yoast.com\/product\/yoast-seo-wordpress\/ -->\n<title>Jornada de reforestaci\u00f3 en Rio Park - Ayuntamiento de Mutxamel<\/title>\n<meta name=\"robots\" content=\"index, follow, max-snippet:-1, max-image-preview:large, max-video-preview:-1\" \/>\n<link rel=\"canonical\" href=\"https:\/\/ayto.mutxamel.org\/ca\/jornada-de-reforestacion-en-rio-park\/\" \/>\n<meta property=\"og:locale\" content=\"ca_ES\" \/>\n<meta property=\"og:type\" content=\"article\" \/>\n<meta property=\"og:title\" content=\"Jornada de reforestaci\u00f3 en Rio Park - Ayuntamiento de Mutxamel\" \/>\n<meta property=\"og:description\" content=\"El pr\u00f2xim 26 d&#8217;abril us convidem a participar en la reforestaci\u00f3 de R\u00edo Park, apadrinant o plantant un arbre al nostre costat.\u00a0 Durant la jornada podreu con\u00e9ixer el paper que tots podem exercir en la lluita contra el canvi clim\u00e0tic, mentre gaudiu de les activitats i tallers ambientals que hem preparat. \u00a0Horari: de 10.00 a...\" \/>\n<meta property=\"og:url\" content=\"https:\/\/ayto.mutxamel.org\/ca\/jornada-de-reforestacion-en-rio-park\/\" \/>\n<meta property=\"og:site_name\" content=\"Ayuntamiento de Mutxamel\" \/>\n<meta property=\"article:published_time\" content=\"2026-04-23T06:56:51+00:00\" \/>\n<meta property=\"article:modified_time\" content=\"2026-04-23T07:01:51+00:00\" \/>\n<meta property=\"og:image\" content=\"https:\/\/ayto.mutxamel.org\/wp-content\/uploads\/2026\/04\/Reforestacion-1-scaled-scaled.webp\" \/>\n\t<meta property=\"og:image:width\" content=\"1357\" \/>\n\t<meta property=\"og:image:height\" content=\"1920\" \/>\n\t<meta property=\"og:image:type\" content=\"image\/webp\" \/>\n<meta name=\"author\" content=\"Ayuntamiento Mutxamel\" \/>\n<meta name=\"twitter:card\" content=\"summary_large_image\" \/>\n<meta name=\"twitter:label1\" content=\"Escrit per\" \/>\n\t<meta name=\"twitter:data1\" content=\"Ayuntamiento Mutxamel\" \/>\n\t<meta name=\"twitter:label2\" content=\"Temps estimat de lectura\" \/>\n\t<meta name=\"twitter:data2\" content=\"3 minuts\" \/>\n<script type=\"application\/ld+json\" class=\"yoast-schema-graph\">{\"@context\":\"https:\\\/\\\/schema.org\",\"@graph\":[{\"@type\":\"Article\",\"@id\":\"https:\\\/\\\/ayto.mutxamel.org\\\/ca\\\/jornada-de-reforestacion-en-rio-park\\\/#article\",\"isPartOf\":{\"@id\":\"https:\\\/\\\/ayto.mutxamel.org\\\/ca\\\/jornada-de-reforestacion-en-rio-park\\\/\"},\"author\":{\"name\":\"Ayuntamiento Mutxamel\",\"@id\":\"https:\\\/\\\/ayto.mutxamel.org\\\/ca\\\/#\\\/schema\\\/person\\\/0a64c1c652c34ba957ddc1a83e56bbfa\"},\"headline\":\"Jornada de reforestaci\u00f3 en Rio Park\",\"datePublished\":\"2026-04-23T06:56:51+00:00\",\"dateModified\":\"2026-04-23T07:01:51+00:00\",\"mainEntityOfPage\":{\"@id\":\"https:\\\/\\\/ayto.mutxamel.org\\\/ca\\\/jornada-de-reforestacion-en-rio-park\\\/\"},\"wordCount\":115,\"image\":{\"@id\":\"https:\\\/\\\/ayto.mutxamel.org\\\/ca\\\/jornada-de-reforestacion-en-rio-park\\\/#primaryimage\"},\"thumbnailUrl\":\"https:\\\/\\\/ayto.mutxamel.org\\\/wp-content\\\/uploads\\\/2026\\\/04\\\/Reforestacion-1-scaled-scaled.webp\",\"articleSection\":[\"Noticies\",\"Sostenibilidad Ambiental\"],\"inLanguage\":\"ca\"},{\"@type\":\"WebPage\",\"@id\":\"https:\\\/\\\/ayto.mutxamel.org\\\/ca\\\/jornada-de-reforestacion-en-rio-park\\\/\",\"url\":\"https:\\\/\\\/ayto.mutxamel.org\\\/ca\\\/jornada-de-reforestacion-en-rio-park\\\/\",\"name\":\"Jornada de reforestaci\u00f3 en Rio Park - Ayuntamiento de Mutxamel\",\"isPartOf\":{\"@id\":\"https:\\\/\\\/ayto.mutxamel.org\\\/ca\\\/#website\"},\"primaryImageOfPage\":{\"@id\":\"https:\\\/\\\/ayto.mutxamel.org\\\/ca\\\/jornada-de-reforestacion-en-rio-park\\\/#primaryimage\"},\"image\":{\"@id\":\"https:\\\/\\\/ayto.mutxamel.org\\\/ca\\\/jornada-de-reforestacion-en-rio-park\\\/#primaryimage\"},\"thumbnailUrl\":\"https:\\\/\\\/ayto.mutxamel.org\\\/wp-content\\\/uploads\\\/2026\\\/04\\\/Reforestacion-1-scaled-scaled.webp\",\"datePublished\":\"2026-04-23T06:56:51+00:00\",\"dateModified\":\"2026-04-23T07:01:51+00:00\",\"author\":{\"@id\":\"https:\\\/\\\/ayto.mutxamel.org\\\/ca\\\/#\\\/schema\\\/person\\\/0a64c1c652c34ba957ddc1a83e56bbfa\"},\"breadcrumb\":{\"@id\":\"https:\\\/\\\/ayto.mutxamel.org\\\/ca\\\/jornada-de-reforestacion-en-rio-park\\\/#breadcrumb\"},\"inLanguage\":\"ca\",\"potentialAction\":[{\"@type\":\"ReadAction\",\"target\":[\"https:\\\/\\\/ayto.mutxamel.org\\\/ca\\\/jornada-de-reforestacion-en-rio-park\\\/\"]}]},{\"@type\":\"ImageObject\",\"inLanguage\":\"ca\",\"@id\":\"https:\\\/\\\/ayto.mutxamel.org\\\/ca\\\/jornada-de-reforestacion-en-rio-park\\\/#primaryimage\",\"url\":\"https:\\\/\\\/ayto.mutxamel.org\\\/wp-content\\\/uploads\\\/2026\\\/04\\\/Reforestacion-1-scaled-scaled.webp\",\"contentUrl\":\"https:\\\/\\\/ayto.mutxamel.org\\\/wp-content\\\/uploads\\\/2026\\\/04\\\/Reforestacion-1-scaled-scaled.webp\",\"width\":1357,\"height\":1920},{\"@type\":\"BreadcrumbList\",\"@id\":\"https:\\\/\\\/ayto.mutxamel.org\\\/ca\\\/jornada-de-reforestacion-en-rio-park\\\/#breadcrumb\",\"itemListElement\":[{\"@type\":\"ListItem\",\"position\":1,\"name\":\"Portada\",\"item\":\"https:\\\/\\\/ayto.mutxamel.org\\\/ca\\\/\"},{\"@type\":\"ListItem\",\"position\":2,\"name\":\"Jornada de reforestaci\u00f3 en Rio Park\"}]},{\"@type\":\"WebSite\",\"@id\":\"https:\\\/\\\/ayto.mutxamel.org\\\/ca\\\/#website\",\"url\":\"https:\\\/\\\/ayto.mutxamel.org\\\/ca\\\/\",\"name\":\"Ayuntamiento de Mutxamel\",\"description\":\"\",\"potentialAction\":[{\"@type\":\"SearchAction\",\"target\":{\"@type\":\"EntryPoint\",\"urlTemplate\":\"https:\\\/\\\/ayto.mutxamel.org\\\/ca\\\/?s={search_term_string}\"},\"query-input\":{\"@type\":\"PropertyValueSpecification\",\"valueRequired\":true,\"valueName\":\"search_term_string\"}}],\"inLanguage\":\"ca\"},{\"@type\":\"Person\",\"@id\":\"https:\\\/\\\/ayto.mutxamel.org\\\/ca\\\/#\\\/schema\\\/person\\\/0a64c1c652c34ba957ddc1a83e56bbfa\",\"name\":\"Ayuntamiento Mutxamel\",\"url\":\"https:\\\/\\\/ayto.mutxamel.org\\\/ca\\\/author\\\/ayuntamiento-mutxamel\\\/\"}]}<\/script>\n<!-- \/ Yoast SEO plugin. -->","yoast_head_json":{"title":"Jornada de reforestaci\u00f3 en Rio Park - Ayuntamiento de Mutxamel","robots":{"index":"index","follow":"follow","max-snippet":"max-snippet:-1","max-image-preview":"max-image-preview:large","max-video-preview":"max-video-preview:-1"},"canonical":"https:\/\/ayto.mutxamel.org\/ca\/jornada-de-reforestacion-en-rio-park\/","og_locale":"ca_ES","og_type":"article","og_title":"Jornada de reforestaci\u00f3 en Rio Park - Ayuntamiento de Mutxamel","og_description":"El pr\u00f2xim 26 d&#8217;abril us convidem a participar en la reforestaci\u00f3 de R\u00edo Park, apadrinant o plantant un arbre al nostre costat.\u00a0 Durant la jornada podreu con\u00e9ixer el paper que tots podem exercir en la lluita contra el canvi clim\u00e0tic, mentre gaudiu de les activitats i tallers ambientals que hem preparat. \u00a0Horari: de 10.00 a...","og_url":"https:\/\/ayto.mutxamel.org\/ca\/jornada-de-reforestacion-en-rio-park\/","og_site_name":"Ayuntamiento de Mutxamel","article_published_time":"2026-04-23T06:56:51+00:00","article_modified_time":"2026-04-23T07:01:51+00:00","og_image":[{"width":1357,"height":1920,"url":"https:\/\/ayto.mutxamel.org\/wp-content\/uploads\/2026\/04\/Reforestacion-1-scaled-scaled.webp","type":"image\/webp"}],"author":"Ayuntamiento Mutxamel","twitter_card":"summary_large_image","twitter_misc":{"Escrit per":"Ayuntamiento Mutxamel","Temps estimat de lectura":"3 minuts"},"schema":{"@context":"https:\/\/schema.org","@graph":[{"@type":"Article","@id":"https:\/\/ayto.mutxamel.org\/ca\/jornada-de-reforestacion-en-rio-park\/#article","isPartOf":{"@id":"https:\/\/ayto.mutxamel.org\/ca\/jornada-de-reforestacion-en-rio-park\/"},"author":{"name":"Ayuntamiento Mutxamel","@id":"https:\/\/ayto.mutxamel.org\/ca\/#\/schema\/person\/0a64c1c652c34ba957ddc1a83e56bbfa"},"headline":"Jornada de reforestaci\u00f3 en Rio Park","datePublished":"2026-04-23T06:56:51+00:00","dateModified":"2026-04-23T07:01:51+00:00","mainEntityOfPage":{"@id":"https:\/\/ayto.mutxamel.org\/ca\/jornada-de-reforestacion-en-rio-park\/"},"wordCount":115,"image":{"@id":"https:\/\/ayto.mutxamel.org\/ca\/jornada-de-reforestacion-en-rio-park\/#primaryimage"},"thumbnailUrl":"https:\/\/ayto.mutxamel.org\/wp-content\/uploads\/2026\/04\/Reforestacion-1-scaled-scaled.webp","articleSection":["Noticies","Sostenibilidad Ambiental"],"inLanguage":"ca"},{"@type":"WebPage","@id":"https:\/\/ayto.mutxamel.org\/ca\/jornada-de-reforestacion-en-rio-park\/","url":"https:\/\/ayto.mutxamel.org\/ca\/jornada-de-reforestacion-en-rio-park\/","name":"Jornada de reforestaci\u00f3 en Rio Park - Ayuntamiento de Mutxamel","isPartOf":{"@id":"https:\/\/ayto.mutxamel.org\/ca\/#website"},"primaryImageOfPage":{"@id":"https:\/\/ayto.mutxamel.org\/ca\/jornada-de-reforestacion-en-rio-park\/#primaryimage"},"image":{"@id":"https:\/\/ayto.mutxamel.org\/ca\/jornada-de-reforestacion-en-rio-park\/#primaryimage"},"thumbnailUrl":"https:\/\/ayto.mutxamel.org\/wp-content\/uploads\/2026\/04\/Reforestacion-1-scaled-scaled.webp","datePublished":"2026-04-23T06:56:51+00:00","dateModified":"2026-04-23T07:01:51+00:00","author":{"@id":"https:\/\/ayto.mutxamel.org\/ca\/#\/schema\/person\/0a64c1c652c34ba957ddc1a83e56bbfa"},"breadcrumb":{"@id":"https:\/\/ayto.mutxamel.org\/ca\/jornada-de-reforestacion-en-rio-park\/#breadcrumb"},"inLanguage":"ca","potentialAction":[{"@type":"ReadAction","target":["https:\/\/ayto.mutxamel.org\/ca\/jornada-de-reforestacion-en-rio-park\/"]}]},{"@type":"ImageObject","inLanguage":"ca","@id":"https:\/\/ayto.mutxamel.org\/ca\/jornada-de-reforestacion-en-rio-park\/#primaryimage","url":"https:\/\/ayto.mutxamel.org\/wp-content\/uploads\/2026\/04\/Reforestacion-1-scaled-scaled.webp","contentUrl":"https:\/\/ayto.mutxamel.org\/wp-content\/uploads\/2026\/04\/Reforestacion-1-scaled-scaled.webp","width":1357,"height":1920},{"@type":"BreadcrumbList","@id":"https:\/\/ayto.mutxamel.org\/ca\/jornada-de-reforestacion-en-rio-park\/#breadcrumb","itemListElement":[{"@type":"ListItem","position":1,"name":"Portada","item":"https:\/\/ayto.mutxamel.org\/ca\/"},{"@type":"ListItem","position":2,"name":"Jornada de reforestaci\u00f3 en Rio Park"}]},{"@type":"WebSite","@id":"https:\/\/ayto.mutxamel.org\/ca\/#website","url":"https:\/\/ayto.mutxamel.org\/ca\/","name":"Ayuntamiento de Mutxamel","description":"","potentialAction":[{"@type":"SearchAction","target":{"@type":"EntryPoint","urlTemplate":"https:\/\/ayto.mutxamel.org\/ca\/?s={search_term_string}"},"query-input":{"@type":"PropertyValueSpecification","valueRequired":true,"valueName":"search_term_string"}}],"inLanguage":"ca"},{"@type":"Person","@id":"https:\/\/ayto.mutxamel.org\/ca\/#\/schema\/person\/0a64c1c652c34ba957ddc1a83e56bbfa","name":"Ayuntamiento Mutxamel","url":"https:\/\/ayto.mutxamel.org\/ca\/author\/ayuntamiento-mutxamel\/"}]}},"_links":{"self":[{"href":"https:\/\/ayto.mutxamel.org\/ca\/wp-json\/wp\/v2\/posts\/67426","targetHints":{"allow":["GET"]}}],"collection":[{"href":"https:\/\/ayto.mutxamel.org\/ca\/wp-json\/wp\/v2\/posts"}],"about":[{"href":"https:\/\/ayto.mutxamel.org\/ca\/wp-json\/wp\/v2\/types\/post"}],"author":[{"embeddable":true,"href":"https:\/\/ayto.mutxamel.org\/ca\/wp-json\/wp\/v2\/users\/5"}],"replies":[{"embeddable":true,"href":"https:\/\/ayto.mutxamel.org\/ca\/wp-json\/wp\/v2\/comments?post=67426"}],"version-history":[{"count":2,"href":"https:\/\/ayto.mutxamel.org\/ca\/wp-json\/wp\/v2\/posts\/67426\/revisions"}],"predecessor-version":[{"id":67428,"href":"https:\/\/ayto.mutxamel.org\/ca\/wp-json\/wp\/v2\/posts\/67426\/revisions\/67428"}],"wp:featuredmedia":[{"embeddable":true,"href":"https:\/\/ayto.mutxamel.org\/ca\/wp-json\/wp\/v2\/media\/67420"}],"wp:attachment":[{"href":"https:\/\/ayto.mutxamel.org\/ca\/wp-json\/wp\/v2\/media?parent=67426"}],"wp:term":[{"taxonomy":"category","embeddable":true,"href":"https:\/\/ayto.mutxamel.org\/ca\/wp-json\/wp\/v2\/categories?post=67426"},{"taxonomy":"post_tag","embeddable":true,"href":"https:\/\/ayto.mutxamel.org\/ca\/wp-json\/wp\/v2\/tags?post=67426"}],"curies":[{"name":"wp","href":"https:\/\/api.w.org\/{rel}","templated":true}]}}