{"id":67135,"date":"2026-04-02T13:37:10","date_gmt":"2026-04-02T11:37:10","guid":{"rendered":"https:\/\/ayto.mutxamel.org\/feria-de-la-mascota-2026\/"},"modified":"2026-04-15T11:32:25","modified_gmt":"2026-04-15T09:32:25","slug":"feria-de-la-mascota-2026","status":"publish","type":"post","link":"https:\/\/ayto.mutxamel.org\/ca\/feria-de-la-mascota-2026\/","title":{"rendered":"Fira de la mascota 2026"},"content":{"rendered":"<p>La regidoria de Sostenibilitat Ambiental i Protecci\u00f3 Animal de l&#8217;Ajuntament de Mutxamel organitza el pr\u00f2xim<span>\u00a0<\/span><strong>19 d&#8217;abril la FIRA DE LA MASCOTA DE MUTXAMEL<\/strong>, l&#8217;objectiu fonamental de la qual \u00e9s conscienciar als propietaris d&#8217;animals dom\u00e8stics sobre les responsabilitats que van impl\u00edcites en la tinen\u00e7a d&#8217;animals.<\/p>\n<p>La jornada tindr\u00e0 lloc a partir de les 10.00 h., al Parc de Ravel (C\/ Pintor Mari\u00e0 Fortuny), que tornar\u00e0 a acollir aquesta trobada ja consolidada en el calendari dels amants dels animals. Com en edicions anteriors, el parc s&#8217;habilitar\u00e0 perqu\u00e8 les associacions, empreses i entitats participants \u2014un total de 10 associacions i 2 comer\u00e7os\u2014 puguen instal\u00b7lar els seus expositors i donar a con\u00e9ixer els seus productes, serveis i activitats. A ells se suma la Policia Local de Mutxamel, que realitzar\u00e0 una esperada exhibici\u00f3 canina.<\/p>\n<p>Al llarg del mat\u00ed se celebraran xarrades, tallers i activitats relacionades amb la tinen\u00e7a responsable d&#8217;animals, orientades a millorar la relaci\u00f3 entre les persones i les seues mascotes i a afavorir la conviv\u00e8ncia d&#8217;aquestes en els entorns urbans. I, com no podia faltar, se celebrar\u00e0 la ja tradicional carrera i passeig de mascotes per carrers i camins municipals.<\/p>\n<p>En aquesta XI edici\u00f3, la recaptaci\u00f3 obtinguda amb les inscripcions es destinar\u00e0 \u00edntegrament a<span>\u00a0<\/span><strong>l&#8217;Associaci\u00f3 Abaifa<\/strong>, una organitzaci\u00f3 sense \u00e0nim de lucre amb seu a Alacant dedicada al rescat, cura i adopci\u00f3 de felins que treballa activament en el nostre municipi. En una zona on l&#8217;aband\u00f3 i el maltractament cap als gats \u00e9s un problema greu, aquesta associaci\u00f3 gestiona un xicotet refugi propi a m\u00e9s de les cases dels seus voluntaris, destinant els fons a esterilitzacions, atenci\u00f3 veterin\u00e0ria i manutenci\u00f3 dels animals acollits.<\/p>\n<p>Una ra\u00f3 m\u00e9s per a vindre, participar i portar al teu millor company. Us esperem!<\/p>\n<p><strong>PROGRAMACI\u00d3 DE LA XI FIRA DE LA MASCOTA MUTXAMEL<\/strong><\/p>\n<p>9.00 h. Recepci\u00f3 gossos per a Canicross i Passeig: Lectura de xips i revisi\u00f3 cartilla de vacunaci\u00f3 per part de la veterin\u00e0ria. Lliurament de dorsals i noves inscripcions Passeig de la Mascota i Canicross Adult i Infantil<\/p>\n<p>10.00 h. Obertura estands associacions fins a les 14.00 hores<\/p>\n<p>10.30 h. Canicross Adult i Infantil<\/p>\n<p>11.00 h. Lliurament de premis<\/p>\n<p>11.30 h. Passeig de la Mascota<\/p>\n<p>12.00 h. Sorteig de regals<\/p>\n<p>12.15 h. \u201cPASSEJOS RESPONSABLES I ASSEGURANCES\u201d (Xarrada amb part pr\u00e0ctica d&#8217;ensinistrament i obedi\u00e8ncia) a c\u00e0rrec d&#8217;Isabel Franc\u00e9s, ISCAN<\/p>\n<ul>\n<li>Ensinistrament en positiu<\/li>\n<li>Prevenci\u00f3 conductes problem\u00e0tiques (lladrucs, ansietat per separaci\u00f3, agressivitat)<\/li>\n<li>Zones d&#8217;Esplai Can\u00ed: Socialitzaci\u00f3 i normes d&#8217;\u00fas<\/li>\n<\/ul>\n<p>13.00 h. Exhibici\u00f3 &#8220;Dante, el guia Can\u00ed i el seu agent policia&#8221;<\/p>\n<p>13.30 h. Lliurament de tal\u00f3 amb recaptaci\u00f3 solid\u00e0ria a Associaci\u00f3 Abaifa<\/p>\n","protected":false},"excerpt":{"rendered":"<p>La regidoria de Sostenibilitat Ambiental i Protecci\u00f3 Animal de l&#8217;Ajuntament de Mutxamel organitza el pr\u00f2xim\u00a019 d&#8217;abril la FIRA DE LA MASCOTA DE MUTXAMEL, l&#8217;objectiu fonamental de la qual \u00e9s conscienciar als propietaris d&#8217;animals dom\u00e8stics sobre les responsabilitats que van impl\u00edcites en la tinen\u00e7a d&#8217;animals. La jornada tindr\u00e0 lloc a partir de les 10.00 h., al&#8230;<\/p>\n","protected":false},"author":5,"featured_media":67124,"comment_status":"closed","ping_status":"open","sticky":false,"template":"","format":"standard","meta":{"_acf_changed":false,"footnotes":""},"categories":[282,764],"tags":[],"class_list":["post-67135","post","type-post","status-publish","format-standard","has-post-thumbnail","hentry","category-noticies","category-sostenibilidad-ambiental"],"acf":[],"yoast_head":"<!-- This site is optimized with the Yoast SEO plugin v27.3 - https:\/\/yoast.com\/product\/yoast-seo-wordpress\/ -->\n<title>Fira de la mascota 2026 - Ayuntamiento de Mutxamel<\/title>\n<meta name=\"robots\" content=\"index, follow, max-snippet:-1, max-image-preview:large, max-video-preview:-1\" \/>\n<link rel=\"canonical\" href=\"https:\/\/ayto.mutxamel.org\/ca\/feria-de-la-mascota-2026\/\" \/>\n<meta property=\"og:locale\" content=\"ca_ES\" \/>\n<meta property=\"og:type\" content=\"article\" \/>\n<meta property=\"og:title\" content=\"Fira de la mascota 2026 - Ayuntamiento de Mutxamel\" \/>\n<meta property=\"og:description\" content=\"La regidoria de Sostenibilitat Ambiental i Protecci\u00f3 Animal de l&#8217;Ajuntament de Mutxamel organitza el pr\u00f2xim\u00a019 d&#8217;abril la FIRA DE LA MASCOTA DE MUTXAMEL, l&#8217;objectiu fonamental de la qual \u00e9s conscienciar als propietaris d&#8217;animals dom\u00e8stics sobre les responsabilitats que van impl\u00edcites en la tinen\u00e7a d&#8217;animals. La jornada tindr\u00e0 lloc a partir de les 10.00 h., al...\" \/>\n<meta property=\"og:url\" content=\"https:\/\/ayto.mutxamel.org\/ca\/feria-de-la-mascota-2026\/\" \/>\n<meta property=\"og:site_name\" content=\"Ayuntamiento de Mutxamel\" \/>\n<meta property=\"article:published_time\" content=\"2026-04-02T11:37:10+00:00\" \/>\n<meta property=\"article:modified_time\" content=\"2026-04-15T09:32:25+00:00\" \/>\n<meta property=\"og:image\" content=\"https:\/\/ayto.mutxamel.org\/wp-content\/uploads\/2024\/04\/AF-cartel-mascotas-VAL-2026.jpg\" \/>\n\t<meta property=\"og:image:width\" content=\"1200\" \/>\n\t<meta property=\"og:image:height\" content=\"1697\" \/>\n\t<meta property=\"og:image:type\" content=\"image\/jpeg\" \/>\n<meta name=\"author\" content=\"Ayuntamiento Mutxamel\" \/>\n<meta name=\"twitter:card\" content=\"summary_large_image\" \/>\n<meta name=\"twitter:label1\" content=\"Escrit per\" \/>\n\t<meta name=\"twitter:data1\" content=\"Ayuntamiento Mutxamel\" \/>\n\t<meta name=\"twitter:label2\" content=\"Temps estimat de lectura\" \/>\n\t<meta name=\"twitter:data2\" content=\"3 minuts\" \/>\n<script type=\"application\/ld+json\" class=\"yoast-schema-graph\">{\"@context\":\"https:\\\/\\\/schema.org\",\"@graph\":[{\"@type\":\"Article\",\"@id\":\"https:\\\/\\\/ayto.mutxamel.org\\\/ca\\\/feria-de-la-mascota-2026\\\/#article\",\"isPartOf\":{\"@id\":\"https:\\\/\\\/ayto.mutxamel.org\\\/ca\\\/feria-de-la-mascota-2026\\\/\"},\"author\":{\"name\":\"Ayuntamiento Mutxamel\",\"@id\":\"https:\\\/\\\/ayto.mutxamel.org\\\/ca\\\/#\\\/schema\\\/person\\\/0a64c1c652c34ba957ddc1a83e56bbfa\"},\"headline\":\"Fira de la mascota 2026\",\"datePublished\":\"2026-04-02T11:37:10+00:00\",\"dateModified\":\"2026-04-15T09:32:25+00:00\",\"mainEntityOfPage\":{\"@id\":\"https:\\\/\\\/ayto.mutxamel.org\\\/ca\\\/feria-de-la-mascota-2026\\\/\"},\"wordCount\":446,\"image\":{\"@id\":\"https:\\\/\\\/ayto.mutxamel.org\\\/ca\\\/feria-de-la-mascota-2026\\\/#primaryimage\"},\"thumbnailUrl\":\"https:\\\/\\\/ayto.mutxamel.org\\\/wp-content\\\/uploads\\\/2024\\\/04\\\/AF-cartel-mascotas-VAL-2026.jpg\",\"articleSection\":[\"Noticies\",\"Sostenibilidad Ambiental\"],\"inLanguage\":\"ca\"},{\"@type\":\"WebPage\",\"@id\":\"https:\\\/\\\/ayto.mutxamel.org\\\/ca\\\/feria-de-la-mascota-2026\\\/\",\"url\":\"https:\\\/\\\/ayto.mutxamel.org\\\/ca\\\/feria-de-la-mascota-2026\\\/\",\"name\":\"Fira de la mascota 2026 - Ayuntamiento de Mutxamel\",\"isPartOf\":{\"@id\":\"https:\\\/\\\/ayto.mutxamel.org\\\/ca\\\/#website\"},\"primaryImageOfPage\":{\"@id\":\"https:\\\/\\\/ayto.mutxamel.org\\\/ca\\\/feria-de-la-mascota-2026\\\/#primaryimage\"},\"image\":{\"@id\":\"https:\\\/\\\/ayto.mutxamel.org\\\/ca\\\/feria-de-la-mascota-2026\\\/#primaryimage\"},\"thumbnailUrl\":\"https:\\\/\\\/ayto.mutxamel.org\\\/wp-content\\\/uploads\\\/2024\\\/04\\\/AF-cartel-mascotas-VAL-2026.jpg\",\"datePublished\":\"2026-04-02T11:37:10+00:00\",\"dateModified\":\"2026-04-15T09:32:25+00:00\",\"author\":{\"@id\":\"https:\\\/\\\/ayto.mutxamel.org\\\/ca\\\/#\\\/schema\\\/person\\\/0a64c1c652c34ba957ddc1a83e56bbfa\"},\"breadcrumb\":{\"@id\":\"https:\\\/\\\/ayto.mutxamel.org\\\/ca\\\/feria-de-la-mascota-2026\\\/#breadcrumb\"},\"inLanguage\":\"ca\",\"potentialAction\":[{\"@type\":\"ReadAction\",\"target\":[\"https:\\\/\\\/ayto.mutxamel.org\\\/ca\\\/feria-de-la-mascota-2026\\\/\"]}]},{\"@type\":\"ImageObject\",\"inLanguage\":\"ca\",\"@id\":\"https:\\\/\\\/ayto.mutxamel.org\\\/ca\\\/feria-de-la-mascota-2026\\\/#primaryimage\",\"url\":\"https:\\\/\\\/ayto.mutxamel.org\\\/wp-content\\\/uploads\\\/2024\\\/04\\\/AF-cartel-mascotas-VAL-2026.jpg\",\"contentUrl\":\"https:\\\/\\\/ayto.mutxamel.org\\\/wp-content\\\/uploads\\\/2024\\\/04\\\/AF-cartel-mascotas-VAL-2026.jpg\",\"width\":1200,\"height\":1697},{\"@type\":\"BreadcrumbList\",\"@id\":\"https:\\\/\\\/ayto.mutxamel.org\\\/ca\\\/feria-de-la-mascota-2026\\\/#breadcrumb\",\"itemListElement\":[{\"@type\":\"ListItem\",\"position\":1,\"name\":\"Portada\",\"item\":\"https:\\\/\\\/ayto.mutxamel.org\\\/ca\\\/\"},{\"@type\":\"ListItem\",\"position\":2,\"name\":\"Fira de la mascota 2026\"}]},{\"@type\":\"WebSite\",\"@id\":\"https:\\\/\\\/ayto.mutxamel.org\\\/ca\\\/#website\",\"url\":\"https:\\\/\\\/ayto.mutxamel.org\\\/ca\\\/\",\"name\":\"Ayuntamiento de Mutxamel\",\"description\":\"\",\"potentialAction\":[{\"@type\":\"SearchAction\",\"target\":{\"@type\":\"EntryPoint\",\"urlTemplate\":\"https:\\\/\\\/ayto.mutxamel.org\\\/ca\\\/?s={search_term_string}\"},\"query-input\":{\"@type\":\"PropertyValueSpecification\",\"valueRequired\":true,\"valueName\":\"search_term_string\"}}],\"inLanguage\":\"ca\"},{\"@type\":\"Person\",\"@id\":\"https:\\\/\\\/ayto.mutxamel.org\\\/ca\\\/#\\\/schema\\\/person\\\/0a64c1c652c34ba957ddc1a83e56bbfa\",\"name\":\"Ayuntamiento Mutxamel\",\"url\":\"https:\\\/\\\/ayto.mutxamel.org\\\/ca\\\/author\\\/ayuntamiento-mutxamel\\\/\"}]}<\/script>\n<!-- \/ Yoast SEO plugin. -->","yoast_head_json":{"title":"Fira de la mascota 2026 - Ayuntamiento de Mutxamel","robots":{"index":"index","follow":"follow","max-snippet":"max-snippet:-1","max-image-preview":"max-image-preview:large","max-video-preview":"max-video-preview:-1"},"canonical":"https:\/\/ayto.mutxamel.org\/ca\/feria-de-la-mascota-2026\/","og_locale":"ca_ES","og_type":"article","og_title":"Fira de la mascota 2026 - Ayuntamiento de Mutxamel","og_description":"La regidoria de Sostenibilitat Ambiental i Protecci\u00f3 Animal de l&#8217;Ajuntament de Mutxamel organitza el pr\u00f2xim\u00a019 d&#8217;abril la FIRA DE LA MASCOTA DE MUTXAMEL, l&#8217;objectiu fonamental de la qual \u00e9s conscienciar als propietaris d&#8217;animals dom\u00e8stics sobre les responsabilitats que van impl\u00edcites en la tinen\u00e7a d&#8217;animals. La jornada tindr\u00e0 lloc a partir de les 10.00 h., al...","og_url":"https:\/\/ayto.mutxamel.org\/ca\/feria-de-la-mascota-2026\/","og_site_name":"Ayuntamiento de Mutxamel","article_published_time":"2026-04-02T11:37:10+00:00","article_modified_time":"2026-04-15T09:32:25+00:00","og_image":[{"width":1200,"height":1697,"url":"https:\/\/ayto.mutxamel.org\/wp-content\/uploads\/2024\/04\/AF-cartel-mascotas-VAL-2026.jpg","type":"image\/jpeg"}],"author":"Ayuntamiento Mutxamel","twitter_card":"summary_large_image","twitter_misc":{"Escrit per":"Ayuntamiento Mutxamel","Temps estimat de lectura":"3 minuts"},"schema":{"@context":"https:\/\/schema.org","@graph":[{"@type":"Article","@id":"https:\/\/ayto.mutxamel.org\/ca\/feria-de-la-mascota-2026\/#article","isPartOf":{"@id":"https:\/\/ayto.mutxamel.org\/ca\/feria-de-la-mascota-2026\/"},"author":{"name":"Ayuntamiento Mutxamel","@id":"https:\/\/ayto.mutxamel.org\/ca\/#\/schema\/person\/0a64c1c652c34ba957ddc1a83e56bbfa"},"headline":"Fira de la mascota 2026","datePublished":"2026-04-02T11:37:10+00:00","dateModified":"2026-04-15T09:32:25+00:00","mainEntityOfPage":{"@id":"https:\/\/ayto.mutxamel.org\/ca\/feria-de-la-mascota-2026\/"},"wordCount":446,"image":{"@id":"https:\/\/ayto.mutxamel.org\/ca\/feria-de-la-mascota-2026\/#primaryimage"},"thumbnailUrl":"https:\/\/ayto.mutxamel.org\/wp-content\/uploads\/2024\/04\/AF-cartel-mascotas-VAL-2026.jpg","articleSection":["Noticies","Sostenibilidad Ambiental"],"inLanguage":"ca"},{"@type":"WebPage","@id":"https:\/\/ayto.mutxamel.org\/ca\/feria-de-la-mascota-2026\/","url":"https:\/\/ayto.mutxamel.org\/ca\/feria-de-la-mascota-2026\/","name":"Fira de la mascota 2026 - Ayuntamiento de Mutxamel","isPartOf":{"@id":"https:\/\/ayto.mutxamel.org\/ca\/#website"},"primaryImageOfPage":{"@id":"https:\/\/ayto.mutxamel.org\/ca\/feria-de-la-mascota-2026\/#primaryimage"},"image":{"@id":"https:\/\/ayto.mutxamel.org\/ca\/feria-de-la-mascota-2026\/#primaryimage"},"thumbnailUrl":"https:\/\/ayto.mutxamel.org\/wp-content\/uploads\/2024\/04\/AF-cartel-mascotas-VAL-2026.jpg","datePublished":"2026-04-02T11:37:10+00:00","dateModified":"2026-04-15T09:32:25+00:00","author":{"@id":"https:\/\/ayto.mutxamel.org\/ca\/#\/schema\/person\/0a64c1c652c34ba957ddc1a83e56bbfa"},"breadcrumb":{"@id":"https:\/\/ayto.mutxamel.org\/ca\/feria-de-la-mascota-2026\/#breadcrumb"},"inLanguage":"ca","potentialAction":[{"@type":"ReadAction","target":["https:\/\/ayto.mutxamel.org\/ca\/feria-de-la-mascota-2026\/"]}]},{"@type":"ImageObject","inLanguage":"ca","@id":"https:\/\/ayto.mutxamel.org\/ca\/feria-de-la-mascota-2026\/#primaryimage","url":"https:\/\/ayto.mutxamel.org\/wp-content\/uploads\/2024\/04\/AF-cartel-mascotas-VAL-2026.jpg","contentUrl":"https:\/\/ayto.mutxamel.org\/wp-content\/uploads\/2024\/04\/AF-cartel-mascotas-VAL-2026.jpg","width":1200,"height":1697},{"@type":"BreadcrumbList","@id":"https:\/\/ayto.mutxamel.org\/ca\/feria-de-la-mascota-2026\/#breadcrumb","itemListElement":[{"@type":"ListItem","position":1,"name":"Portada","item":"https:\/\/ayto.mutxamel.org\/ca\/"},{"@type":"ListItem","position":2,"name":"Fira de la mascota 2026"}]},{"@type":"WebSite","@id":"https:\/\/ayto.mutxamel.org\/ca\/#website","url":"https:\/\/ayto.mutxamel.org\/ca\/","name":"Ayuntamiento de Mutxamel","description":"","potentialAction":[{"@type":"SearchAction","target":{"@type":"EntryPoint","urlTemplate":"https:\/\/ayto.mutxamel.org\/ca\/?s={search_term_string}"},"query-input":{"@type":"PropertyValueSpecification","valueRequired":true,"valueName":"search_term_string"}}],"inLanguage":"ca"},{"@type":"Person","@id":"https:\/\/ayto.mutxamel.org\/ca\/#\/schema\/person\/0a64c1c652c34ba957ddc1a83e56bbfa","name":"Ayuntamiento Mutxamel","url":"https:\/\/ayto.mutxamel.org\/ca\/author\/ayuntamiento-mutxamel\/"}]}},"_links":{"self":[{"href":"https:\/\/ayto.mutxamel.org\/ca\/wp-json\/wp\/v2\/posts\/67135","targetHints":{"allow":["GET"]}}],"collection":[{"href":"https:\/\/ayto.mutxamel.org\/ca\/wp-json\/wp\/v2\/posts"}],"about":[{"href":"https:\/\/ayto.mutxamel.org\/ca\/wp-json\/wp\/v2\/types\/post"}],"author":[{"embeddable":true,"href":"https:\/\/ayto.mutxamel.org\/ca\/wp-json\/wp\/v2\/users\/5"}],"replies":[{"embeddable":true,"href":"https:\/\/ayto.mutxamel.org\/ca\/wp-json\/wp\/v2\/comments?post=67135"}],"version-history":[{"count":4,"href":"https:\/\/ayto.mutxamel.org\/ca\/wp-json\/wp\/v2\/posts\/67135\/revisions"}],"predecessor-version":[{"id":67321,"href":"https:\/\/ayto.mutxamel.org\/ca\/wp-json\/wp\/v2\/posts\/67135\/revisions\/67321"}],"wp:featuredmedia":[{"embeddable":true,"href":"https:\/\/ayto.mutxamel.org\/ca\/wp-json\/wp\/v2\/media\/67124"}],"wp:attachment":[{"href":"https:\/\/ayto.mutxamel.org\/ca\/wp-json\/wp\/v2\/media?parent=67135"}],"wp:term":[{"taxonomy":"category","embeddable":true,"href":"https:\/\/ayto.mutxamel.org\/ca\/wp-json\/wp\/v2\/categories?post=67135"},{"taxonomy":"post_tag","embeddable":true,"href":"https:\/\/ayto.mutxamel.org\/ca\/wp-json\/wp\/v2\/tags?post=67135"}],"curies":[{"name":"wp","href":"https:\/\/api.w.org\/{rel}","templated":true}]}}