{"id":66961,"date":"2026-04-01T09:02:29","date_gmt":"2026-04-01T07:02:29","guid":{"rendered":"https:\/\/ayto.mutxamel.org\/mutxamel-impulsa-la-convivencia-intergeneracional-con-una-actividad-de-jardinoterapia-dirigida-a-jovenes-y-mayores\/"},"modified":"2026-04-01T09:04:08","modified_gmt":"2026-04-01T07:04:08","slug":"mutxamel-impulsa-la-convivencia-intergeneracional-con-una-actividad-de-jardinoterapia-dirigida-a-jovenes-y-mayores","status":"publish","type":"post","link":"https:\/\/ayto.mutxamel.org\/ca\/mutxamel-impulsa-la-convivencia-intergeneracional-con-una-actividad-de-jardinoterapia-dirigida-a-jovenes-y-mayores\/","title":{"rendered":"Mutxamel impulsa la conviv\u00e8ncia intergeneracional amb una activitat de jardinoterapia dirigida a joves i majors"},"content":{"rendered":"<p><span>L&#8217;Ajuntament de Mutxamel, a trav\u00e9s de la Casa de la Joventut i la Regidoria de Majors, ha organitzat una nova iniciativa destinada a fomentar la conviv\u00e8ncia, l&#8217;aprenentatge mutu i el benestar emocional entre diferents generacions del municipi. Es tracta d&#8217;una activitat intergeneracional de jardinoterapia que tindr\u00e0 lloc dimecres que ve 22 d&#8217;abril a les 17:30 hores a la Casa de la Joventut.<\/span><\/p>\n<p><span>La proposta naix amb l&#8217;objectiu de crear espais de trobada en els quals joves i persones majors puguen compartir experi\u00e8ncies, coneixements i temps de qualitat, utilitzant el contacte amb la naturalesa com a eina terap\u00e8utica i social. La jardinoterapia, reconeguda pels seus beneficis tant f\u00edsics com emocionals, permet millorar l&#8217;estat d&#8217;\u00e0nim, reduir l&#8217;estr\u00e8s i enfortir vincles socials, convertint-se en una activitat id\u00f2nia per a aquesta mena d&#8217;iniciatives comunit\u00e0ries.<\/span><\/p>\n<p><span>Des de l&#8217;organitzaci\u00f3 destaquen que aquest tipus de programes no sols afavoreixen l&#8217;envelliment actiu, sin\u00f3 que tamb\u00e9 ofereixen als joves l&#8217;oportunitat d&#8217;aprendre de l&#8217;experi\u00e8ncia vital de les persones majors, generant un intercanvi enriquidor que enforteix el teixit social del municipi. L&#8217;activitat es planteja com un espai din\u00e0mic i participatiu on les plantes i la cura de l&#8217;entorn serveixen com a punt de connexi\u00f3 entre generacions.<\/span><\/p>\n<p><span>Quant a la participaci\u00f3, el proc\u00e9s d&#8217;inscripci\u00f3 s&#8217;ha adaptat a les necessitats de cada grup d&#8217;edat. Les persones majors interessades poden formalitzar la seua inscripci\u00f3 de manera presencial en el Casal de la Tercera Edat de Mutxamel, aix\u00ed com a trav\u00e9s del correu electr\u00f2nic mayores@mutxamel.org o trucant al tel\u00e8fon 722 842 113. Per part seua, els joves d&#8217;entre 12 i 30 anys podran inscriure&#8217;s de manera \u00e0gil mitjan\u00e7ant un codi QR habilitat per a l&#8217;activitat o a trav\u00e9s de l&#8217;enlla\u00e7 digital facilitat per l&#8217;organitzaci\u00f3.<\/span><\/p>\n<p><span>Aquesta iniciativa s&#8217;emmarca dins de les pol\u00edtiques municipals orientades a promoure la participaci\u00f3 ciutadana, la inclusi\u00f3 social i el benestar comunitari, posant especial \u00e8mfasi en la creaci\u00f3 d&#8217;activitats que integren a diferents col\u00b7lectius. Amb aix\u00f2, l&#8217;Ajuntament de Mutxamel reafirma el seu comprom\u00eds amb el desenvolupament de programes que fomenten la cohesi\u00f3 social i l&#8217;aprenentatge compartit.<\/span><\/p>\n<p><span>L&#8217;activitat de jardinoterapia es presenta, en definitiva, com una oportunitat per a sembrar no sols plantes, sin\u00f3 tamb\u00e9 relacions, experi\u00e8ncies i valors que contribu\u00efsquen a construir una comunitat m\u00e9s unida, activa i solid\u00e0ria.<\/span><\/p>\n","protected":false},"excerpt":{"rendered":"<p>L&#8217;Ajuntament de Mutxamel, a trav\u00e9s de la Casa de la Joventut i la Regidoria de Majors, ha organitzat una nova iniciativa destinada a fomentar la conviv\u00e8ncia, l&#8217;aprenentatge mutu i el benestar emocional entre diferents generacions del municipi. Es tracta d&#8217;una activitat intergeneracional de jardinoterapia que tindr\u00e0 lloc dimecres que ve 22 d&#8217;abril a les 17:30&#8230;<\/p>\n","protected":false},"author":5,"featured_media":66959,"comment_status":"closed","ping_status":"open","sticky":false,"template":"","format":"standard","meta":{"_acf_changed":false,"footnotes":""},"categories":[475,282],"tags":[],"class_list":["post-66961","post","type-post","status-publish","format-standard","has-post-thumbnail","hentry","category-joventut","category-noticies"],"acf":[],"yoast_head":"<!-- This site is optimized with the Yoast SEO plugin v27.3 - https:\/\/yoast.com\/product\/yoast-seo-wordpress\/ -->\n<title>Mutxamel impulsa la conviv\u00e8ncia intergeneracional amb una activitat de jardinoterapia dirigida a joves i majors - Ayuntamiento de Mutxamel<\/title>\n<meta name=\"robots\" content=\"index, follow, max-snippet:-1, max-image-preview:large, max-video-preview:-1\" \/>\n<link rel=\"canonical\" href=\"https:\/\/ayto.mutxamel.org\/ca\/mutxamel-impulsa-la-convivencia-intergeneracional-con-una-actividad-de-jardinoterapia-dirigida-a-jovenes-y-mayores\/\" \/>\n<meta property=\"og:locale\" content=\"ca_ES\" \/>\n<meta property=\"og:type\" content=\"article\" \/>\n<meta property=\"og:title\" content=\"Mutxamel impulsa la conviv\u00e8ncia intergeneracional amb una activitat de jardinoterapia dirigida a joves i majors - Ayuntamiento de Mutxamel\" \/>\n<meta property=\"og:description\" content=\"L&#8217;Ajuntament de Mutxamel, a trav\u00e9s de la Casa de la Joventut i la Regidoria de Majors, ha organitzat una nova iniciativa destinada a fomentar la conviv\u00e8ncia, l&#8217;aprenentatge mutu i el benestar emocional entre diferents generacions del municipi. Es tracta d&#8217;una activitat intergeneracional de jardinoterapia que tindr\u00e0 lloc dimecres que ve 22 d&#8217;abril a les 17:30...\" \/>\n<meta property=\"og:url\" content=\"https:\/\/ayto.mutxamel.org\/ca\/mutxamel-impulsa-la-convivencia-intergeneracional-con-una-actividad-de-jardinoterapia-dirigida-a-jovenes-y-mayores\/\" \/>\n<meta property=\"og:site_name\" content=\"Ayuntamiento de Mutxamel\" \/>\n<meta property=\"article:published_time\" content=\"2026-04-01T07:02:29+00:00\" \/>\n<meta property=\"article:modified_time\" content=\"2026-04-01T07:04:08+00:00\" \/>\n<meta property=\"og:image\" content=\"https:\/\/ayto.mutxamel.org\/wp-content\/uploads\/2026\/04\/jardinVALEN.jpg\" \/>\n\t<meta property=\"og:image:width\" content=\"1080\" \/>\n\t<meta property=\"og:image:height\" content=\"1350\" \/>\n\t<meta property=\"og:image:type\" content=\"image\/jpeg\" \/>\n<meta name=\"author\" content=\"Ayuntamiento Mutxamel\" \/>\n<meta name=\"twitter:card\" content=\"summary_large_image\" \/>\n<meta name=\"twitter:label1\" content=\"Escrit per\" \/>\n\t<meta name=\"twitter:data1\" content=\"Ayuntamiento Mutxamel\" \/>\n\t<meta name=\"twitter:label2\" content=\"Temps estimat de lectura\" \/>\n\t<meta name=\"twitter:data2\" content=\"2 minuts\" \/>\n<script type=\"application\/ld+json\" class=\"yoast-schema-graph\">{\"@context\":\"https:\\\/\\\/schema.org\",\"@graph\":[{\"@type\":\"Article\",\"@id\":\"https:\\\/\\\/ayto.mutxamel.org\\\/ca\\\/mutxamel-impulsa-la-convivencia-intergeneracional-con-una-actividad-de-jardinoterapia-dirigida-a-jovenes-y-mayores\\\/#article\",\"isPartOf\":{\"@id\":\"https:\\\/\\\/ayto.mutxamel.org\\\/ca\\\/mutxamel-impulsa-la-convivencia-intergeneracional-con-una-actividad-de-jardinoterapia-dirigida-a-jovenes-y-mayores\\\/\"},\"author\":{\"name\":\"Ayuntamiento Mutxamel\",\"@id\":\"https:\\\/\\\/ayto.mutxamel.org\\\/ca\\\/#\\\/schema\\\/person\\\/0a64c1c652c34ba957ddc1a83e56bbfa\"},\"headline\":\"Mutxamel impulsa la conviv\u00e8ncia intergeneracional amb una activitat de jardinoterapia dirigida a joves i majors\",\"datePublished\":\"2026-04-01T07:02:29+00:00\",\"dateModified\":\"2026-04-01T07:04:08+00:00\",\"mainEntityOfPage\":{\"@id\":\"https:\\\/\\\/ayto.mutxamel.org\\\/ca\\\/mutxamel-impulsa-la-convivencia-intergeneracional-con-una-actividad-de-jardinoterapia-dirigida-a-jovenes-y-mayores\\\/\"},\"wordCount\":430,\"image\":{\"@id\":\"https:\\\/\\\/ayto.mutxamel.org\\\/ca\\\/mutxamel-impulsa-la-convivencia-intergeneracional-con-una-actividad-de-jardinoterapia-dirigida-a-jovenes-y-mayores\\\/#primaryimage\"},\"thumbnailUrl\":\"https:\\\/\\\/ayto.mutxamel.org\\\/wp-content\\\/uploads\\\/2026\\\/04\\\/jardinVALEN.jpg\",\"articleSection\":[\"Joventut\",\"Noticies\"],\"inLanguage\":\"ca\"},{\"@type\":\"WebPage\",\"@id\":\"https:\\\/\\\/ayto.mutxamel.org\\\/ca\\\/mutxamel-impulsa-la-convivencia-intergeneracional-con-una-actividad-de-jardinoterapia-dirigida-a-jovenes-y-mayores\\\/\",\"url\":\"https:\\\/\\\/ayto.mutxamel.org\\\/ca\\\/mutxamel-impulsa-la-convivencia-intergeneracional-con-una-actividad-de-jardinoterapia-dirigida-a-jovenes-y-mayores\\\/\",\"name\":\"Mutxamel impulsa la conviv\u00e8ncia intergeneracional amb una activitat de jardinoterapia dirigida a joves i majors - Ayuntamiento de Mutxamel\",\"isPartOf\":{\"@id\":\"https:\\\/\\\/ayto.mutxamel.org\\\/ca\\\/#website\"},\"primaryImageOfPage\":{\"@id\":\"https:\\\/\\\/ayto.mutxamel.org\\\/ca\\\/mutxamel-impulsa-la-convivencia-intergeneracional-con-una-actividad-de-jardinoterapia-dirigida-a-jovenes-y-mayores\\\/#primaryimage\"},\"image\":{\"@id\":\"https:\\\/\\\/ayto.mutxamel.org\\\/ca\\\/mutxamel-impulsa-la-convivencia-intergeneracional-con-una-actividad-de-jardinoterapia-dirigida-a-jovenes-y-mayores\\\/#primaryimage\"},\"thumbnailUrl\":\"https:\\\/\\\/ayto.mutxamel.org\\\/wp-content\\\/uploads\\\/2026\\\/04\\\/jardinVALEN.jpg\",\"datePublished\":\"2026-04-01T07:02:29+00:00\",\"dateModified\":\"2026-04-01T07:04:08+00:00\",\"author\":{\"@id\":\"https:\\\/\\\/ayto.mutxamel.org\\\/ca\\\/#\\\/schema\\\/person\\\/0a64c1c652c34ba957ddc1a83e56bbfa\"},\"breadcrumb\":{\"@id\":\"https:\\\/\\\/ayto.mutxamel.org\\\/ca\\\/mutxamel-impulsa-la-convivencia-intergeneracional-con-una-actividad-de-jardinoterapia-dirigida-a-jovenes-y-mayores\\\/#breadcrumb\"},\"inLanguage\":\"ca\",\"potentialAction\":[{\"@type\":\"ReadAction\",\"target\":[\"https:\\\/\\\/ayto.mutxamel.org\\\/ca\\\/mutxamel-impulsa-la-convivencia-intergeneracional-con-una-actividad-de-jardinoterapia-dirigida-a-jovenes-y-mayores\\\/\"]}]},{\"@type\":\"ImageObject\",\"inLanguage\":\"ca\",\"@id\":\"https:\\\/\\\/ayto.mutxamel.org\\\/ca\\\/mutxamel-impulsa-la-convivencia-intergeneracional-con-una-actividad-de-jardinoterapia-dirigida-a-jovenes-y-mayores\\\/#primaryimage\",\"url\":\"https:\\\/\\\/ayto.mutxamel.org\\\/wp-content\\\/uploads\\\/2026\\\/04\\\/jardinVALEN.jpg\",\"contentUrl\":\"https:\\\/\\\/ayto.mutxamel.org\\\/wp-content\\\/uploads\\\/2026\\\/04\\\/jardinVALEN.jpg\",\"width\":1080,\"height\":1350},{\"@type\":\"BreadcrumbList\",\"@id\":\"https:\\\/\\\/ayto.mutxamel.org\\\/ca\\\/mutxamel-impulsa-la-convivencia-intergeneracional-con-una-actividad-de-jardinoterapia-dirigida-a-jovenes-y-mayores\\\/#breadcrumb\",\"itemListElement\":[{\"@type\":\"ListItem\",\"position\":1,\"name\":\"Portada\",\"item\":\"https:\\\/\\\/ayto.mutxamel.org\\\/ca\\\/\"},{\"@type\":\"ListItem\",\"position\":2,\"name\":\"Mutxamel impulsa la conviv\u00e8ncia intergeneracional amb una activitat de jardinoterapia dirigida a joves i majors\"}]},{\"@type\":\"WebSite\",\"@id\":\"https:\\\/\\\/ayto.mutxamel.org\\\/ca\\\/#website\",\"url\":\"https:\\\/\\\/ayto.mutxamel.org\\\/ca\\\/\",\"name\":\"Ayuntamiento de Mutxamel\",\"description\":\"\",\"potentialAction\":[{\"@type\":\"SearchAction\",\"target\":{\"@type\":\"EntryPoint\",\"urlTemplate\":\"https:\\\/\\\/ayto.mutxamel.org\\\/ca\\\/?s={search_term_string}\"},\"query-input\":{\"@type\":\"PropertyValueSpecification\",\"valueRequired\":true,\"valueName\":\"search_term_string\"}}],\"inLanguage\":\"ca\"},{\"@type\":\"Person\",\"@id\":\"https:\\\/\\\/ayto.mutxamel.org\\\/ca\\\/#\\\/schema\\\/person\\\/0a64c1c652c34ba957ddc1a83e56bbfa\",\"name\":\"Ayuntamiento Mutxamel\",\"url\":\"https:\\\/\\\/ayto.mutxamel.org\\\/ca\\\/author\\\/ayuntamiento-mutxamel\\\/\"}]}<\/script>\n<!-- \/ Yoast SEO plugin. -->","yoast_head_json":{"title":"Mutxamel impulsa la conviv\u00e8ncia intergeneracional amb una activitat de jardinoterapia dirigida a joves i majors - Ayuntamiento de Mutxamel","robots":{"index":"index","follow":"follow","max-snippet":"max-snippet:-1","max-image-preview":"max-image-preview:large","max-video-preview":"max-video-preview:-1"},"canonical":"https:\/\/ayto.mutxamel.org\/ca\/mutxamel-impulsa-la-convivencia-intergeneracional-con-una-actividad-de-jardinoterapia-dirigida-a-jovenes-y-mayores\/","og_locale":"ca_ES","og_type":"article","og_title":"Mutxamel impulsa la conviv\u00e8ncia intergeneracional amb una activitat de jardinoterapia dirigida a joves i majors - Ayuntamiento de Mutxamel","og_description":"L&#8217;Ajuntament de Mutxamel, a trav\u00e9s de la Casa de la Joventut i la Regidoria de Majors, ha organitzat una nova iniciativa destinada a fomentar la conviv\u00e8ncia, l&#8217;aprenentatge mutu i el benestar emocional entre diferents generacions del municipi. Es tracta d&#8217;una activitat intergeneracional de jardinoterapia que tindr\u00e0 lloc dimecres que ve 22 d&#8217;abril a les 17:30...","og_url":"https:\/\/ayto.mutxamel.org\/ca\/mutxamel-impulsa-la-convivencia-intergeneracional-con-una-actividad-de-jardinoterapia-dirigida-a-jovenes-y-mayores\/","og_site_name":"Ayuntamiento de Mutxamel","article_published_time":"2026-04-01T07:02:29+00:00","article_modified_time":"2026-04-01T07:04:08+00:00","og_image":[{"width":1080,"height":1350,"url":"https:\/\/ayto.mutxamel.org\/wp-content\/uploads\/2026\/04\/jardinVALEN.jpg","type":"image\/jpeg"}],"author":"Ayuntamiento Mutxamel","twitter_card":"summary_large_image","twitter_misc":{"Escrit per":"Ayuntamiento Mutxamel","Temps estimat de lectura":"2 minuts"},"schema":{"@context":"https:\/\/schema.org","@graph":[{"@type":"Article","@id":"https:\/\/ayto.mutxamel.org\/ca\/mutxamel-impulsa-la-convivencia-intergeneracional-con-una-actividad-de-jardinoterapia-dirigida-a-jovenes-y-mayores\/#article","isPartOf":{"@id":"https:\/\/ayto.mutxamel.org\/ca\/mutxamel-impulsa-la-convivencia-intergeneracional-con-una-actividad-de-jardinoterapia-dirigida-a-jovenes-y-mayores\/"},"author":{"name":"Ayuntamiento Mutxamel","@id":"https:\/\/ayto.mutxamel.org\/ca\/#\/schema\/person\/0a64c1c652c34ba957ddc1a83e56bbfa"},"headline":"Mutxamel impulsa la conviv\u00e8ncia intergeneracional amb una activitat de jardinoterapia dirigida a joves i majors","datePublished":"2026-04-01T07:02:29+00:00","dateModified":"2026-04-01T07:04:08+00:00","mainEntityOfPage":{"@id":"https:\/\/ayto.mutxamel.org\/ca\/mutxamel-impulsa-la-convivencia-intergeneracional-con-una-actividad-de-jardinoterapia-dirigida-a-jovenes-y-mayores\/"},"wordCount":430,"image":{"@id":"https:\/\/ayto.mutxamel.org\/ca\/mutxamel-impulsa-la-convivencia-intergeneracional-con-una-actividad-de-jardinoterapia-dirigida-a-jovenes-y-mayores\/#primaryimage"},"thumbnailUrl":"https:\/\/ayto.mutxamel.org\/wp-content\/uploads\/2026\/04\/jardinVALEN.jpg","articleSection":["Joventut","Noticies"],"inLanguage":"ca"},{"@type":"WebPage","@id":"https:\/\/ayto.mutxamel.org\/ca\/mutxamel-impulsa-la-convivencia-intergeneracional-con-una-actividad-de-jardinoterapia-dirigida-a-jovenes-y-mayores\/","url":"https:\/\/ayto.mutxamel.org\/ca\/mutxamel-impulsa-la-convivencia-intergeneracional-con-una-actividad-de-jardinoterapia-dirigida-a-jovenes-y-mayores\/","name":"Mutxamel impulsa la conviv\u00e8ncia intergeneracional amb una activitat de jardinoterapia dirigida a joves i majors - Ayuntamiento de Mutxamel","isPartOf":{"@id":"https:\/\/ayto.mutxamel.org\/ca\/#website"},"primaryImageOfPage":{"@id":"https:\/\/ayto.mutxamel.org\/ca\/mutxamel-impulsa-la-convivencia-intergeneracional-con-una-actividad-de-jardinoterapia-dirigida-a-jovenes-y-mayores\/#primaryimage"},"image":{"@id":"https:\/\/ayto.mutxamel.org\/ca\/mutxamel-impulsa-la-convivencia-intergeneracional-con-una-actividad-de-jardinoterapia-dirigida-a-jovenes-y-mayores\/#primaryimage"},"thumbnailUrl":"https:\/\/ayto.mutxamel.org\/wp-content\/uploads\/2026\/04\/jardinVALEN.jpg","datePublished":"2026-04-01T07:02:29+00:00","dateModified":"2026-04-01T07:04:08+00:00","author":{"@id":"https:\/\/ayto.mutxamel.org\/ca\/#\/schema\/person\/0a64c1c652c34ba957ddc1a83e56bbfa"},"breadcrumb":{"@id":"https:\/\/ayto.mutxamel.org\/ca\/mutxamel-impulsa-la-convivencia-intergeneracional-con-una-actividad-de-jardinoterapia-dirigida-a-jovenes-y-mayores\/#breadcrumb"},"inLanguage":"ca","potentialAction":[{"@type":"ReadAction","target":["https:\/\/ayto.mutxamel.org\/ca\/mutxamel-impulsa-la-convivencia-intergeneracional-con-una-actividad-de-jardinoterapia-dirigida-a-jovenes-y-mayores\/"]}]},{"@type":"ImageObject","inLanguage":"ca","@id":"https:\/\/ayto.mutxamel.org\/ca\/mutxamel-impulsa-la-convivencia-intergeneracional-con-una-actividad-de-jardinoterapia-dirigida-a-jovenes-y-mayores\/#primaryimage","url":"https:\/\/ayto.mutxamel.org\/wp-content\/uploads\/2026\/04\/jardinVALEN.jpg","contentUrl":"https:\/\/ayto.mutxamel.org\/wp-content\/uploads\/2026\/04\/jardinVALEN.jpg","width":1080,"height":1350},{"@type":"BreadcrumbList","@id":"https:\/\/ayto.mutxamel.org\/ca\/mutxamel-impulsa-la-convivencia-intergeneracional-con-una-actividad-de-jardinoterapia-dirigida-a-jovenes-y-mayores\/#breadcrumb","itemListElement":[{"@type":"ListItem","position":1,"name":"Portada","item":"https:\/\/ayto.mutxamel.org\/ca\/"},{"@type":"ListItem","position":2,"name":"Mutxamel impulsa la conviv\u00e8ncia intergeneracional amb una activitat de jardinoterapia dirigida a joves i majors"}]},{"@type":"WebSite","@id":"https:\/\/ayto.mutxamel.org\/ca\/#website","url":"https:\/\/ayto.mutxamel.org\/ca\/","name":"Ayuntamiento de Mutxamel","description":"","potentialAction":[{"@type":"SearchAction","target":{"@type":"EntryPoint","urlTemplate":"https:\/\/ayto.mutxamel.org\/ca\/?s={search_term_string}"},"query-input":{"@type":"PropertyValueSpecification","valueRequired":true,"valueName":"search_term_string"}}],"inLanguage":"ca"},{"@type":"Person","@id":"https:\/\/ayto.mutxamel.org\/ca\/#\/schema\/person\/0a64c1c652c34ba957ddc1a83e56bbfa","name":"Ayuntamiento Mutxamel","url":"https:\/\/ayto.mutxamel.org\/ca\/author\/ayuntamiento-mutxamel\/"}]}},"_links":{"self":[{"href":"https:\/\/ayto.mutxamel.org\/ca\/wp-json\/wp\/v2\/posts\/66961","targetHints":{"allow":["GET"]}}],"collection":[{"href":"https:\/\/ayto.mutxamel.org\/ca\/wp-json\/wp\/v2\/posts"}],"about":[{"href":"https:\/\/ayto.mutxamel.org\/ca\/wp-json\/wp\/v2\/types\/post"}],"author":[{"embeddable":true,"href":"https:\/\/ayto.mutxamel.org\/ca\/wp-json\/wp\/v2\/users\/5"}],"replies":[{"embeddable":true,"href":"https:\/\/ayto.mutxamel.org\/ca\/wp-json\/wp\/v2\/comments?post=66961"}],"version-history":[{"count":3,"href":"https:\/\/ayto.mutxamel.org\/ca\/wp-json\/wp\/v2\/posts\/66961\/revisions"}],"predecessor-version":[{"id":66968,"href":"https:\/\/ayto.mutxamel.org\/ca\/wp-json\/wp\/v2\/posts\/66961\/revisions\/66968"}],"wp:featuredmedia":[{"embeddable":true,"href":"https:\/\/ayto.mutxamel.org\/ca\/wp-json\/wp\/v2\/media\/66959"}],"wp:attachment":[{"href":"https:\/\/ayto.mutxamel.org\/ca\/wp-json\/wp\/v2\/media?parent=66961"}],"wp:term":[{"taxonomy":"category","embeddable":true,"href":"https:\/\/ayto.mutxamel.org\/ca\/wp-json\/wp\/v2\/categories?post=66961"},{"taxonomy":"post_tag","embeddable":true,"href":"https:\/\/ayto.mutxamel.org\/ca\/wp-json\/wp\/v2\/tags?post=66961"}],"curies":[{"name":"wp","href":"https:\/\/api.w.org\/{rel}","templated":true}]}}