{"id":65818,"date":"2026-02-18T13:43:18","date_gmt":"2026-02-18T12:43:18","guid":{"rendered":"https:\/\/ayto.mutxamel.org\/mutxamel-presenta-vinopop-una-experiencia-que-unix-musica-vi-i-gastronomia-i-amplia-la-seua-oferta-cultural-de-qualitat\/"},"modified":"2026-02-18T13:43:18","modified_gmt":"2026-02-18T12:43:18","slug":"mutxamel-presenta-vinopop-una-experiencia-que-unix-musica-vi-i-gastronomia-i-amplia-la-seua-oferta-cultural-de-qualitat","status":"publish","type":"post","link":"https:\/\/ayto.mutxamel.org\/ca\/mutxamel-presenta-vinopop-una-experiencia-que-unix-musica-vi-i-gastronomia-i-amplia-la-seua-oferta-cultural-de-qualitat\/","title":{"rendered":"Mutxamel presenta Vinopop, una experi\u00e8ncia que unix m\u00fasica, vi i gastronomia i amplia la seua oferta cultural de qualitat"},"content":{"rendered":"<p>L&#8217;Ajuntament de Mutxamel, a trav\u00e9s de la Regidoria de Cultura, ha presentat Vinopop, un nou esdeveniment cultural i gastron\u00f2mic que se celebrar\u00e0 el pr\u00f2xim 9 de maig, a partir de les 12.00 hores, al Parc Municipal del Canyar dels Portelles, sota el lema \u201cOn la vida es degusta\u201d.<\/p>\n<p>Vinopop naix com una proposta que fusiona m\u00fasica en directe, va vindre i gastronomia en un entorn natural privilegiat, convertint el parc en l&#8217;escenari d&#8217;una experi\u00e8ncia \u00fanica per a ve\u00efns, ve\u00efnes i visitants. La cita arriba despr\u00e9s del cicle \u201cHivern al Teatre\u201d i abans de l&#8217;inici de \u201cMutxamel en Dansa\u201d, refor\u00e7ant la programaci\u00f3 cultural del municipi durant tot l&#8217;any.<\/p>\n<p>El cartell musical comptar\u00e0 amb les actuacions de Caf\u00e9 Quijano, Orquestra Mondrag\u00f3n i Elefants, a m\u00e9s de tributs a Estopa i Joaqu\u00edn Sabina, en una jornada pensada per a gaudir de la m\u00fasica i l&#8217;ambient festiu des del migdia.<\/p>\n<p>A m\u00e9s dels concerts, Vinopop oferir\u00e0 vins, propostes gastron\u00f2miques, botigues, exposicions, terrasses i tastos, consolidant-se com un esdeveniment que posa en valor la identitat culin\u00e0ria de Mutxamel, reconeguda per la qualitat dels seus productes de proximitat i el talent dels seus professionals de la restauraci\u00f3 i productors locals.<\/p>\n<p>L&#8217;alcalde de Mutxamel, Rafael Garc\u00eda Bernab\u00e9u, ha assenyalat que \u201chem concebut este projecte com un gran esdeveniment cultural que s&#8217;emmarca dins del treball de fons que portem desenrotllant des de fa anys per a crear un producte cultural de qualitat\u201d. Aix\u00ed mateix, ha subratllat que \u201cel format de Vinopop conjuga molt b\u00e9 la gastronomia i la m\u00fasica i creiem que atraur\u00e0 a gent a Mutxamel i afavorir, per tant, als sectors econ\u00f2mics locals\u201d. El primer edil ha remarcat que l&#8217;esdeveniment ja ha despertat inter\u00e9s en la localitat i algunes entitats i empreses mutxameleras s&#8217;han posat en contacte amb l&#8217;Ajuntament per a sondejar la possibilitat de participar. En este sentit, l&#8217;alcalde ha dit que es tracta d&#8217;un projecte obert per als sectors locals.<\/p>\n<p>Per part seua, la regidora de Cultura, Loreto Riera, ha destacat que \u201cMutxamel \u00e9s una localitat amb una gastronomia reconeguda i molt valorada, fruit de la nostra tradici\u00f3 i dels nostres productes de proximitat. Eixa identitat culin\u00e0ria forma part de la nostra cultura i de la nostra manera d&#8217;entendre Mutxamel\u201d. En este sentit, ha assenyalat que Vinopop \u201cnaix precisament amb eixa filosofia: unir m\u00fasica, vi i gastronomia en una experi\u00e8ncia que posa en valor el que som, i per aix\u00f2 pensem que \u00e9s perfecta per a la nostra ciutat, especialment en un espai tan meravell\u00f3s com El Canyar dels Portelles\u201d.<\/p>\n<p>L&#8217;esdeveniment arriba a Mutxamel mitjan\u00e7ant un procediment de contractaci\u00f3 negociat sense publicitat basat en l&#8217;exclusivitat del producte. Compta amb una aportaci\u00f3 municipal de 20.000 euros i est\u00e0 organitzat per Moonworld, Grup Manero i els cellers Emilio Moro i Menade, referents en els seus respectius sectors que aporten qualitat, creativitat i excel\u00b7l\u00e8ncia al projecte.<\/p>\n<p>Juanfran Senabre, de Moonworld, ha explicat que Vinopop s&#8217;ha concebut com \u201cuna experi\u00e8ncia sensorial de tota una jornada, amb un maridatge perfecte de bona m\u00fasica i grans vins, on no faltaran productes gastron\u00f2mics de primera qualitat amb una posada en escena premium\u201d.<\/p>\n<p>Per part seua, Sergio Sierra, xef executiu del Grup Manero, ha assegurat que es tracta d&#8217;un esdeveniment que aposta per l&#8217;excel\u00b7l\u00e8ncia i que, malgrat l&#8217;expansi\u00f3 nacional del grup, \u201csom d&#8217;ac\u00ed i ac\u00ed hem d&#8217;estar\u201d.<\/p>\n<p>Amb esta iniciativa, l&#8217;Ajuntament busca dinamitzar el Parc Municipal del Canyar dels Portelles, impulsar l&#8217;activitat cultural i posicionar a Mutxamel com un municipi actiu i comprom\u00e9s amb la cultura durant tot l&#8217;any.<\/p>\n<p>Les entrades poden adquirir-se a trav\u00e9s d&#8217;entradas.com i en la web oficial de l&#8217;esdeveniment: vinopop.es.<\/p>\n","protected":false},"excerpt":{"rendered":"<p>L&#8217;Ajuntament de Mutxamel, a trav\u00e9s de la Regidoria de Cultura, ha presentat Vinopop, un nou esdeveniment cultural i gastron\u00f2mic que se celebrar\u00e0 el pr\u00f2xim 9 de maig, a partir de les 12.00 hores, al Parc Municipal del Canyar dels Portelles, sota el lema \u201cOn la vida es degusta\u201d. Vinopop naix com una proposta que fusiona&#8230;<\/p>\n","protected":false},"author":12,"featured_media":65814,"comment_status":"closed","ping_status":"open","sticky":false,"template":"","format":"standard","meta":{"_acf_changed":false,"footnotes":""},"categories":[467,432,282],"tags":[],"class_list":["post-65818","post","type-post","status-publish","format-standard","has-post-thumbnail","hentry","category-cultura-ca","category-notes-de-premsa","category-noticies"],"acf":[],"yoast_head":"<!-- This site is optimized with the Yoast SEO plugin v27.3 - https:\/\/yoast.com\/product\/yoast-seo-wordpress\/ -->\n<title>Mutxamel presenta Vinopop, una experi\u00e8ncia que unix m\u00fasica, vi i gastronomia i amplia la seua oferta cultural de qualitat - Ayuntamiento de Mutxamel<\/title>\n<meta name=\"robots\" content=\"index, follow, max-snippet:-1, max-image-preview:large, max-video-preview:-1\" \/>\n<link rel=\"canonical\" href=\"https:\/\/ayto.mutxamel.org\/ca\/mutxamel-presenta-vinopop-una-experiencia-que-unix-musica-vi-i-gastronomia-i-amplia-la-seua-oferta-cultural-de-qualitat\/\" \/>\n<meta property=\"og:locale\" content=\"ca_ES\" \/>\n<meta property=\"og:type\" content=\"article\" \/>\n<meta property=\"og:title\" content=\"Mutxamel presenta Vinopop, una experi\u00e8ncia que unix m\u00fasica, vi i gastronomia i amplia la seua oferta cultural de qualitat - Ayuntamiento de Mutxamel\" \/>\n<meta property=\"og:description\" content=\"L&#8217;Ajuntament de Mutxamel, a trav\u00e9s de la Regidoria de Cultura, ha presentat Vinopop, un nou esdeveniment cultural i gastron\u00f2mic que se celebrar\u00e0 el pr\u00f2xim 9 de maig, a partir de les 12.00 hores, al Parc Municipal del Canyar dels Portelles, sota el lema \u201cOn la vida es degusta\u201d. Vinopop naix com una proposta que fusiona...\" \/>\n<meta property=\"og:url\" content=\"https:\/\/ayto.mutxamel.org\/ca\/mutxamel-presenta-vinopop-una-experiencia-que-unix-musica-vi-i-gastronomia-i-amplia-la-seua-oferta-cultural-de-qualitat\/\" \/>\n<meta property=\"og:site_name\" content=\"Ayuntamiento de Mutxamel\" \/>\n<meta property=\"article:published_time\" content=\"2026-02-18T12:43:18+00:00\" \/>\n<meta property=\"og:image\" content=\"https:\/\/ayto.mutxamel.org\/wp-content\/uploads\/2026\/02\/unnamed-2.jpg\" \/>\n\t<meta property=\"og:image:width\" content=\"1600\" \/>\n\t<meta property=\"og:image:height\" content=\"1200\" \/>\n\t<meta property=\"og:image:type\" content=\"image\/jpeg\" \/>\n<meta name=\"author\" content=\"GC_Luis\" \/>\n<meta name=\"twitter:card\" content=\"summary_large_image\" \/>\n<meta name=\"twitter:label1\" content=\"Escrit per\" \/>\n\t<meta name=\"twitter:data1\" content=\"GC_Luis\" \/>\n\t<meta name=\"twitter:label2\" content=\"Temps estimat de lectura\" \/>\n\t<meta name=\"twitter:data2\" content=\"3 minuts\" \/>\n<script type=\"application\/ld+json\" class=\"yoast-schema-graph\">{\"@context\":\"https:\\\/\\\/schema.org\",\"@graph\":[{\"@type\":\"Article\",\"@id\":\"https:\\\/\\\/ayto.mutxamel.org\\\/ca\\\/mutxamel-presenta-vinopop-una-experiencia-que-unix-musica-vi-i-gastronomia-i-amplia-la-seua-oferta-cultural-de-qualitat\\\/#article\",\"isPartOf\":{\"@id\":\"https:\\\/\\\/ayto.mutxamel.org\\\/ca\\\/mutxamel-presenta-vinopop-una-experiencia-que-unix-musica-vi-i-gastronomia-i-amplia-la-seua-oferta-cultural-de-qualitat\\\/\"},\"author\":{\"name\":\"GC_Luis\",\"@id\":\"https:\\\/\\\/ayto.mutxamel.org\\\/ca\\\/#\\\/schema\\\/person\\\/7bd4a860ef8d5eb9c6228c3e24dce6c0\"},\"headline\":\"Mutxamel presenta Vinopop, una experi\u00e8ncia que unix m\u00fasica, vi i gastronomia i amplia la seua oferta cultural de qualitat\",\"datePublished\":\"2026-02-18T12:43:18+00:00\",\"mainEntityOfPage\":{\"@id\":\"https:\\\/\\\/ayto.mutxamel.org\\\/ca\\\/mutxamel-presenta-vinopop-una-experiencia-que-unix-musica-vi-i-gastronomia-i-amplia-la-seua-oferta-cultural-de-qualitat\\\/\"},\"wordCount\":674,\"image\":{\"@id\":\"https:\\\/\\\/ayto.mutxamel.org\\\/ca\\\/mutxamel-presenta-vinopop-una-experiencia-que-unix-musica-vi-i-gastronomia-i-amplia-la-seua-oferta-cultural-de-qualitat\\\/#primaryimage\"},\"thumbnailUrl\":\"https:\\\/\\\/ayto.mutxamel.org\\\/wp-content\\\/uploads\\\/2026\\\/02\\\/unnamed-2.jpg\",\"articleSection\":[\"Cultura\",\"Notes de premsa\",\"Noticies\"],\"inLanguage\":\"ca\"},{\"@type\":\"WebPage\",\"@id\":\"https:\\\/\\\/ayto.mutxamel.org\\\/ca\\\/mutxamel-presenta-vinopop-una-experiencia-que-unix-musica-vi-i-gastronomia-i-amplia-la-seua-oferta-cultural-de-qualitat\\\/\",\"url\":\"https:\\\/\\\/ayto.mutxamel.org\\\/ca\\\/mutxamel-presenta-vinopop-una-experiencia-que-unix-musica-vi-i-gastronomia-i-amplia-la-seua-oferta-cultural-de-qualitat\\\/\",\"name\":\"Mutxamel presenta Vinopop, una experi\u00e8ncia que unix m\u00fasica, vi i gastronomia i amplia la seua oferta cultural de qualitat - Ayuntamiento de Mutxamel\",\"isPartOf\":{\"@id\":\"https:\\\/\\\/ayto.mutxamel.org\\\/ca\\\/#website\"},\"primaryImageOfPage\":{\"@id\":\"https:\\\/\\\/ayto.mutxamel.org\\\/ca\\\/mutxamel-presenta-vinopop-una-experiencia-que-unix-musica-vi-i-gastronomia-i-amplia-la-seua-oferta-cultural-de-qualitat\\\/#primaryimage\"},\"image\":{\"@id\":\"https:\\\/\\\/ayto.mutxamel.org\\\/ca\\\/mutxamel-presenta-vinopop-una-experiencia-que-unix-musica-vi-i-gastronomia-i-amplia-la-seua-oferta-cultural-de-qualitat\\\/#primaryimage\"},\"thumbnailUrl\":\"https:\\\/\\\/ayto.mutxamel.org\\\/wp-content\\\/uploads\\\/2026\\\/02\\\/unnamed-2.jpg\",\"datePublished\":\"2026-02-18T12:43:18+00:00\",\"author\":{\"@id\":\"https:\\\/\\\/ayto.mutxamel.org\\\/ca\\\/#\\\/schema\\\/person\\\/7bd4a860ef8d5eb9c6228c3e24dce6c0\"},\"breadcrumb\":{\"@id\":\"https:\\\/\\\/ayto.mutxamel.org\\\/ca\\\/mutxamel-presenta-vinopop-una-experiencia-que-unix-musica-vi-i-gastronomia-i-amplia-la-seua-oferta-cultural-de-qualitat\\\/#breadcrumb\"},\"inLanguage\":\"ca\",\"potentialAction\":[{\"@type\":\"ReadAction\",\"target\":[\"https:\\\/\\\/ayto.mutxamel.org\\\/ca\\\/mutxamel-presenta-vinopop-una-experiencia-que-unix-musica-vi-i-gastronomia-i-amplia-la-seua-oferta-cultural-de-qualitat\\\/\"]}]},{\"@type\":\"ImageObject\",\"inLanguage\":\"ca\",\"@id\":\"https:\\\/\\\/ayto.mutxamel.org\\\/ca\\\/mutxamel-presenta-vinopop-una-experiencia-que-unix-musica-vi-i-gastronomia-i-amplia-la-seua-oferta-cultural-de-qualitat\\\/#primaryimage\",\"url\":\"https:\\\/\\\/ayto.mutxamel.org\\\/wp-content\\\/uploads\\\/2026\\\/02\\\/unnamed-2.jpg\",\"contentUrl\":\"https:\\\/\\\/ayto.mutxamel.org\\\/wp-content\\\/uploads\\\/2026\\\/02\\\/unnamed-2.jpg\",\"width\":1600,\"height\":1200},{\"@type\":\"BreadcrumbList\",\"@id\":\"https:\\\/\\\/ayto.mutxamel.org\\\/ca\\\/mutxamel-presenta-vinopop-una-experiencia-que-unix-musica-vi-i-gastronomia-i-amplia-la-seua-oferta-cultural-de-qualitat\\\/#breadcrumb\",\"itemListElement\":[{\"@type\":\"ListItem\",\"position\":1,\"name\":\"Portada\",\"item\":\"https:\\\/\\\/ayto.mutxamel.org\\\/ca\\\/\"},{\"@type\":\"ListItem\",\"position\":2,\"name\":\"Mutxamel presenta Vinopop, una experi\u00e8ncia que unix m\u00fasica, vi i gastronomia i amplia la seua oferta cultural de qualitat\"}]},{\"@type\":\"WebSite\",\"@id\":\"https:\\\/\\\/ayto.mutxamel.org\\\/ca\\\/#website\",\"url\":\"https:\\\/\\\/ayto.mutxamel.org\\\/ca\\\/\",\"name\":\"Ayuntamiento de Mutxamel\",\"description\":\"\",\"potentialAction\":[{\"@type\":\"SearchAction\",\"target\":{\"@type\":\"EntryPoint\",\"urlTemplate\":\"https:\\\/\\\/ayto.mutxamel.org\\\/ca\\\/?s={search_term_string}\"},\"query-input\":{\"@type\":\"PropertyValueSpecification\",\"valueRequired\":true,\"valueName\":\"search_term_string\"}}],\"inLanguage\":\"ca\"},{\"@type\":\"Person\",\"@id\":\"https:\\\/\\\/ayto.mutxamel.org\\\/ca\\\/#\\\/schema\\\/person\\\/7bd4a860ef8d5eb9c6228c3e24dce6c0\",\"name\":\"GC_Luis\",\"url\":\"https:\\\/\\\/ayto.mutxamel.org\\\/ca\\\/author\\\/gc_luis\\\/\"}]}<\/script>\n<!-- \/ Yoast SEO plugin. -->","yoast_head_json":{"title":"Mutxamel presenta Vinopop, una experi\u00e8ncia que unix m\u00fasica, vi i gastronomia i amplia la seua oferta cultural de qualitat - Ayuntamiento de Mutxamel","robots":{"index":"index","follow":"follow","max-snippet":"max-snippet:-1","max-image-preview":"max-image-preview:large","max-video-preview":"max-video-preview:-1"},"canonical":"https:\/\/ayto.mutxamel.org\/ca\/mutxamel-presenta-vinopop-una-experiencia-que-unix-musica-vi-i-gastronomia-i-amplia-la-seua-oferta-cultural-de-qualitat\/","og_locale":"ca_ES","og_type":"article","og_title":"Mutxamel presenta Vinopop, una experi\u00e8ncia que unix m\u00fasica, vi i gastronomia i amplia la seua oferta cultural de qualitat - Ayuntamiento de Mutxamel","og_description":"L&#8217;Ajuntament de Mutxamel, a trav\u00e9s de la Regidoria de Cultura, ha presentat Vinopop, un nou esdeveniment cultural i gastron\u00f2mic que se celebrar\u00e0 el pr\u00f2xim 9 de maig, a partir de les 12.00 hores, al Parc Municipal del Canyar dels Portelles, sota el lema \u201cOn la vida es degusta\u201d. Vinopop naix com una proposta que fusiona...","og_url":"https:\/\/ayto.mutxamel.org\/ca\/mutxamel-presenta-vinopop-una-experiencia-que-unix-musica-vi-i-gastronomia-i-amplia-la-seua-oferta-cultural-de-qualitat\/","og_site_name":"Ayuntamiento de Mutxamel","article_published_time":"2026-02-18T12:43:18+00:00","og_image":[{"width":1600,"height":1200,"url":"https:\/\/ayto.mutxamel.org\/wp-content\/uploads\/2026\/02\/unnamed-2.jpg","type":"image\/jpeg"}],"author":"GC_Luis","twitter_card":"summary_large_image","twitter_misc":{"Escrit per":"GC_Luis","Temps estimat de lectura":"3 minuts"},"schema":{"@context":"https:\/\/schema.org","@graph":[{"@type":"Article","@id":"https:\/\/ayto.mutxamel.org\/ca\/mutxamel-presenta-vinopop-una-experiencia-que-unix-musica-vi-i-gastronomia-i-amplia-la-seua-oferta-cultural-de-qualitat\/#article","isPartOf":{"@id":"https:\/\/ayto.mutxamel.org\/ca\/mutxamel-presenta-vinopop-una-experiencia-que-unix-musica-vi-i-gastronomia-i-amplia-la-seua-oferta-cultural-de-qualitat\/"},"author":{"name":"GC_Luis","@id":"https:\/\/ayto.mutxamel.org\/ca\/#\/schema\/person\/7bd4a860ef8d5eb9c6228c3e24dce6c0"},"headline":"Mutxamel presenta Vinopop, una experi\u00e8ncia que unix m\u00fasica, vi i gastronomia i amplia la seua oferta cultural de qualitat","datePublished":"2026-02-18T12:43:18+00:00","mainEntityOfPage":{"@id":"https:\/\/ayto.mutxamel.org\/ca\/mutxamel-presenta-vinopop-una-experiencia-que-unix-musica-vi-i-gastronomia-i-amplia-la-seua-oferta-cultural-de-qualitat\/"},"wordCount":674,"image":{"@id":"https:\/\/ayto.mutxamel.org\/ca\/mutxamel-presenta-vinopop-una-experiencia-que-unix-musica-vi-i-gastronomia-i-amplia-la-seua-oferta-cultural-de-qualitat\/#primaryimage"},"thumbnailUrl":"https:\/\/ayto.mutxamel.org\/wp-content\/uploads\/2026\/02\/unnamed-2.jpg","articleSection":["Cultura","Notes de premsa","Noticies"],"inLanguage":"ca"},{"@type":"WebPage","@id":"https:\/\/ayto.mutxamel.org\/ca\/mutxamel-presenta-vinopop-una-experiencia-que-unix-musica-vi-i-gastronomia-i-amplia-la-seua-oferta-cultural-de-qualitat\/","url":"https:\/\/ayto.mutxamel.org\/ca\/mutxamel-presenta-vinopop-una-experiencia-que-unix-musica-vi-i-gastronomia-i-amplia-la-seua-oferta-cultural-de-qualitat\/","name":"Mutxamel presenta Vinopop, una experi\u00e8ncia que unix m\u00fasica, vi i gastronomia i amplia la seua oferta cultural de qualitat - Ayuntamiento de Mutxamel","isPartOf":{"@id":"https:\/\/ayto.mutxamel.org\/ca\/#website"},"primaryImageOfPage":{"@id":"https:\/\/ayto.mutxamel.org\/ca\/mutxamel-presenta-vinopop-una-experiencia-que-unix-musica-vi-i-gastronomia-i-amplia-la-seua-oferta-cultural-de-qualitat\/#primaryimage"},"image":{"@id":"https:\/\/ayto.mutxamel.org\/ca\/mutxamel-presenta-vinopop-una-experiencia-que-unix-musica-vi-i-gastronomia-i-amplia-la-seua-oferta-cultural-de-qualitat\/#primaryimage"},"thumbnailUrl":"https:\/\/ayto.mutxamel.org\/wp-content\/uploads\/2026\/02\/unnamed-2.jpg","datePublished":"2026-02-18T12:43:18+00:00","author":{"@id":"https:\/\/ayto.mutxamel.org\/ca\/#\/schema\/person\/7bd4a860ef8d5eb9c6228c3e24dce6c0"},"breadcrumb":{"@id":"https:\/\/ayto.mutxamel.org\/ca\/mutxamel-presenta-vinopop-una-experiencia-que-unix-musica-vi-i-gastronomia-i-amplia-la-seua-oferta-cultural-de-qualitat\/#breadcrumb"},"inLanguage":"ca","potentialAction":[{"@type":"ReadAction","target":["https:\/\/ayto.mutxamel.org\/ca\/mutxamel-presenta-vinopop-una-experiencia-que-unix-musica-vi-i-gastronomia-i-amplia-la-seua-oferta-cultural-de-qualitat\/"]}]},{"@type":"ImageObject","inLanguage":"ca","@id":"https:\/\/ayto.mutxamel.org\/ca\/mutxamel-presenta-vinopop-una-experiencia-que-unix-musica-vi-i-gastronomia-i-amplia-la-seua-oferta-cultural-de-qualitat\/#primaryimage","url":"https:\/\/ayto.mutxamel.org\/wp-content\/uploads\/2026\/02\/unnamed-2.jpg","contentUrl":"https:\/\/ayto.mutxamel.org\/wp-content\/uploads\/2026\/02\/unnamed-2.jpg","width":1600,"height":1200},{"@type":"BreadcrumbList","@id":"https:\/\/ayto.mutxamel.org\/ca\/mutxamel-presenta-vinopop-una-experiencia-que-unix-musica-vi-i-gastronomia-i-amplia-la-seua-oferta-cultural-de-qualitat\/#breadcrumb","itemListElement":[{"@type":"ListItem","position":1,"name":"Portada","item":"https:\/\/ayto.mutxamel.org\/ca\/"},{"@type":"ListItem","position":2,"name":"Mutxamel presenta Vinopop, una experi\u00e8ncia que unix m\u00fasica, vi i gastronomia i amplia la seua oferta cultural de qualitat"}]},{"@type":"WebSite","@id":"https:\/\/ayto.mutxamel.org\/ca\/#website","url":"https:\/\/ayto.mutxamel.org\/ca\/","name":"Ayuntamiento de Mutxamel","description":"","potentialAction":[{"@type":"SearchAction","target":{"@type":"EntryPoint","urlTemplate":"https:\/\/ayto.mutxamel.org\/ca\/?s={search_term_string}"},"query-input":{"@type":"PropertyValueSpecification","valueRequired":true,"valueName":"search_term_string"}}],"inLanguage":"ca"},{"@type":"Person","@id":"https:\/\/ayto.mutxamel.org\/ca\/#\/schema\/person\/7bd4a860ef8d5eb9c6228c3e24dce6c0","name":"GC_Luis","url":"https:\/\/ayto.mutxamel.org\/ca\/author\/gc_luis\/"}]}},"_links":{"self":[{"href":"https:\/\/ayto.mutxamel.org\/ca\/wp-json\/wp\/v2\/posts\/65818","targetHints":{"allow":["GET"]}}],"collection":[{"href":"https:\/\/ayto.mutxamel.org\/ca\/wp-json\/wp\/v2\/posts"}],"about":[{"href":"https:\/\/ayto.mutxamel.org\/ca\/wp-json\/wp\/v2\/types\/post"}],"author":[{"embeddable":true,"href":"https:\/\/ayto.mutxamel.org\/ca\/wp-json\/wp\/v2\/users\/12"}],"replies":[{"embeddable":true,"href":"https:\/\/ayto.mutxamel.org\/ca\/wp-json\/wp\/v2\/comments?post=65818"}],"version-history":[{"count":0,"href":"https:\/\/ayto.mutxamel.org\/ca\/wp-json\/wp\/v2\/posts\/65818\/revisions"}],"wp:featuredmedia":[{"embeddable":true,"href":"https:\/\/ayto.mutxamel.org\/ca\/wp-json\/wp\/v2\/media\/65814"}],"wp:attachment":[{"href":"https:\/\/ayto.mutxamel.org\/ca\/wp-json\/wp\/v2\/media?parent=65818"}],"wp:term":[{"taxonomy":"category","embeddable":true,"href":"https:\/\/ayto.mutxamel.org\/ca\/wp-json\/wp\/v2\/categories?post=65818"},{"taxonomy":"post_tag","embeddable":true,"href":"https:\/\/ayto.mutxamel.org\/ca\/wp-json\/wp\/v2\/tags?post=65818"}],"curies":[{"name":"wp","href":"https:\/\/api.w.org\/{rel}","templated":true}]}}