{"id":65308,"date":"2026-02-03T11:34:44","date_gmt":"2026-02-03T10:34:44","guid":{"rendered":"https:\/\/ayto.mutxamel.org\/%f0%9f%8e%ad-hivern-al-teatre-2026\/"},"modified":"2026-02-03T11:38:33","modified_gmt":"2026-02-03T10:38:33","slug":"%f0%9f%8e%ad-hivern-al-teatre-2026","status":"publish","type":"post","link":"https:\/\/ayto.mutxamel.org\/ca\/%f0%9f%8e%ad-hivern-al-teatre-2026\/","title":{"rendered":"\ud83c\udfad Hivern al Teatre 2026"},"content":{"rendered":"<p><strong>\ud83c\udfad Hivern al Teatre 2026<\/strong><\/p>\n<p><strong>Cultura per a tots els p\u00fablics a l\u2019Auditori de la Casa de Cultura<\/strong><\/p>\n<p><strong>De gener a abril<\/strong>, l\u2019Auditori de la Casa de Cultura de Mutxamel acull una nova edici\u00f3 del cicle <strong>Hivern al Teatre<\/strong>, una programaci\u00f3 cultural impulsada per l\u2019Ajuntament de Mutxamel amb propostes de teatre, com\u00e8dia, m\u00fasica, dansa, mon\u00f2legs, espectacles familiars i projeccions audiovisuals.<\/p>\n<p>\ud83d\udc49 <strong>Gran part dels espectacles s\u00f3n d\u2019entrada lliure<\/strong> i la resta disposen de venda anticipada en l\u00ednia.<\/p>\n<p><strong>\ud83d\udccd Lloc<\/strong><\/p>\n<p><strong>Auditori de la Casa de Cultura \u2013 Mutxamel<\/strong><\/p>\n<p><strong>\ud83d\udcc5 Dates<\/strong><\/p>\n<p><strong>Del 31 de gener al 25 d\u2019abril<\/strong><\/p>\n<p><strong>\u2b50 Programaci\u00f3 destacada<\/strong><\/p>\n<p><strong>\ud83c\udfad Teatre i com\u00e8dia<\/strong><\/p>\n<ul>\n<li><strong>31 de gener | 20.00 h<\/strong><br \/>\n<strong>Una historia de un amor<\/strong> \u2013 Miramnos Teatre<br \/>\nTragicom\u00e8dia \u00b7 Entrada lliure<br \/>\n<em>Recomanada per a majors de 18 anys<\/em><\/li>\n<li><strong>14 de febrer | 20.00 h<\/strong><br \/>\n<strong>La cena de los idiotas<\/strong> \u2013 A. Art\u00edstica de Callosa amb EDYCU<br \/>\nCom\u00e8dia \u00b7 Entrada lliure<\/li>\n<li><strong>28 de febrer | 19.00 h<\/strong><br \/>\n<strong>La barca sin pescador<\/strong> \u2013 Taller de Teatre Municipal<br \/>\nDrama \u00b7 Entrada lliure<\/li>\n<\/ul>\n<p><strong>\ud83d\udc67\ud83e\uddd2 Teatre i espectacles infantils \/ familiars<\/strong><\/p>\n<ul>\n<li><strong>6 de febrer | 18.00 h<\/strong><br \/>\n<strong>El lobo azul<\/strong> \u2013 P\u00e0mpol Teatre<br \/>\nTeatre infantil \u00b7 Entrada lliure<\/li>\n<li><strong>20 de febrer | 17.30 h i 19.00 h<\/strong><br \/>\n<strong>Plenilunio<\/strong> \u2013 F\u00e1brica de paraules<br \/>\nTeatre infantil \u00b7 Entrades: <em>mutxamelentradas.com<\/em><br \/>\n<em>Edat recomanada: d\u20191 a 6 anys<\/em><\/li>\n<li><strong>14 de mar\u00e7 | 17.00 h<\/strong><br \/>\n<strong>Fen\u00f3meno K-Pop. Lucha de guerreras<\/strong><br \/>\nMusical infantil \u00b7 Entrades: <em>festentradas.com<\/em><\/li>\n<li><strong>11 d\u2019abril | 18.30 h<\/strong><br \/>\n<strong>My Bubble World<\/strong><br \/>\nEspectacle familiar \u00b7 Entrades: <em>giglon.com<\/em><\/li>\n<\/ul>\n<p><strong>\ud83c\udfa4 Humor i audiovisual<\/strong><\/p>\n<ul>\n<li><strong>14 de mar\u00e7 | 20.30 h<\/strong><br \/>\n<strong>Vuelve a los 90 \u2013 Cap\u00edtulo 2<\/strong> \u2013 Ra\u00fal Ant\u00f3n<br \/>\nMon\u00f2leg \u00b7 Entrades: <em>dentralia.com<\/em><\/li>\n<li><strong>18 d\u2019abril | 19.00 h<\/strong><br \/>\n<strong>El \u00faltimo faro<\/strong> \u2013 Cin\u00e8tika Media<br \/>\nProjecci\u00f3 web s\u00e8rie \u00b7 Entrada lliure<\/li>\n<\/ul>\n<p><strong>\ud83c\udfb6 M\u00fasica i dansa<\/strong><\/p>\n<ul>\n<li><strong>25 d\u2019abril | 20.00 h<\/strong><br \/>\n<strong>Desig morir<\/strong> \u2013 Salpassa<br \/>\nM\u00fasica i dansa tradicional \u00b7 Entrada lliure<\/li>\n<\/ul>\n<p><strong>\u2139\ufe0f Informaci\u00f3 d\u2019inter\u00e9s<\/strong><\/p>\n<ul>\n<li>Les funcions amb <strong>entrada lliure<\/strong> seran fins a completar aforament.<\/li>\n<li>Les entrades de pagament s\u2019hauran d\u2019adquirir a les plataformes indicades.<\/li>\n<li>Programaci\u00f3 subjecta a possibles modificacions.<\/li>\n<\/ul>\n<p>L\u2019Ajuntament de Mutxamel convida la ciutadania a gaudir d\u2019aquest cicle cultural, pensat per apropar les arts esc\u00e8niques a tots els p\u00fablics durant els mesos d\u2019hivern.<\/p>\n","protected":false},"excerpt":{"rendered":"<p>\ud83c\udfad Hivern al Teatre 2026 Cultura per a tots els p\u00fablics a l\u2019Auditori de la Casa de Cultura De gener a abril, l\u2019Auditori de la Casa de Cultura de Mutxamel acull una nova edici\u00f3 del cicle Hivern al Teatre, una programaci\u00f3 cultural impulsada per l\u2019Ajuntament de Mutxamel amb propostes de teatre, com\u00e8dia, m\u00fasica, dansa, mon\u00f2legs,&#8230;<\/p>\n","protected":false},"author":12,"featured_media":65309,"comment_status":"closed","ping_status":"open","sticky":false,"template":"","format":"standard","meta":{"_acf_changed":false,"footnotes":""},"categories":[467,282],"tags":[],"class_list":["post-65308","post","type-post","status-publish","format-standard","has-post-thumbnail","hentry","category-cultura-ca","category-noticies"],"acf":[],"yoast_head":"<!-- This site is optimized with the Yoast SEO plugin v27.3 - https:\/\/yoast.com\/product\/yoast-seo-wordpress\/ -->\n<title>\ud83c\udfad Hivern al Teatre 2026 - Ayuntamiento de Mutxamel<\/title>\n<meta name=\"robots\" content=\"index, follow, max-snippet:-1, max-image-preview:large, max-video-preview:-1\" \/>\n<link rel=\"canonical\" href=\"https:\/\/ayto.mutxamel.org\/ca\/%f0%9f%8e%ad-hivern-al-teatre-2026\/\" \/>\n<meta property=\"og:locale\" content=\"ca_ES\" \/>\n<meta property=\"og:type\" content=\"article\" \/>\n<meta property=\"og:title\" content=\"\ud83c\udfad Hivern al Teatre 2026 - Ayuntamiento de Mutxamel\" \/>\n<meta property=\"og:description\" content=\"\ud83c\udfad Hivern al Teatre 2026 Cultura per a tots els p\u00fablics a l\u2019Auditori de la Casa de Cultura De gener a abril, l\u2019Auditori de la Casa de Cultura de Mutxamel acull una nova edici\u00f3 del cicle Hivern al Teatre, una programaci\u00f3 cultural impulsada per l\u2019Ajuntament de Mutxamel amb propostes de teatre, com\u00e8dia, m\u00fasica, dansa, mon\u00f2legs,...\" \/>\n<meta property=\"og:url\" content=\"https:\/\/ayto.mutxamel.org\/ca\/%f0%9f%8e%ad-hivern-al-teatre-2026\/\" \/>\n<meta property=\"og:site_name\" content=\"Ayuntamiento de Mutxamel\" \/>\n<meta property=\"article:published_time\" content=\"2026-02-03T10:34:44+00:00\" \/>\n<meta property=\"article:modified_time\" content=\"2026-02-03T10:38:33+00:00\" \/>\n<meta property=\"og:image\" content=\"https:\/\/ayto.mutxamel.org\/wp-content\/uploads\/2026\/02\/A3_valenciano-1-scaled.jpg\" \/>\n\t<meta property=\"og:image:width\" content=\"1357\" \/>\n\t<meta property=\"og:image:height\" content=\"1920\" \/>\n\t<meta property=\"og:image:type\" content=\"image\/jpeg\" \/>\n<meta name=\"author\" content=\"GC_Luis\" \/>\n<meta name=\"twitter:card\" content=\"summary_large_image\" \/>\n<meta name=\"twitter:label1\" content=\"Escrit per\" \/>\n\t<meta name=\"twitter:data1\" content=\"GC_Luis\" \/>\n\t<meta name=\"twitter:label2\" content=\"Temps estimat de lectura\" \/>\n\t<meta name=\"twitter:data2\" content=\"2 minuts\" \/>\n<script type=\"application\/ld+json\" class=\"yoast-schema-graph\">{\"@context\":\"https:\\\/\\\/schema.org\",\"@graph\":[{\"@type\":\"Article\",\"@id\":\"https:\\\/\\\/ayto.mutxamel.org\\\/ca\\\/%f0%9f%8e%ad-hivern-al-teatre-2026\\\/#article\",\"isPartOf\":{\"@id\":\"https:\\\/\\\/ayto.mutxamel.org\\\/ca\\\/%f0%9f%8e%ad-hivern-al-teatre-2026\\\/\"},\"author\":{\"name\":\"GC_Luis\",\"@id\":\"https:\\\/\\\/ayto.mutxamel.org\\\/ca\\\/#\\\/schema\\\/person\\\/7bd4a860ef8d5eb9c6228c3e24dce6c0\"},\"headline\":\"\ud83c\udfad Hivern al Teatre 2026\",\"datePublished\":\"2026-02-03T10:34:44+00:00\",\"dateModified\":\"2026-02-03T10:38:33+00:00\",\"mainEntityOfPage\":{\"@id\":\"https:\\\/\\\/ayto.mutxamel.org\\\/ca\\\/%f0%9f%8e%ad-hivern-al-teatre-2026\\\/\"},\"wordCount\":337,\"image\":{\"@id\":\"https:\\\/\\\/ayto.mutxamel.org\\\/ca\\\/%f0%9f%8e%ad-hivern-al-teatre-2026\\\/#primaryimage\"},\"thumbnailUrl\":\"https:\\\/\\\/ayto.mutxamel.org\\\/wp-content\\\/uploads\\\/2026\\\/02\\\/A3_valenciano-1-scaled.jpg\",\"articleSection\":[\"Cultura\",\"Noticies\"],\"inLanguage\":\"ca\"},{\"@type\":\"WebPage\",\"@id\":\"https:\\\/\\\/ayto.mutxamel.org\\\/ca\\\/%f0%9f%8e%ad-hivern-al-teatre-2026\\\/\",\"url\":\"https:\\\/\\\/ayto.mutxamel.org\\\/ca\\\/%f0%9f%8e%ad-hivern-al-teatre-2026\\\/\",\"name\":\"\ud83c\udfad Hivern al Teatre 2026 - Ayuntamiento de Mutxamel\",\"isPartOf\":{\"@id\":\"https:\\\/\\\/ayto.mutxamel.org\\\/ca\\\/#website\"},\"primaryImageOfPage\":{\"@id\":\"https:\\\/\\\/ayto.mutxamel.org\\\/ca\\\/%f0%9f%8e%ad-hivern-al-teatre-2026\\\/#primaryimage\"},\"image\":{\"@id\":\"https:\\\/\\\/ayto.mutxamel.org\\\/ca\\\/%f0%9f%8e%ad-hivern-al-teatre-2026\\\/#primaryimage\"},\"thumbnailUrl\":\"https:\\\/\\\/ayto.mutxamel.org\\\/wp-content\\\/uploads\\\/2026\\\/02\\\/A3_valenciano-1-scaled.jpg\",\"datePublished\":\"2026-02-03T10:34:44+00:00\",\"dateModified\":\"2026-02-03T10:38:33+00:00\",\"author\":{\"@id\":\"https:\\\/\\\/ayto.mutxamel.org\\\/ca\\\/#\\\/schema\\\/person\\\/7bd4a860ef8d5eb9c6228c3e24dce6c0\"},\"breadcrumb\":{\"@id\":\"https:\\\/\\\/ayto.mutxamel.org\\\/ca\\\/%f0%9f%8e%ad-hivern-al-teatre-2026\\\/#breadcrumb\"},\"inLanguage\":\"ca\",\"potentialAction\":[{\"@type\":\"ReadAction\",\"target\":[\"https:\\\/\\\/ayto.mutxamel.org\\\/ca\\\/%f0%9f%8e%ad-hivern-al-teatre-2026\\\/\"]}]},{\"@type\":\"ImageObject\",\"inLanguage\":\"ca\",\"@id\":\"https:\\\/\\\/ayto.mutxamel.org\\\/ca\\\/%f0%9f%8e%ad-hivern-al-teatre-2026\\\/#primaryimage\",\"url\":\"https:\\\/\\\/ayto.mutxamel.org\\\/wp-content\\\/uploads\\\/2026\\\/02\\\/A3_valenciano-1-scaled.jpg\",\"contentUrl\":\"https:\\\/\\\/ayto.mutxamel.org\\\/wp-content\\\/uploads\\\/2026\\\/02\\\/A3_valenciano-1-scaled.jpg\",\"width\":1357,\"height\":1920},{\"@type\":\"BreadcrumbList\",\"@id\":\"https:\\\/\\\/ayto.mutxamel.org\\\/ca\\\/%f0%9f%8e%ad-hivern-al-teatre-2026\\\/#breadcrumb\",\"itemListElement\":[{\"@type\":\"ListItem\",\"position\":1,\"name\":\"Portada\",\"item\":\"https:\\\/\\\/ayto.mutxamel.org\\\/ca\\\/\"},{\"@type\":\"ListItem\",\"position\":2,\"name\":\"\ud83c\udfad Hivern al Teatre 2026\"}]},{\"@type\":\"WebSite\",\"@id\":\"https:\\\/\\\/ayto.mutxamel.org\\\/ca\\\/#website\",\"url\":\"https:\\\/\\\/ayto.mutxamel.org\\\/ca\\\/\",\"name\":\"Ayuntamiento de Mutxamel\",\"description\":\"\",\"potentialAction\":[{\"@type\":\"SearchAction\",\"target\":{\"@type\":\"EntryPoint\",\"urlTemplate\":\"https:\\\/\\\/ayto.mutxamel.org\\\/ca\\\/?s={search_term_string}\"},\"query-input\":{\"@type\":\"PropertyValueSpecification\",\"valueRequired\":true,\"valueName\":\"search_term_string\"}}],\"inLanguage\":\"ca\"},{\"@type\":\"Person\",\"@id\":\"https:\\\/\\\/ayto.mutxamel.org\\\/ca\\\/#\\\/schema\\\/person\\\/7bd4a860ef8d5eb9c6228c3e24dce6c0\",\"name\":\"GC_Luis\",\"url\":\"https:\\\/\\\/ayto.mutxamel.org\\\/ca\\\/author\\\/gc_luis\\\/\"}]}<\/script>\n<!-- \/ Yoast SEO plugin. -->","yoast_head_json":{"title":"\ud83c\udfad Hivern al Teatre 2026 - Ayuntamiento de Mutxamel","robots":{"index":"index","follow":"follow","max-snippet":"max-snippet:-1","max-image-preview":"max-image-preview:large","max-video-preview":"max-video-preview:-1"},"canonical":"https:\/\/ayto.mutxamel.org\/ca\/%f0%9f%8e%ad-hivern-al-teatre-2026\/","og_locale":"ca_ES","og_type":"article","og_title":"\ud83c\udfad Hivern al Teatre 2026 - Ayuntamiento de Mutxamel","og_description":"\ud83c\udfad Hivern al Teatre 2026 Cultura per a tots els p\u00fablics a l\u2019Auditori de la Casa de Cultura De gener a abril, l\u2019Auditori de la Casa de Cultura de Mutxamel acull una nova edici\u00f3 del cicle Hivern al Teatre, una programaci\u00f3 cultural impulsada per l\u2019Ajuntament de Mutxamel amb propostes de teatre, com\u00e8dia, m\u00fasica, dansa, mon\u00f2legs,...","og_url":"https:\/\/ayto.mutxamel.org\/ca\/%f0%9f%8e%ad-hivern-al-teatre-2026\/","og_site_name":"Ayuntamiento de Mutxamel","article_published_time":"2026-02-03T10:34:44+00:00","article_modified_time":"2026-02-03T10:38:33+00:00","og_image":[{"width":1357,"height":1920,"url":"https:\/\/ayto.mutxamel.org\/wp-content\/uploads\/2026\/02\/A3_valenciano-1-scaled.jpg","type":"image\/jpeg"}],"author":"GC_Luis","twitter_card":"summary_large_image","twitter_misc":{"Escrit per":"GC_Luis","Temps estimat de lectura":"2 minuts"},"schema":{"@context":"https:\/\/schema.org","@graph":[{"@type":"Article","@id":"https:\/\/ayto.mutxamel.org\/ca\/%f0%9f%8e%ad-hivern-al-teatre-2026\/#article","isPartOf":{"@id":"https:\/\/ayto.mutxamel.org\/ca\/%f0%9f%8e%ad-hivern-al-teatre-2026\/"},"author":{"name":"GC_Luis","@id":"https:\/\/ayto.mutxamel.org\/ca\/#\/schema\/person\/7bd4a860ef8d5eb9c6228c3e24dce6c0"},"headline":"\ud83c\udfad Hivern al Teatre 2026","datePublished":"2026-02-03T10:34:44+00:00","dateModified":"2026-02-03T10:38:33+00:00","mainEntityOfPage":{"@id":"https:\/\/ayto.mutxamel.org\/ca\/%f0%9f%8e%ad-hivern-al-teatre-2026\/"},"wordCount":337,"image":{"@id":"https:\/\/ayto.mutxamel.org\/ca\/%f0%9f%8e%ad-hivern-al-teatre-2026\/#primaryimage"},"thumbnailUrl":"https:\/\/ayto.mutxamel.org\/wp-content\/uploads\/2026\/02\/A3_valenciano-1-scaled.jpg","articleSection":["Cultura","Noticies"],"inLanguage":"ca"},{"@type":"WebPage","@id":"https:\/\/ayto.mutxamel.org\/ca\/%f0%9f%8e%ad-hivern-al-teatre-2026\/","url":"https:\/\/ayto.mutxamel.org\/ca\/%f0%9f%8e%ad-hivern-al-teatre-2026\/","name":"\ud83c\udfad Hivern al Teatre 2026 - Ayuntamiento de Mutxamel","isPartOf":{"@id":"https:\/\/ayto.mutxamel.org\/ca\/#website"},"primaryImageOfPage":{"@id":"https:\/\/ayto.mutxamel.org\/ca\/%f0%9f%8e%ad-hivern-al-teatre-2026\/#primaryimage"},"image":{"@id":"https:\/\/ayto.mutxamel.org\/ca\/%f0%9f%8e%ad-hivern-al-teatre-2026\/#primaryimage"},"thumbnailUrl":"https:\/\/ayto.mutxamel.org\/wp-content\/uploads\/2026\/02\/A3_valenciano-1-scaled.jpg","datePublished":"2026-02-03T10:34:44+00:00","dateModified":"2026-02-03T10:38:33+00:00","author":{"@id":"https:\/\/ayto.mutxamel.org\/ca\/#\/schema\/person\/7bd4a860ef8d5eb9c6228c3e24dce6c0"},"breadcrumb":{"@id":"https:\/\/ayto.mutxamel.org\/ca\/%f0%9f%8e%ad-hivern-al-teatre-2026\/#breadcrumb"},"inLanguage":"ca","potentialAction":[{"@type":"ReadAction","target":["https:\/\/ayto.mutxamel.org\/ca\/%f0%9f%8e%ad-hivern-al-teatre-2026\/"]}]},{"@type":"ImageObject","inLanguage":"ca","@id":"https:\/\/ayto.mutxamel.org\/ca\/%f0%9f%8e%ad-hivern-al-teatre-2026\/#primaryimage","url":"https:\/\/ayto.mutxamel.org\/wp-content\/uploads\/2026\/02\/A3_valenciano-1-scaled.jpg","contentUrl":"https:\/\/ayto.mutxamel.org\/wp-content\/uploads\/2026\/02\/A3_valenciano-1-scaled.jpg","width":1357,"height":1920},{"@type":"BreadcrumbList","@id":"https:\/\/ayto.mutxamel.org\/ca\/%f0%9f%8e%ad-hivern-al-teatre-2026\/#breadcrumb","itemListElement":[{"@type":"ListItem","position":1,"name":"Portada","item":"https:\/\/ayto.mutxamel.org\/ca\/"},{"@type":"ListItem","position":2,"name":"\ud83c\udfad Hivern al Teatre 2026"}]},{"@type":"WebSite","@id":"https:\/\/ayto.mutxamel.org\/ca\/#website","url":"https:\/\/ayto.mutxamel.org\/ca\/","name":"Ayuntamiento de Mutxamel","description":"","potentialAction":[{"@type":"SearchAction","target":{"@type":"EntryPoint","urlTemplate":"https:\/\/ayto.mutxamel.org\/ca\/?s={search_term_string}"},"query-input":{"@type":"PropertyValueSpecification","valueRequired":true,"valueName":"search_term_string"}}],"inLanguage":"ca"},{"@type":"Person","@id":"https:\/\/ayto.mutxamel.org\/ca\/#\/schema\/person\/7bd4a860ef8d5eb9c6228c3e24dce6c0","name":"GC_Luis","url":"https:\/\/ayto.mutxamel.org\/ca\/author\/gc_luis\/"}]}},"_links":{"self":[{"href":"https:\/\/ayto.mutxamel.org\/ca\/wp-json\/wp\/v2\/posts\/65308","targetHints":{"allow":["GET"]}}],"collection":[{"href":"https:\/\/ayto.mutxamel.org\/ca\/wp-json\/wp\/v2\/posts"}],"about":[{"href":"https:\/\/ayto.mutxamel.org\/ca\/wp-json\/wp\/v2\/types\/post"}],"author":[{"embeddable":true,"href":"https:\/\/ayto.mutxamel.org\/ca\/wp-json\/wp\/v2\/users\/12"}],"replies":[{"embeddable":true,"href":"https:\/\/ayto.mutxamel.org\/ca\/wp-json\/wp\/v2\/comments?post=65308"}],"version-history":[{"count":1,"href":"https:\/\/ayto.mutxamel.org\/ca\/wp-json\/wp\/v2\/posts\/65308\/revisions"}],"predecessor-version":[{"id":65311,"href":"https:\/\/ayto.mutxamel.org\/ca\/wp-json\/wp\/v2\/posts\/65308\/revisions\/65311"}],"wp:featuredmedia":[{"embeddable":true,"href":"https:\/\/ayto.mutxamel.org\/ca\/wp-json\/wp\/v2\/media\/65309"}],"wp:attachment":[{"href":"https:\/\/ayto.mutxamel.org\/ca\/wp-json\/wp\/v2\/media?parent=65308"}],"wp:term":[{"taxonomy":"category","embeddable":true,"href":"https:\/\/ayto.mutxamel.org\/ca\/wp-json\/wp\/v2\/categories?post=65308"},{"taxonomy":"post_tag","embeddable":true,"href":"https:\/\/ayto.mutxamel.org\/ca\/wp-json\/wp\/v2\/tags?post=65308"}],"curies":[{"name":"wp","href":"https:\/\/api.w.org\/{rel}","templated":true}]}}