{"id":63891,"date":"2025-11-28T11:46:03","date_gmt":"2025-11-28T10:46:03","guid":{"rendered":"https:\/\/ayto.mutxamel.org\/desembre-a-mutxamel-viu-la-magia-de-nadal-entre-jardins-pesebres-i-trens-turistics\/"},"modified":"2025-11-28T11:48:59","modified_gmt":"2025-11-28T10:48:59","slug":"desembre-a-mutxamel-viu-la-magia-de-nadal-entre-jardins-pesebres-i-trens-turistics","status":"publish","type":"post","link":"https:\/\/ayto.mutxamel.org\/ca\/desembre-a-mutxamel-viu-la-magia-de-nadal-entre-jardins-pesebres-i-trens-turistics\/","title":{"rendered":"Desembre a Mutxamel: viu la m\u00e0gia de Nadal entre jardins, pesebres i trens tur\u00edstics"},"content":{"rendered":"<p>L&#8217;esperit nadalenc ja es respira a Mutxamel, i este desembre arriba amb una programaci\u00f3 plena de plans per a gaudir en fam\u00edlia, descobrir racons \u00fanics i deixar-se portar per l&#8217;encant de la tradici\u00f3.<br \/>\nVisites guiades, rutes teatralitzades, pesebres, m\u00fasica i fins a un tren tur\u00edstic nadalenc convertiran el mes en una aut\u00e8ntica celebraci\u00f3 de l&#8217;hivern *mutxamelero.<\/p>\n<p>Passejos entre hist\u00f2ria i naturalesa<\/p>\n<p>Mutxamel obri les portes del seu patrimoni amb visites guiades a alguns dels seus llocs m\u00e9s emblem\u00e0tics.<\/p>\n<p>Jardins de Pe\u00f1acerrada \u2013 Diumenge, 7 de desembre, a les 11.00 h.<br \/>\nUn entorn carregat d&#8217;hist\u00f2ria i bellesa que enamora a qui el visita.<\/p>\n<p>Centre d&#8217;Interpretaci\u00f3 Els Fontetes \u2013 Assut de Mutxamel \u2013 Diumenges 7, 14 i 21 de desembre, a les 11.00 i 12.00 h.<br \/>\nIdeal per a con\u00e9ixer com l&#8217;aigua ha modelat el paisatge i la vida del municipi.<\/p>\n<p>Torre de Defensa \u2013 Diumenge, 28 de desembre, a les 11.00 h.<br \/>\nUna joia arquitect\u00f2nica que ens transporta al passat defensiu de Mutxamel.<\/p>\n<p>Pla\u00e7a de l\u2019Art i la Visita teatralitzada \u201cSomnis d&#8217;un cineasta al jard\u00ed\u201d: hist\u00f2ria amb art i emoci\u00f3<\/p>\n<p>El diumenge 14 de desembre, els Jardins de Santa Elena es transformen en escenari per a una experi\u00e8ncia m\u00e0gica:<br \/>\nuna visita teatralitzada on la hist\u00f2ria cobra vida entre flors, personatges i melodies.<br \/>\nDes de les 10.00 fins a les 14.00 h, la Pla\u00e7a Sant Roc s&#8217;omplir\u00e0 de tallers, artesania i m\u00fasica en directe, creant un ambient festiu que no voldr\u00e0s perdre&#8217;t.<\/p>\n<p>Puja&#8217;t al Tren Tur\u00edstic Nadalenc<\/p>\n<p>Preparat per a un viatge ple d&#8217;il\u00b7lusi\u00f3?<br \/>\nEl Tren Tur\u00edstic Nadalenc recorrer\u00e0 els carrers de Mutxamel els dies 20 i 21 de desembre, amb eixides a les 18.00, 19.00 i 20.00 h des de l&#8217;Ajuntament.<br \/>\nUna manera divertida de viure Nadal en fam\u00edlia mentres gaudixes de les llums i l&#8217;ambient m\u00e9s m\u00e0gic de l&#8217;any.<br \/>\nLes entrades estaran disponibles en mutxamelentradas.com a partir del 12 de desembre a les 9:00h. Rutes entre pesebres: tradici\u00f3 que emociona<\/p>\n<p>Nadal no seria la mateixa sense els pesebres, i Mutxamel ho sap.<br \/>\nPer aix\u00f2, et convida a participar en les visites guiades als pesebres locals els dies 19 i 27 de desembre, amb eixida a les 18.00 h des de Tourist Info Mutxamel.<br \/>\nUn recorregut ple d&#8217;encant, hist\u00f2ria i esperit nadalenc.<\/p>\n<p>Tourist Info Mutxamel<br \/>\nC\/ Carm\u00e9, 1 \u2013 03110 Mutxamel (Alacant)<br \/>\n683 58 99 17<br \/>\ninscripcionesturismo@mutxamel.org<br \/>\nSegueix-nos en xarxes: @mutxamelturismo<\/p>\n<p>Mutxamel t&#8217;espera este desembre: gaudix, respecta i conserva.<\/p>\n","protected":false},"excerpt":{"rendered":"<p>L&#8217;esperit nadalenc ja es respira a Mutxamel, i este desembre arriba amb una programaci\u00f3 plena de plans per a gaudir en fam\u00edlia, descobrir racons \u00fanics i deixar-se portar per l&#8217;encant de la tradici\u00f3. Visites guiades, rutes teatralitzades, pesebres, m\u00fasica i fins a un tren tur\u00edstic nadalenc convertiran el mes en una aut\u00e8ntica celebraci\u00f3 de l&#8217;hivern&#8230;<\/p>\n","protected":false},"author":12,"featured_media":63892,"comment_status":"closed","ping_status":"open","sticky":false,"template":"","format":"standard","meta":{"_acf_changed":false,"footnotes":""},"categories":[436,437],"tags":[],"class_list":["post-63891","post","type-post","status-publish","format-standard","has-post-thumbnail","hentry","category-turimtx-va","category-turisme"],"acf":[],"yoast_head":"<!-- This site is optimized with the Yoast SEO plugin v27.3 - https:\/\/yoast.com\/product\/yoast-seo-wordpress\/ -->\n<title>Desembre a Mutxamel: viu la m\u00e0gia de Nadal entre jardins, pesebres i trens tur\u00edstics - Ayuntamiento de Mutxamel<\/title>\n<meta name=\"robots\" content=\"index, follow, max-snippet:-1, max-image-preview:large, max-video-preview:-1\" \/>\n<link rel=\"canonical\" href=\"https:\/\/ayto.mutxamel.org\/ca\/desembre-a-mutxamel-viu-la-magia-de-nadal-entre-jardins-pesebres-i-trens-turistics\/\" \/>\n<meta property=\"og:locale\" content=\"ca_ES\" \/>\n<meta property=\"og:type\" content=\"article\" \/>\n<meta property=\"og:title\" content=\"Desembre a Mutxamel: viu la m\u00e0gia de Nadal entre jardins, pesebres i trens tur\u00edstics - Ayuntamiento de Mutxamel\" \/>\n<meta property=\"og:description\" content=\"L&#8217;esperit nadalenc ja es respira a Mutxamel, i este desembre arriba amb una programaci\u00f3 plena de plans per a gaudir en fam\u00edlia, descobrir racons \u00fanics i deixar-se portar per l&#8217;encant de la tradici\u00f3. Visites guiades, rutes teatralitzades, pesebres, m\u00fasica i fins a un tren tur\u00edstic nadalenc convertiran el mes en una aut\u00e8ntica celebraci\u00f3 de l&#8217;hivern...\" \/>\n<meta property=\"og:url\" content=\"https:\/\/ayto.mutxamel.org\/ca\/desembre-a-mutxamel-viu-la-magia-de-nadal-entre-jardins-pesebres-i-trens-turistics\/\" \/>\n<meta property=\"og:site_name\" content=\"Ayuntamiento de Mutxamel\" \/>\n<meta property=\"article:published_time\" content=\"2025-11-28T10:46:03+00:00\" \/>\n<meta property=\"article:modified_time\" content=\"2025-11-28T10:48:59+00:00\" \/>\n<meta property=\"og:image\" content=\"https:\/\/ayto.mutxamel.org\/wp-content\/uploads\/2025\/11\/Cartel-Mutxamel-DICIEMBRE-VAL-scaled.jpg\" \/>\n\t<meta property=\"og:image:width\" content=\"1357\" \/>\n\t<meta property=\"og:image:height\" content=\"1920\" \/>\n\t<meta property=\"og:image:type\" content=\"image\/jpeg\" \/>\n<meta name=\"author\" content=\"GC_Luis\" \/>\n<meta name=\"twitter:card\" content=\"summary_large_image\" \/>\n<meta name=\"twitter:label1\" content=\"Escrit per\" \/>\n\t<meta name=\"twitter:data1\" content=\"GC_Luis\" \/>\n\t<meta name=\"twitter:label2\" content=\"Temps estimat de lectura\" \/>\n\t<meta name=\"twitter:data2\" content=\"3 minuts\" \/>\n<script type=\"application\/ld+json\" class=\"yoast-schema-graph\">{\"@context\":\"https:\\\/\\\/schema.org\",\"@graph\":[{\"@type\":\"Article\",\"@id\":\"https:\\\/\\\/ayto.mutxamel.org\\\/ca\\\/desembre-a-mutxamel-viu-la-magia-de-nadal-entre-jardins-pesebres-i-trens-turistics\\\/#article\",\"isPartOf\":{\"@id\":\"https:\\\/\\\/ayto.mutxamel.org\\\/ca\\\/desembre-a-mutxamel-viu-la-magia-de-nadal-entre-jardins-pesebres-i-trens-turistics\\\/\"},\"author\":{\"name\":\"GC_Luis\",\"@id\":\"https:\\\/\\\/ayto.mutxamel.org\\\/ca\\\/#\\\/schema\\\/person\\\/7bd4a860ef8d5eb9c6228c3e24dce6c0\"},\"headline\":\"Desembre a Mutxamel: viu la m\u00e0gia de Nadal entre jardins, pesebres i trens tur\u00edstics\",\"datePublished\":\"2025-11-28T10:46:03+00:00\",\"dateModified\":\"2025-11-28T10:48:59+00:00\",\"mainEntityOfPage\":{\"@id\":\"https:\\\/\\\/ayto.mutxamel.org\\\/ca\\\/desembre-a-mutxamel-viu-la-magia-de-nadal-entre-jardins-pesebres-i-trens-turistics\\\/\"},\"wordCount\":428,\"image\":{\"@id\":\"https:\\\/\\\/ayto.mutxamel.org\\\/ca\\\/desembre-a-mutxamel-viu-la-magia-de-nadal-entre-jardins-pesebres-i-trens-turistics\\\/#primaryimage\"},\"thumbnailUrl\":\"https:\\\/\\\/ayto.mutxamel.org\\\/wp-content\\\/uploads\\\/2025\\\/11\\\/Cartel-Mutxamel-DICIEMBRE-VAL-scaled.jpg\",\"articleSection\":[\"turimtx-va\",\"Turisme\"],\"inLanguage\":\"ca\"},{\"@type\":\"WebPage\",\"@id\":\"https:\\\/\\\/ayto.mutxamel.org\\\/ca\\\/desembre-a-mutxamel-viu-la-magia-de-nadal-entre-jardins-pesebres-i-trens-turistics\\\/\",\"url\":\"https:\\\/\\\/ayto.mutxamel.org\\\/ca\\\/desembre-a-mutxamel-viu-la-magia-de-nadal-entre-jardins-pesebres-i-trens-turistics\\\/\",\"name\":\"Desembre a Mutxamel: viu la m\u00e0gia de Nadal entre jardins, pesebres i trens tur\u00edstics - Ayuntamiento de Mutxamel\",\"isPartOf\":{\"@id\":\"https:\\\/\\\/ayto.mutxamel.org\\\/ca\\\/#website\"},\"primaryImageOfPage\":{\"@id\":\"https:\\\/\\\/ayto.mutxamel.org\\\/ca\\\/desembre-a-mutxamel-viu-la-magia-de-nadal-entre-jardins-pesebres-i-trens-turistics\\\/#primaryimage\"},\"image\":{\"@id\":\"https:\\\/\\\/ayto.mutxamel.org\\\/ca\\\/desembre-a-mutxamel-viu-la-magia-de-nadal-entre-jardins-pesebres-i-trens-turistics\\\/#primaryimage\"},\"thumbnailUrl\":\"https:\\\/\\\/ayto.mutxamel.org\\\/wp-content\\\/uploads\\\/2025\\\/11\\\/Cartel-Mutxamel-DICIEMBRE-VAL-scaled.jpg\",\"datePublished\":\"2025-11-28T10:46:03+00:00\",\"dateModified\":\"2025-11-28T10:48:59+00:00\",\"author\":{\"@id\":\"https:\\\/\\\/ayto.mutxamel.org\\\/ca\\\/#\\\/schema\\\/person\\\/7bd4a860ef8d5eb9c6228c3e24dce6c0\"},\"breadcrumb\":{\"@id\":\"https:\\\/\\\/ayto.mutxamel.org\\\/ca\\\/desembre-a-mutxamel-viu-la-magia-de-nadal-entre-jardins-pesebres-i-trens-turistics\\\/#breadcrumb\"},\"inLanguage\":\"ca\",\"potentialAction\":[{\"@type\":\"ReadAction\",\"target\":[\"https:\\\/\\\/ayto.mutxamel.org\\\/ca\\\/desembre-a-mutxamel-viu-la-magia-de-nadal-entre-jardins-pesebres-i-trens-turistics\\\/\"]}]},{\"@type\":\"ImageObject\",\"inLanguage\":\"ca\",\"@id\":\"https:\\\/\\\/ayto.mutxamel.org\\\/ca\\\/desembre-a-mutxamel-viu-la-magia-de-nadal-entre-jardins-pesebres-i-trens-turistics\\\/#primaryimage\",\"url\":\"https:\\\/\\\/ayto.mutxamel.org\\\/wp-content\\\/uploads\\\/2025\\\/11\\\/Cartel-Mutxamel-DICIEMBRE-VAL-scaled.jpg\",\"contentUrl\":\"https:\\\/\\\/ayto.mutxamel.org\\\/wp-content\\\/uploads\\\/2025\\\/11\\\/Cartel-Mutxamel-DICIEMBRE-VAL-scaled.jpg\",\"width\":1357,\"height\":1920},{\"@type\":\"BreadcrumbList\",\"@id\":\"https:\\\/\\\/ayto.mutxamel.org\\\/ca\\\/desembre-a-mutxamel-viu-la-magia-de-nadal-entre-jardins-pesebres-i-trens-turistics\\\/#breadcrumb\",\"itemListElement\":[{\"@type\":\"ListItem\",\"position\":1,\"name\":\"Portada\",\"item\":\"https:\\\/\\\/ayto.mutxamel.org\\\/ca\\\/\"},{\"@type\":\"ListItem\",\"position\":2,\"name\":\"Desembre a Mutxamel: viu la m\u00e0gia de Nadal entre jardins, pesebres i trens tur\u00edstics\"}]},{\"@type\":\"WebSite\",\"@id\":\"https:\\\/\\\/ayto.mutxamel.org\\\/ca\\\/#website\",\"url\":\"https:\\\/\\\/ayto.mutxamel.org\\\/ca\\\/\",\"name\":\"Ayuntamiento de Mutxamel\",\"description\":\"\",\"potentialAction\":[{\"@type\":\"SearchAction\",\"target\":{\"@type\":\"EntryPoint\",\"urlTemplate\":\"https:\\\/\\\/ayto.mutxamel.org\\\/ca\\\/?s={search_term_string}\"},\"query-input\":{\"@type\":\"PropertyValueSpecification\",\"valueRequired\":true,\"valueName\":\"search_term_string\"}}],\"inLanguage\":\"ca\"},{\"@type\":\"Person\",\"@id\":\"https:\\\/\\\/ayto.mutxamel.org\\\/ca\\\/#\\\/schema\\\/person\\\/7bd4a860ef8d5eb9c6228c3e24dce6c0\",\"name\":\"GC_Luis\",\"url\":\"https:\\\/\\\/ayto.mutxamel.org\\\/ca\\\/author\\\/gc_luis\\\/\"}]}<\/script>\n<!-- \/ Yoast SEO plugin. -->","yoast_head_json":{"title":"Desembre a Mutxamel: viu la m\u00e0gia de Nadal entre jardins, pesebres i trens tur\u00edstics - Ayuntamiento de Mutxamel","robots":{"index":"index","follow":"follow","max-snippet":"max-snippet:-1","max-image-preview":"max-image-preview:large","max-video-preview":"max-video-preview:-1"},"canonical":"https:\/\/ayto.mutxamel.org\/ca\/desembre-a-mutxamel-viu-la-magia-de-nadal-entre-jardins-pesebres-i-trens-turistics\/","og_locale":"ca_ES","og_type":"article","og_title":"Desembre a Mutxamel: viu la m\u00e0gia de Nadal entre jardins, pesebres i trens tur\u00edstics - Ayuntamiento de Mutxamel","og_description":"L&#8217;esperit nadalenc ja es respira a Mutxamel, i este desembre arriba amb una programaci\u00f3 plena de plans per a gaudir en fam\u00edlia, descobrir racons \u00fanics i deixar-se portar per l&#8217;encant de la tradici\u00f3. Visites guiades, rutes teatralitzades, pesebres, m\u00fasica i fins a un tren tur\u00edstic nadalenc convertiran el mes en una aut\u00e8ntica celebraci\u00f3 de l&#8217;hivern...","og_url":"https:\/\/ayto.mutxamel.org\/ca\/desembre-a-mutxamel-viu-la-magia-de-nadal-entre-jardins-pesebres-i-trens-turistics\/","og_site_name":"Ayuntamiento de Mutxamel","article_published_time":"2025-11-28T10:46:03+00:00","article_modified_time":"2025-11-28T10:48:59+00:00","og_image":[{"width":1357,"height":1920,"url":"https:\/\/ayto.mutxamel.org\/wp-content\/uploads\/2025\/11\/Cartel-Mutxamel-DICIEMBRE-VAL-scaled.jpg","type":"image\/jpeg"}],"author":"GC_Luis","twitter_card":"summary_large_image","twitter_misc":{"Escrit per":"GC_Luis","Temps estimat de lectura":"3 minuts"},"schema":{"@context":"https:\/\/schema.org","@graph":[{"@type":"Article","@id":"https:\/\/ayto.mutxamel.org\/ca\/desembre-a-mutxamel-viu-la-magia-de-nadal-entre-jardins-pesebres-i-trens-turistics\/#article","isPartOf":{"@id":"https:\/\/ayto.mutxamel.org\/ca\/desembre-a-mutxamel-viu-la-magia-de-nadal-entre-jardins-pesebres-i-trens-turistics\/"},"author":{"name":"GC_Luis","@id":"https:\/\/ayto.mutxamel.org\/ca\/#\/schema\/person\/7bd4a860ef8d5eb9c6228c3e24dce6c0"},"headline":"Desembre a Mutxamel: viu la m\u00e0gia de Nadal entre jardins, pesebres i trens tur\u00edstics","datePublished":"2025-11-28T10:46:03+00:00","dateModified":"2025-11-28T10:48:59+00:00","mainEntityOfPage":{"@id":"https:\/\/ayto.mutxamel.org\/ca\/desembre-a-mutxamel-viu-la-magia-de-nadal-entre-jardins-pesebres-i-trens-turistics\/"},"wordCount":428,"image":{"@id":"https:\/\/ayto.mutxamel.org\/ca\/desembre-a-mutxamel-viu-la-magia-de-nadal-entre-jardins-pesebres-i-trens-turistics\/#primaryimage"},"thumbnailUrl":"https:\/\/ayto.mutxamel.org\/wp-content\/uploads\/2025\/11\/Cartel-Mutxamel-DICIEMBRE-VAL-scaled.jpg","articleSection":["turimtx-va","Turisme"],"inLanguage":"ca"},{"@type":"WebPage","@id":"https:\/\/ayto.mutxamel.org\/ca\/desembre-a-mutxamel-viu-la-magia-de-nadal-entre-jardins-pesebres-i-trens-turistics\/","url":"https:\/\/ayto.mutxamel.org\/ca\/desembre-a-mutxamel-viu-la-magia-de-nadal-entre-jardins-pesebres-i-trens-turistics\/","name":"Desembre a Mutxamel: viu la m\u00e0gia de Nadal entre jardins, pesebres i trens tur\u00edstics - Ayuntamiento de Mutxamel","isPartOf":{"@id":"https:\/\/ayto.mutxamel.org\/ca\/#website"},"primaryImageOfPage":{"@id":"https:\/\/ayto.mutxamel.org\/ca\/desembre-a-mutxamel-viu-la-magia-de-nadal-entre-jardins-pesebres-i-trens-turistics\/#primaryimage"},"image":{"@id":"https:\/\/ayto.mutxamel.org\/ca\/desembre-a-mutxamel-viu-la-magia-de-nadal-entre-jardins-pesebres-i-trens-turistics\/#primaryimage"},"thumbnailUrl":"https:\/\/ayto.mutxamel.org\/wp-content\/uploads\/2025\/11\/Cartel-Mutxamel-DICIEMBRE-VAL-scaled.jpg","datePublished":"2025-11-28T10:46:03+00:00","dateModified":"2025-11-28T10:48:59+00:00","author":{"@id":"https:\/\/ayto.mutxamel.org\/ca\/#\/schema\/person\/7bd4a860ef8d5eb9c6228c3e24dce6c0"},"breadcrumb":{"@id":"https:\/\/ayto.mutxamel.org\/ca\/desembre-a-mutxamel-viu-la-magia-de-nadal-entre-jardins-pesebres-i-trens-turistics\/#breadcrumb"},"inLanguage":"ca","potentialAction":[{"@type":"ReadAction","target":["https:\/\/ayto.mutxamel.org\/ca\/desembre-a-mutxamel-viu-la-magia-de-nadal-entre-jardins-pesebres-i-trens-turistics\/"]}]},{"@type":"ImageObject","inLanguage":"ca","@id":"https:\/\/ayto.mutxamel.org\/ca\/desembre-a-mutxamel-viu-la-magia-de-nadal-entre-jardins-pesebres-i-trens-turistics\/#primaryimage","url":"https:\/\/ayto.mutxamel.org\/wp-content\/uploads\/2025\/11\/Cartel-Mutxamel-DICIEMBRE-VAL-scaled.jpg","contentUrl":"https:\/\/ayto.mutxamel.org\/wp-content\/uploads\/2025\/11\/Cartel-Mutxamel-DICIEMBRE-VAL-scaled.jpg","width":1357,"height":1920},{"@type":"BreadcrumbList","@id":"https:\/\/ayto.mutxamel.org\/ca\/desembre-a-mutxamel-viu-la-magia-de-nadal-entre-jardins-pesebres-i-trens-turistics\/#breadcrumb","itemListElement":[{"@type":"ListItem","position":1,"name":"Portada","item":"https:\/\/ayto.mutxamel.org\/ca\/"},{"@type":"ListItem","position":2,"name":"Desembre a Mutxamel: viu la m\u00e0gia de Nadal entre jardins, pesebres i trens tur\u00edstics"}]},{"@type":"WebSite","@id":"https:\/\/ayto.mutxamel.org\/ca\/#website","url":"https:\/\/ayto.mutxamel.org\/ca\/","name":"Ayuntamiento de Mutxamel","description":"","potentialAction":[{"@type":"SearchAction","target":{"@type":"EntryPoint","urlTemplate":"https:\/\/ayto.mutxamel.org\/ca\/?s={search_term_string}"},"query-input":{"@type":"PropertyValueSpecification","valueRequired":true,"valueName":"search_term_string"}}],"inLanguage":"ca"},{"@type":"Person","@id":"https:\/\/ayto.mutxamel.org\/ca\/#\/schema\/person\/7bd4a860ef8d5eb9c6228c3e24dce6c0","name":"GC_Luis","url":"https:\/\/ayto.mutxamel.org\/ca\/author\/gc_luis\/"}]}},"_links":{"self":[{"href":"https:\/\/ayto.mutxamel.org\/ca\/wp-json\/wp\/v2\/posts\/63891","targetHints":{"allow":["GET"]}}],"collection":[{"href":"https:\/\/ayto.mutxamel.org\/ca\/wp-json\/wp\/v2\/posts"}],"about":[{"href":"https:\/\/ayto.mutxamel.org\/ca\/wp-json\/wp\/v2\/types\/post"}],"author":[{"embeddable":true,"href":"https:\/\/ayto.mutxamel.org\/ca\/wp-json\/wp\/v2\/users\/12"}],"replies":[{"embeddable":true,"href":"https:\/\/ayto.mutxamel.org\/ca\/wp-json\/wp\/v2\/comments?post=63891"}],"version-history":[{"count":1,"href":"https:\/\/ayto.mutxamel.org\/ca\/wp-json\/wp\/v2\/posts\/63891\/revisions"}],"predecessor-version":[{"id":63894,"href":"https:\/\/ayto.mutxamel.org\/ca\/wp-json\/wp\/v2\/posts\/63891\/revisions\/63894"}],"wp:featuredmedia":[{"embeddable":true,"href":"https:\/\/ayto.mutxamel.org\/ca\/wp-json\/wp\/v2\/media\/63892"}],"wp:attachment":[{"href":"https:\/\/ayto.mutxamel.org\/ca\/wp-json\/wp\/v2\/media?parent=63891"}],"wp:term":[{"taxonomy":"category","embeddable":true,"href":"https:\/\/ayto.mutxamel.org\/ca\/wp-json\/wp\/v2\/categories?post=63891"},{"taxonomy":"post_tag","embeddable":true,"href":"https:\/\/ayto.mutxamel.org\/ca\/wp-json\/wp\/v2\/tags?post=63891"}],"curies":[{"name":"wp","href":"https:\/\/api.w.org\/{rel}","templated":true}]}}