{"id":63404,"date":"2025-11-07T11:00:37","date_gmt":"2025-11-07T10:00:37","guid":{"rendered":"https:\/\/ayto.mutxamel.org\/el-xiv-cicle-de-musica-omplira-mutxamel-de-concerts-cultura-i-talent-durant-el-mes-de-novembre\/"},"modified":"2025-11-07T11:00:37","modified_gmt":"2025-11-07T10:00:37","slug":"el-xiv-cicle-de-musica-omplira-mutxamel-de-concerts-cultura-i-talent-durant-el-mes-de-novembre","status":"publish","type":"post","link":"https:\/\/ayto.mutxamel.org\/ca\/el-xiv-cicle-de-musica-omplira-mutxamel-de-concerts-cultura-i-talent-durant-el-mes-de-novembre\/","title":{"rendered":"El XIV Cicle de M\u00fasica omplir\u00e0 Mutxamel de concerts, cultura i talent durant el mes de novembre"},"content":{"rendered":"<p><strong><em>El recorregut musical que conforma la programaci\u00f3 recull una diversitat d\u2019\u00e8poques i estils entre els quals destaquen el cant l\u00edric, el tango argent\u00ed, la m\u00fasica medieval i el jazz contemporani<\/em><\/strong><\/p>\n<p>L\u2019Ajuntament de Mutxamel presenta el <strong>XIV Cicle de M\u00fasica<\/strong>, una cita cultural consolidada que <strong>se celebrar\u00e0 del 14 al 29 de novembre<\/strong> i que reunix propostes art\u00edstiques de diferents estils per a tots els p\u00fablics. Entre recitals l\u00edrics, m\u00fasica medieval, jazz, tango, m\u00fasica de banda i espectacles tem\u00e0tics, el cicle reafirma l\u2019aposta municipal per la m\u00fasica en directe i per una programaci\u00f3 cultural estable, variada i accessible.<\/p>\n<p>El cicle <strong>comen\u00e7a el divendres 14 de novembre a les 20.00 hores amb l\u2019espectacle <em>\u201cDesde el Jard\u00edn del Alma\u201d<\/em> de La Porte\u00f1a Tango<\/strong>. Una de les formacions de tango m\u00e9s prestigioses d\u2019Europa, que combina dansa, llenguatge po\u00e8tic i una posada en escena emocionalment pr\u00f2xima a l\u2019espectador.<\/p>\n<p>El <strong>dissabte 15 de novembre a les 20.00 hores, a la Casa de la Cultura, tindr\u00e0 lloc el recital <em>\u201cPasiones y sue\u00f1os. Un paseo por la l\u00edrica\u201d<\/em>, de Notes and Words. <\/strong>Este espectacle proposa un viatge emocional a trav\u00e9s d\u2019\u00e0ries i can\u00e7ons que exploren temes universals, acostant al p\u00fablic el repertori vocal cl\u00e0ssic en un format c\u00e0lid i intimista. <strong>El diumenge 16 de novembre, tamb\u00e9 a les 20.00 hores i a la Casa de la Cultura, ser\u00e0 el torn de <em>\u201cAmors e Cans\u00f3\u201d<\/em>, interpretat per Capella de Ministrers<\/strong> sota la direcci\u00f3 de Carles Magraner, referent internacional en la recuperaci\u00f3 de la m\u00fasica hist\u00f2rica.<\/p>\n<p>El <strong>dijous 20 de novembre a les 19.00 hores, l\u2019Auditori del Centre Social <em>Jos\u00e9 Bernab\u00e9u Alberola<\/em> acollir\u00e0 <em>\u201cJazz in Progress\u201d<\/em>,<\/strong> una proposta did\u00e0ctica del Conservatori Superior de M\u00fasica de Val\u00e8ncia <em>Joaqu\u00edn Rodrigo<\/em> en col\u00b7laboraci\u00f3 amb el m\u00fasic Paco Soler. Esta actuaci\u00f3 permetr\u00e0 al p\u00fablic descobrir els mecanismes essencials del jazz, com la improvisaci\u00f3, el di\u00e0leg instrumental i la construcci\u00f3 harm\u00f2nica. El cicle continuar\u00e0 el <strong>divendres 21 de novembre a les 20.00 hores amb el concert de Santa Cec\u00edlia de la Banda Jove de la Societat Musical L\u2019Alian\u00e7a de Mutxamel <em>\u201cColors del M\u00f3n\u201d<\/em><\/strong>, dirigit per Marc Gos\u00e1lbez Linares, que posar\u00e0 en valor el talent emergent del municipi, amb entrada lliure fins a completar la capacitat.<\/p>\n<p>El <strong>dissabte 22 de novembre a les 20.00 hores tindr\u00e0 lloc, a la Casa de la Cultura, el concert de Santa Cec\u00edlia de la Societat Musical L\u2019Alian\u00e7a<\/strong>, dirigida per Jos\u00e9 Vicente Algado juntament amb el director convidat Filipe Fonseca. Sota el t\u00edtol <em>\u201cLlegendes\u201d<\/em>, este espectacle combina m\u00fasica, narrativa, tradici\u00f3 i repertori contemporani. <strong>El divendres 29 de novembre a les 20.00 hores, l\u2019Auditori de la Casa de la Cultura acollir\u00e0 <em>\u201cPasi\u00f3n Almod\u00f3var\u201d<\/em>, un homenatge musical que Pasi\u00f3n Vega<\/strong> realitza a l\u2019univers cinematogr\u00e0fic del conegut director manxec, amb versions contempor\u00e0nies i dramatitzaci\u00f3 esc\u00e8nica. Les entrades tenen un preu de 12 euros en pati de butaques i 10 euros en amfiteatre.<\/p>\n<p>Les entrades per als diferents concerts poden adquirir-se en la Casa de la Cultura de Mutxamel i a trav\u00e9s del canal habitual de venda anticipada (<a href=\"http:\/\/www.mutxamelentradas.com\"><em>www.mutxamelentradas.com<\/em><\/a>).<\/p>\n<p><strong>L\u2019alcalde de Mutxamel, Rafael Garc\u00eda<\/strong>, ha destacat que <em>\u201cel mes de novembre \u00e9s el mes de la m\u00fasica i dels m\u00fasics, una \u00e8poca molt especial per a recon\u00e9ixer la passi\u00f3, l\u2019esfor\u00e7 i la dedicaci\u00f3 de totes aquelles persones que, amb les seues notes, fan bategar el cor cultural de Mutxamel\u201d. <\/em>El primer edil ha subratllat l\u2019estreta vinculaci\u00f3 del municipi amb la m\u00fasica i ha recordat que <em>\u201cla Societat Musical L\u2019Alian\u00e7a, amb m\u00e9s de 150 anys d\u2019hist\u00f2ria, representa la identitat, la tradici\u00f3 i l\u2019orgull col\u00b7lectiu del nostre poble\u201d.<\/em> En este sentit, ha assegurat que l\u2019Ajuntament <em>\u201ccontinuar\u00e0 treballant per a mantindre viva esta ess\u00e8ncia musical, amb iniciatives com el Cicle de la M\u00fasica, ja consolidat i molt ben acollit, aix\u00ed com amb el refor\u00e7 del suport a l\u2019Escola de M\u00fasica, que permet continuar oferint una formaci\u00f3 musical de qualitat als xiquets i xiquetes que s\u00f3n el futur de la nostra banda\u201d.<\/em> Finalment, ha recordat que <em>\u201cla m\u00fasica forma part del patrimoni cultural del municipi, un llenguatge universal que ens unix, derru\u00efx barreres i projecta esperan\u00e7a; per aix\u00f2, continuarem donant suport a les associacions culturals i al valu\u00f3s treball que realitzen\u201d.<\/em><\/p>\n<p>Per la seua banda, la regidora de Cultura, Mar\u00eda Loreto Riera, ha assenyalat que <em>\u201cel XIV Cicle de M\u00fasica oferix propostes per a tots els gustos, des de m\u00fasica antiga fins a tango, jazz o recitals l\u00edrics, a m\u00e9s d\u2019espectacles tem\u00e0tics que connecten amb el p\u00fablic. El nostre objectiu \u00e9s acostar la cultura a la ciutadania i donar visibilitat al talent local i convidat, refor\u00e7ant a m\u00e9s la col\u00b7laboraci\u00f3 supramunicipal amb entitats com l\u2019Institut Valenci\u00e0 de Cultura i Casa Mediterrani, la implicaci\u00f3 de les quals contribu\u00efx a enriquir la programaci\u00f3 cultural de Mutxamel i a refor\u00e7ar la difusi\u00f3 de la m\u00fasica com a element vertebrador del territori\u201d.<\/em><\/p>\n<p>Amb esta nova edici\u00f3, Mutxamel reafirma el seu comprom\u00eds amb la m\u00fasica en directe, la promoci\u00f3 art\u00edstica, la formaci\u00f3 cultural, el talent local i la participaci\u00f3 ciutadana, convidant a gaudir d\u2019una experi\u00e8ncia sonora \u00fanica durant el mes de novembre.<\/p>\n","protected":false},"excerpt":{"rendered":"<p>El recorregut musical que conforma la programaci\u00f3 recull una diversitat d\u2019\u00e8poques i estils entre els quals destaquen el cant l\u00edric, el tango argent\u00ed, la m\u00fasica medieval i el jazz contemporani L\u2019Ajuntament de Mutxamel presenta el XIV Cicle de M\u00fasica, una cita cultural consolidada que se celebrar\u00e0 del 14 al 29 de novembre i que reunix&#8230;<\/p>\n","protected":false},"author":12,"featured_media":63400,"comment_status":"closed","ping_status":"open","sticky":false,"template":"","format":"standard","meta":{"_acf_changed":false,"footnotes":""},"categories":[467,282],"tags":[],"class_list":["post-63404","post","type-post","status-publish","format-standard","has-post-thumbnail","hentry","category-cultura-ca","category-noticies"],"acf":[],"yoast_head":"<!-- This site is optimized with the Yoast SEO plugin v27.3 - https:\/\/yoast.com\/product\/yoast-seo-wordpress\/ -->\n<title>El XIV Cicle de M\u00fasica omplir\u00e0 Mutxamel de concerts, cultura i talent durant el mes de novembre - Ayuntamiento de Mutxamel<\/title>\n<meta name=\"robots\" content=\"index, follow, max-snippet:-1, max-image-preview:large, max-video-preview:-1\" \/>\n<link rel=\"canonical\" href=\"https:\/\/ayto.mutxamel.org\/ca\/el-xiv-cicle-de-musica-omplira-mutxamel-de-concerts-cultura-i-talent-durant-el-mes-de-novembre\/\" \/>\n<meta property=\"og:locale\" content=\"ca_ES\" \/>\n<meta property=\"og:type\" content=\"article\" \/>\n<meta property=\"og:title\" content=\"El XIV Cicle de M\u00fasica omplir\u00e0 Mutxamel de concerts, cultura i talent durant el mes de novembre - Ayuntamiento de Mutxamel\" \/>\n<meta property=\"og:description\" content=\"El recorregut musical que conforma la programaci\u00f3 recull una diversitat d\u2019\u00e8poques i estils entre els quals destaquen el cant l\u00edric, el tango argent\u00ed, la m\u00fasica medieval i el jazz contemporani L\u2019Ajuntament de Mutxamel presenta el XIV Cicle de M\u00fasica, una cita cultural consolidada que se celebrar\u00e0 del 14 al 29 de novembre i que reunix...\" \/>\n<meta property=\"og:url\" content=\"https:\/\/ayto.mutxamel.org\/ca\/el-xiv-cicle-de-musica-omplira-mutxamel-de-concerts-cultura-i-talent-durant-el-mes-de-novembre\/\" \/>\n<meta property=\"og:site_name\" content=\"Ayuntamiento de Mutxamel\" \/>\n<meta property=\"article:published_time\" content=\"2025-11-07T10:00:37+00:00\" \/>\n<meta property=\"og:image\" content=\"https:\/\/ayto.mutxamel.org\/wp-content\/uploads\/2025\/11\/Imagen-ciclo.jpg\" \/>\n\t<meta property=\"og:image:width\" content=\"1440\" \/>\n\t<meta property=\"og:image:height\" content=\"1080\" \/>\n\t<meta property=\"og:image:type\" content=\"image\/jpeg\" \/>\n<meta name=\"author\" content=\"GC_Luis\" \/>\n<meta name=\"twitter:card\" content=\"summary_large_image\" \/>\n<meta name=\"twitter:label1\" content=\"Escrit per\" \/>\n\t<meta name=\"twitter:data1\" content=\"GC_Luis\" \/>\n\t<meta name=\"twitter:label2\" content=\"Temps estimat de lectura\" \/>\n\t<meta name=\"twitter:data2\" content=\"5 minuts\" \/>\n<script type=\"application\/ld+json\" class=\"yoast-schema-graph\">{\"@context\":\"https:\\\/\\\/schema.org\",\"@graph\":[{\"@type\":\"Article\",\"@id\":\"https:\\\/\\\/ayto.mutxamel.org\\\/ca\\\/el-xiv-cicle-de-musica-omplira-mutxamel-de-concerts-cultura-i-talent-durant-el-mes-de-novembre\\\/#article\",\"isPartOf\":{\"@id\":\"https:\\\/\\\/ayto.mutxamel.org\\\/ca\\\/el-xiv-cicle-de-musica-omplira-mutxamel-de-concerts-cultura-i-talent-durant-el-mes-de-novembre\\\/\"},\"author\":{\"name\":\"GC_Luis\",\"@id\":\"https:\\\/\\\/ayto.mutxamel.org\\\/ca\\\/#\\\/schema\\\/person\\\/7bd4a860ef8d5eb9c6228c3e24dce6c0\"},\"headline\":\"El XIV Cicle de M\u00fasica omplir\u00e0 Mutxamel de concerts, cultura i talent durant el mes de novembre\",\"datePublished\":\"2025-11-07T10:00:37+00:00\",\"mainEntityOfPage\":{\"@id\":\"https:\\\/\\\/ayto.mutxamel.org\\\/ca\\\/el-xiv-cicle-de-musica-omplira-mutxamel-de-concerts-cultura-i-talent-durant-el-mes-de-novembre\\\/\"},\"wordCount\":936,\"image\":{\"@id\":\"https:\\\/\\\/ayto.mutxamel.org\\\/ca\\\/el-xiv-cicle-de-musica-omplira-mutxamel-de-concerts-cultura-i-talent-durant-el-mes-de-novembre\\\/#primaryimage\"},\"thumbnailUrl\":\"https:\\\/\\\/ayto.mutxamel.org\\\/wp-content\\\/uploads\\\/2025\\\/11\\\/Imagen-ciclo.jpg\",\"articleSection\":[\"Cultura\",\"Noticies\"],\"inLanguage\":\"ca\"},{\"@type\":\"WebPage\",\"@id\":\"https:\\\/\\\/ayto.mutxamel.org\\\/ca\\\/el-xiv-cicle-de-musica-omplira-mutxamel-de-concerts-cultura-i-talent-durant-el-mes-de-novembre\\\/\",\"url\":\"https:\\\/\\\/ayto.mutxamel.org\\\/ca\\\/el-xiv-cicle-de-musica-omplira-mutxamel-de-concerts-cultura-i-talent-durant-el-mes-de-novembre\\\/\",\"name\":\"El XIV Cicle de M\u00fasica omplir\u00e0 Mutxamel de concerts, cultura i talent durant el mes de novembre - Ayuntamiento de Mutxamel\",\"isPartOf\":{\"@id\":\"https:\\\/\\\/ayto.mutxamel.org\\\/ca\\\/#website\"},\"primaryImageOfPage\":{\"@id\":\"https:\\\/\\\/ayto.mutxamel.org\\\/ca\\\/el-xiv-cicle-de-musica-omplira-mutxamel-de-concerts-cultura-i-talent-durant-el-mes-de-novembre\\\/#primaryimage\"},\"image\":{\"@id\":\"https:\\\/\\\/ayto.mutxamel.org\\\/ca\\\/el-xiv-cicle-de-musica-omplira-mutxamel-de-concerts-cultura-i-talent-durant-el-mes-de-novembre\\\/#primaryimage\"},\"thumbnailUrl\":\"https:\\\/\\\/ayto.mutxamel.org\\\/wp-content\\\/uploads\\\/2025\\\/11\\\/Imagen-ciclo.jpg\",\"datePublished\":\"2025-11-07T10:00:37+00:00\",\"author\":{\"@id\":\"https:\\\/\\\/ayto.mutxamel.org\\\/ca\\\/#\\\/schema\\\/person\\\/7bd4a860ef8d5eb9c6228c3e24dce6c0\"},\"breadcrumb\":{\"@id\":\"https:\\\/\\\/ayto.mutxamel.org\\\/ca\\\/el-xiv-cicle-de-musica-omplira-mutxamel-de-concerts-cultura-i-talent-durant-el-mes-de-novembre\\\/#breadcrumb\"},\"inLanguage\":\"ca\",\"potentialAction\":[{\"@type\":\"ReadAction\",\"target\":[\"https:\\\/\\\/ayto.mutxamel.org\\\/ca\\\/el-xiv-cicle-de-musica-omplira-mutxamel-de-concerts-cultura-i-talent-durant-el-mes-de-novembre\\\/\"]}]},{\"@type\":\"ImageObject\",\"inLanguage\":\"ca\",\"@id\":\"https:\\\/\\\/ayto.mutxamel.org\\\/ca\\\/el-xiv-cicle-de-musica-omplira-mutxamel-de-concerts-cultura-i-talent-durant-el-mes-de-novembre\\\/#primaryimage\",\"url\":\"https:\\\/\\\/ayto.mutxamel.org\\\/wp-content\\\/uploads\\\/2025\\\/11\\\/Imagen-ciclo.jpg\",\"contentUrl\":\"https:\\\/\\\/ayto.mutxamel.org\\\/wp-content\\\/uploads\\\/2025\\\/11\\\/Imagen-ciclo.jpg\",\"width\":1440,\"height\":1080},{\"@type\":\"BreadcrumbList\",\"@id\":\"https:\\\/\\\/ayto.mutxamel.org\\\/ca\\\/el-xiv-cicle-de-musica-omplira-mutxamel-de-concerts-cultura-i-talent-durant-el-mes-de-novembre\\\/#breadcrumb\",\"itemListElement\":[{\"@type\":\"ListItem\",\"position\":1,\"name\":\"Portada\",\"item\":\"https:\\\/\\\/ayto.mutxamel.org\\\/ca\\\/\"},{\"@type\":\"ListItem\",\"position\":2,\"name\":\"El XIV Cicle de M\u00fasica omplir\u00e0 Mutxamel de concerts, cultura i talent durant el mes de novembre\"}]},{\"@type\":\"WebSite\",\"@id\":\"https:\\\/\\\/ayto.mutxamel.org\\\/ca\\\/#website\",\"url\":\"https:\\\/\\\/ayto.mutxamel.org\\\/ca\\\/\",\"name\":\"Ayuntamiento de Mutxamel\",\"description\":\"\",\"potentialAction\":[{\"@type\":\"SearchAction\",\"target\":{\"@type\":\"EntryPoint\",\"urlTemplate\":\"https:\\\/\\\/ayto.mutxamel.org\\\/ca\\\/?s={search_term_string}\"},\"query-input\":{\"@type\":\"PropertyValueSpecification\",\"valueRequired\":true,\"valueName\":\"search_term_string\"}}],\"inLanguage\":\"ca\"},{\"@type\":\"Person\",\"@id\":\"https:\\\/\\\/ayto.mutxamel.org\\\/ca\\\/#\\\/schema\\\/person\\\/7bd4a860ef8d5eb9c6228c3e24dce6c0\",\"name\":\"GC_Luis\",\"url\":\"https:\\\/\\\/ayto.mutxamel.org\\\/ca\\\/author\\\/gc_luis\\\/\"}]}<\/script>\n<!-- \/ Yoast SEO plugin. -->","yoast_head_json":{"title":"El XIV Cicle de M\u00fasica omplir\u00e0 Mutxamel de concerts, cultura i talent durant el mes de novembre - Ayuntamiento de Mutxamel","robots":{"index":"index","follow":"follow","max-snippet":"max-snippet:-1","max-image-preview":"max-image-preview:large","max-video-preview":"max-video-preview:-1"},"canonical":"https:\/\/ayto.mutxamel.org\/ca\/el-xiv-cicle-de-musica-omplira-mutxamel-de-concerts-cultura-i-talent-durant-el-mes-de-novembre\/","og_locale":"ca_ES","og_type":"article","og_title":"El XIV Cicle de M\u00fasica omplir\u00e0 Mutxamel de concerts, cultura i talent durant el mes de novembre - Ayuntamiento de Mutxamel","og_description":"El recorregut musical que conforma la programaci\u00f3 recull una diversitat d\u2019\u00e8poques i estils entre els quals destaquen el cant l\u00edric, el tango argent\u00ed, la m\u00fasica medieval i el jazz contemporani L\u2019Ajuntament de Mutxamel presenta el XIV Cicle de M\u00fasica, una cita cultural consolidada que se celebrar\u00e0 del 14 al 29 de novembre i que reunix...","og_url":"https:\/\/ayto.mutxamel.org\/ca\/el-xiv-cicle-de-musica-omplira-mutxamel-de-concerts-cultura-i-talent-durant-el-mes-de-novembre\/","og_site_name":"Ayuntamiento de Mutxamel","article_published_time":"2025-11-07T10:00:37+00:00","og_image":[{"width":1440,"height":1080,"url":"https:\/\/ayto.mutxamel.org\/wp-content\/uploads\/2025\/11\/Imagen-ciclo.jpg","type":"image\/jpeg"}],"author":"GC_Luis","twitter_card":"summary_large_image","twitter_misc":{"Escrit per":"GC_Luis","Temps estimat de lectura":"5 minuts"},"schema":{"@context":"https:\/\/schema.org","@graph":[{"@type":"Article","@id":"https:\/\/ayto.mutxamel.org\/ca\/el-xiv-cicle-de-musica-omplira-mutxamel-de-concerts-cultura-i-talent-durant-el-mes-de-novembre\/#article","isPartOf":{"@id":"https:\/\/ayto.mutxamel.org\/ca\/el-xiv-cicle-de-musica-omplira-mutxamel-de-concerts-cultura-i-talent-durant-el-mes-de-novembre\/"},"author":{"name":"GC_Luis","@id":"https:\/\/ayto.mutxamel.org\/ca\/#\/schema\/person\/7bd4a860ef8d5eb9c6228c3e24dce6c0"},"headline":"El XIV Cicle de M\u00fasica omplir\u00e0 Mutxamel de concerts, cultura i talent durant el mes de novembre","datePublished":"2025-11-07T10:00:37+00:00","mainEntityOfPage":{"@id":"https:\/\/ayto.mutxamel.org\/ca\/el-xiv-cicle-de-musica-omplira-mutxamel-de-concerts-cultura-i-talent-durant-el-mes-de-novembre\/"},"wordCount":936,"image":{"@id":"https:\/\/ayto.mutxamel.org\/ca\/el-xiv-cicle-de-musica-omplira-mutxamel-de-concerts-cultura-i-talent-durant-el-mes-de-novembre\/#primaryimage"},"thumbnailUrl":"https:\/\/ayto.mutxamel.org\/wp-content\/uploads\/2025\/11\/Imagen-ciclo.jpg","articleSection":["Cultura","Noticies"],"inLanguage":"ca"},{"@type":"WebPage","@id":"https:\/\/ayto.mutxamel.org\/ca\/el-xiv-cicle-de-musica-omplira-mutxamel-de-concerts-cultura-i-talent-durant-el-mes-de-novembre\/","url":"https:\/\/ayto.mutxamel.org\/ca\/el-xiv-cicle-de-musica-omplira-mutxamel-de-concerts-cultura-i-talent-durant-el-mes-de-novembre\/","name":"El XIV Cicle de M\u00fasica omplir\u00e0 Mutxamel de concerts, cultura i talent durant el mes de novembre - Ayuntamiento de Mutxamel","isPartOf":{"@id":"https:\/\/ayto.mutxamel.org\/ca\/#website"},"primaryImageOfPage":{"@id":"https:\/\/ayto.mutxamel.org\/ca\/el-xiv-cicle-de-musica-omplira-mutxamel-de-concerts-cultura-i-talent-durant-el-mes-de-novembre\/#primaryimage"},"image":{"@id":"https:\/\/ayto.mutxamel.org\/ca\/el-xiv-cicle-de-musica-omplira-mutxamel-de-concerts-cultura-i-talent-durant-el-mes-de-novembre\/#primaryimage"},"thumbnailUrl":"https:\/\/ayto.mutxamel.org\/wp-content\/uploads\/2025\/11\/Imagen-ciclo.jpg","datePublished":"2025-11-07T10:00:37+00:00","author":{"@id":"https:\/\/ayto.mutxamel.org\/ca\/#\/schema\/person\/7bd4a860ef8d5eb9c6228c3e24dce6c0"},"breadcrumb":{"@id":"https:\/\/ayto.mutxamel.org\/ca\/el-xiv-cicle-de-musica-omplira-mutxamel-de-concerts-cultura-i-talent-durant-el-mes-de-novembre\/#breadcrumb"},"inLanguage":"ca","potentialAction":[{"@type":"ReadAction","target":["https:\/\/ayto.mutxamel.org\/ca\/el-xiv-cicle-de-musica-omplira-mutxamel-de-concerts-cultura-i-talent-durant-el-mes-de-novembre\/"]}]},{"@type":"ImageObject","inLanguage":"ca","@id":"https:\/\/ayto.mutxamel.org\/ca\/el-xiv-cicle-de-musica-omplira-mutxamel-de-concerts-cultura-i-talent-durant-el-mes-de-novembre\/#primaryimage","url":"https:\/\/ayto.mutxamel.org\/wp-content\/uploads\/2025\/11\/Imagen-ciclo.jpg","contentUrl":"https:\/\/ayto.mutxamel.org\/wp-content\/uploads\/2025\/11\/Imagen-ciclo.jpg","width":1440,"height":1080},{"@type":"BreadcrumbList","@id":"https:\/\/ayto.mutxamel.org\/ca\/el-xiv-cicle-de-musica-omplira-mutxamel-de-concerts-cultura-i-talent-durant-el-mes-de-novembre\/#breadcrumb","itemListElement":[{"@type":"ListItem","position":1,"name":"Portada","item":"https:\/\/ayto.mutxamel.org\/ca\/"},{"@type":"ListItem","position":2,"name":"El XIV Cicle de M\u00fasica omplir\u00e0 Mutxamel de concerts, cultura i talent durant el mes de novembre"}]},{"@type":"WebSite","@id":"https:\/\/ayto.mutxamel.org\/ca\/#website","url":"https:\/\/ayto.mutxamel.org\/ca\/","name":"Ayuntamiento de Mutxamel","description":"","potentialAction":[{"@type":"SearchAction","target":{"@type":"EntryPoint","urlTemplate":"https:\/\/ayto.mutxamel.org\/ca\/?s={search_term_string}"},"query-input":{"@type":"PropertyValueSpecification","valueRequired":true,"valueName":"search_term_string"}}],"inLanguage":"ca"},{"@type":"Person","@id":"https:\/\/ayto.mutxamel.org\/ca\/#\/schema\/person\/7bd4a860ef8d5eb9c6228c3e24dce6c0","name":"GC_Luis","url":"https:\/\/ayto.mutxamel.org\/ca\/author\/gc_luis\/"}]}},"_links":{"self":[{"href":"https:\/\/ayto.mutxamel.org\/ca\/wp-json\/wp\/v2\/posts\/63404","targetHints":{"allow":["GET"]}}],"collection":[{"href":"https:\/\/ayto.mutxamel.org\/ca\/wp-json\/wp\/v2\/posts"}],"about":[{"href":"https:\/\/ayto.mutxamel.org\/ca\/wp-json\/wp\/v2\/types\/post"}],"author":[{"embeddable":true,"href":"https:\/\/ayto.mutxamel.org\/ca\/wp-json\/wp\/v2\/users\/12"}],"replies":[{"embeddable":true,"href":"https:\/\/ayto.mutxamel.org\/ca\/wp-json\/wp\/v2\/comments?post=63404"}],"version-history":[{"count":0,"href":"https:\/\/ayto.mutxamel.org\/ca\/wp-json\/wp\/v2\/posts\/63404\/revisions"}],"wp:featuredmedia":[{"embeddable":true,"href":"https:\/\/ayto.mutxamel.org\/ca\/wp-json\/wp\/v2\/media\/63400"}],"wp:attachment":[{"href":"https:\/\/ayto.mutxamel.org\/ca\/wp-json\/wp\/v2\/media?parent=63404"}],"wp:term":[{"taxonomy":"category","embeddable":true,"href":"https:\/\/ayto.mutxamel.org\/ca\/wp-json\/wp\/v2\/categories?post=63404"},{"taxonomy":"post_tag","embeddable":true,"href":"https:\/\/ayto.mutxamel.org\/ca\/wp-json\/wp\/v2\/tags?post=63404"}],"curies":[{"name":"wp","href":"https:\/\/api.w.org\/{rel}","templated":true}]}}