{"id":61929,"date":"2025-09-19T10:44:43","date_gmt":"2025-09-19T08:44:43","guid":{"rendered":"https:\/\/ayto.mutxamel.org\/mutxamel-a-escena-2025-un-certamen-que-celebra-la-seua-xi-edicio-donant-visibilitat-al-teatre-amateur-2\/"},"modified":"2025-09-19T10:44:43","modified_gmt":"2025-09-19T08:44:43","slug":"mutxamel-a-escena-2025-un-certamen-que-celebra-la-seua-xi-edicio-donant-visibilitat-al-teatre-amateur-2","status":"publish","type":"post","link":"https:\/\/ayto.mutxamel.org\/ca\/mutxamel-a-escena-2025-un-certamen-que-celebra-la-seua-xi-edicio-donant-visibilitat-al-teatre-amateur-2\/","title":{"rendered":"Mutxamel a Escena 2025, un certamen que celebra la seua XI edici\u00f3 donant visibilitat al teatre amateur"},"content":{"rendered":"<p><strong><em>L\u2019XI Certamen de Teatre Amateur \u201cMutxamel a Escena\u201d reunir\u00e0 en octubre drames, com\u00e8dies i musicals en una programaci\u00f3 que celebra onze edicions de passi\u00f3 pel teatre<\/em><\/strong><\/p>\n<p><strong><em>L\u2019Ajuntament refor\u00e7a amb este certamen una agenda cultural diversa i cont\u00ednua, amb propostes pensades per a totes les edats i per a gaudir de la cultura durant tot l\u2019any<\/em><\/strong><\/p>\n<p>Mutxamel es prepara per a acollir una nova edici\u00f3 del seu Certamen de Teatre Amateur \u201cMutxamel a Escena\u201d, que tindr\u00e0 lloc durant el mes d\u2019octubre al municipi. Este certamen s\u2019ha consolidat com un referent cultural que permet als amants del teatre gaudir d\u2019obres\u00a0 que van del drama i la com\u00e8dia cl\u00e0ssica al musical, interpretades per companyies amateurs de gran traject\u00f2ria.<\/p>\n<p>El programa s\u2019inaugurar\u00e0 el <strong>divendres 3 d\u2019octubre a les 20:00 hores<\/strong> amb <em>Madrid 19-67<\/em>, de Paraskenia Teatro. Esta obra, estrenada en 2023, \u00e9s un drama que barreja mem\u00f2ries, records i reflexions de vida, i es centra en la trobada entre Ana i el seu net Carlos despr\u00e9s d\u2019anys d\u2019abs\u00e8ncia. Amb direcci\u00f3, interpretaci\u00f3 i producci\u00f3 de Paraskenia Teatro, l\u2019obra ofereix 90 minuts d\u2019intensitat dram\u00e0tica, on s\u2019aborda la mem\u00f2ria i els vincles familiars a trav\u00e9s d\u2019una posada en escena cuidada i emotiva.<\/p>\n<p>El <strong>dissabte 4 d\u2019octubre a les 20:00 hores<\/strong> es representar\u00e0 <em>Totus Plautus (Pam Dalt Pam Baix)<\/em>, de Suc de Teatre \u2013 La Tarumba, una com\u00e8dia cl\u00e0ssica en valenci\u00e0 que combina les trames de Plaute amb un ritme trepidant i situacions plenes d\u2019humor. L\u2019obra enfronta a personatges com Eucli\u00f3 i la seua filla, i Amfitri\u00f3 i Alcmena, submergint el p\u00fablic en confusions, suplantacions i esc\u00e0ndols que reflecteixen la comicitat atemporal dels cl\u00e0ssics, adaptada per als espectadors actuals.<\/p>\n<p>El <strong>dissabte 11 d\u2019octubre a les 20:00 hores<\/strong> ser\u00e0 el torn de <em>Tribut a la Vida de Brian<\/em>, de l\u2019Escola Municipal de Teatre de Sueca, una com\u00e8dia musical que relata la vida de Brian, nascut el mateix dia que Jesucrist, i com les seues desgr\u00e0cies i malentesos creen una exist\u00e8ncia paral\u00b7lela a la del Messies. Amb un repartiment nombr\u00f3s i direcci\u00f3 d\u2019Aitana Munera i Emili Chaqu\u00e9s, l\u2019obra combina humor, cr\u00edtica social i musicalitat, oferint una visi\u00f3 divertida i original de la hist\u00f2ria.<\/p>\n<p>El <strong>divendres 17 d\u2019octubre a les 20:00 hores<\/strong> es presentar\u00e0 <em>Los d\u00edas de la noche<\/em>, d\u2019Adeshora Teatro, un drama que aborda la vida d\u2019una parella d\u2019ancians, Quico i Mar\u00eda, i la seua experi\u00e8ncia de la soledat compartida. A trav\u00e9s de 70 minuts d\u2019intensitat emocional, l\u2019obra convida l\u2019espectador a reflexionar sobre la mem\u00f2ria, l\u2019amor i la p\u00e8rdua, combinant moments de tendresa, humor i malenconia, sense caure en els t\u00f2pics habituals sobre la vellesa.<\/p>\n<p>El certamen conclour\u00e0 amb la <strong>Gala de Premis, el dissabte 25 d\u2019octubre a les 20:00 hores<\/strong>, on es reconeixer\u00e0 la labor de totes les companyies participants i se celebrar\u00e0 el talent i la creativitat dels grups de teatre amateur que formen part d\u2019aquesta cita cultural de refer\u00e8ncia a Mutxamel.<\/p>\n<p>L\u2019alcalde de Mutxamel, <strong>Rafael Garc\u00eda Berenguer<\/strong>, ha destacat que \u201cenguany celebrem l\u2019onzena edici\u00f3 de <em>\u2018Mutxamel a Escena\u2019<\/em>, un certamen que s\u2019ha consolidat com una cita imprescindible per a la cultura local i que reflectix la passi\u00f3 i el talent de les nostres companyies de teatre amateur. Este certamen se suma a l\u2019\u00e0mplia i diversa programaci\u00f3 cultural que oferix el nostre municipi durant tot l\u2019any, perqu\u00e8 des del Departament de Cultura treballem perqu\u00e8 hi haja cultura per a totes les edats i en tot moment, i que d\u2019esta manera Mutxamel la pose en valor i atraga ve\u00efns i visitants de tota la prov\u00edncia. \u00c9s un orgull per a Mutxamel comptar amb espais on la creativitat i l\u2019expressi\u00f3 art\u00edstica es troben amb la ciutadania, acostant hist\u00f2ries que emocionen, divertixen i fan pensar\u201d.<\/p>\n<p>Per la seua part, la regidora de Cultura, <strong>Loreto Riera<\/strong>, ha subratllat que \u201ccada any el certamen ens permet gaudir d\u2019hist\u00f2ries que emocionen, divertixen i fan reflexionar. \u00c9s un espai \u00fanic on els actors amateurs demostren la seua passi\u00f3 i professionalitat, i on el p\u00fablic troba propostes de qualitat i diversitat teatral\u201d.<\/p>\n<p>L\u2019Ajuntament de Mutxamel convida tota la ciutadania a participar en este certamen, gaudint d\u2019un mes ple d\u2019emocions, rialles i reflexi\u00f3 a trav\u00e9s del teatre, reafirmant el comprom\u00eds del municipi amb la cultura i el foment del talent local.<\/p>\n","protected":false},"excerpt":{"rendered":"<p>L\u2019XI Certamen de Teatre Amateur \u201cMutxamel a Escena\u201d reunir\u00e0 en octubre drames, com\u00e8dies i musicals en una programaci\u00f3 que celebra onze edicions de passi\u00f3 pel teatre L\u2019Ajuntament refor\u00e7a amb este certamen una agenda cultural diversa i cont\u00ednua, amb propostes pensades per a totes les edats i per a gaudir de la cultura durant tot l\u2019any&#8230;<\/p>\n","protected":false},"author":12,"featured_media":61925,"comment_status":"closed","ping_status":"open","sticky":false,"template":"","format":"standard","meta":{"_acf_changed":false,"footnotes":""},"categories":[467,432,282],"tags":[],"class_list":["post-61929","post","type-post","status-publish","format-standard","has-post-thumbnail","hentry","category-cultura-ca","category-notes-de-premsa","category-noticies"],"acf":[],"yoast_head":"<!-- This site is optimized with the Yoast SEO plugin v27.3 - https:\/\/yoast.com\/product\/yoast-seo-wordpress\/ -->\n<title>Mutxamel a Escena 2025, un certamen que celebra la seua XI edici\u00f3 donant visibilitat al teatre amateur - Ayuntamiento de Mutxamel<\/title>\n<meta name=\"robots\" content=\"index, follow, max-snippet:-1, max-image-preview:large, max-video-preview:-1\" \/>\n<link rel=\"canonical\" href=\"https:\/\/ayto.mutxamel.org\/ca\/mutxamel-a-escena-2025-un-certamen-que-celebra-la-seua-xi-edicio-donant-visibilitat-al-teatre-amateur-2\/\" \/>\n<meta property=\"og:locale\" content=\"ca_ES\" \/>\n<meta property=\"og:type\" content=\"article\" \/>\n<meta property=\"og:title\" content=\"Mutxamel a Escena 2025, un certamen que celebra la seua XI edici\u00f3 donant visibilitat al teatre amateur - Ayuntamiento de Mutxamel\" \/>\n<meta property=\"og:description\" content=\"L\u2019XI Certamen de Teatre Amateur \u201cMutxamel a Escena\u201d reunir\u00e0 en octubre drames, com\u00e8dies i musicals en una programaci\u00f3 que celebra onze edicions de passi\u00f3 pel teatre L\u2019Ajuntament refor\u00e7a amb este certamen una agenda cultural diversa i cont\u00ednua, amb propostes pensades per a totes les edats i per a gaudir de la cultura durant tot l\u2019any...\" \/>\n<meta property=\"og:url\" content=\"https:\/\/ayto.mutxamel.org\/ca\/mutxamel-a-escena-2025-un-certamen-que-celebra-la-seua-xi-edicio-donant-visibilitat-al-teatre-amateur-2\/\" \/>\n<meta property=\"og:site_name\" content=\"Ayuntamiento de Mutxamel\" \/>\n<meta property=\"article:published_time\" content=\"2025-09-19T08:44:43+00:00\" \/>\n<meta property=\"og:image\" content=\"https:\/\/ayto.mutxamel.org\/wp-content\/uploads\/2025\/09\/JPG-CARTEL-GENERAL-CASTELLANO-scaled.png\" \/>\n\t<meta property=\"og:image:width\" content=\"1357\" \/>\n\t<meta property=\"og:image:height\" content=\"1920\" \/>\n\t<meta property=\"og:image:type\" content=\"image\/png\" \/>\n<meta name=\"author\" content=\"GC_Luis\" \/>\n<meta name=\"twitter:card\" content=\"summary_large_image\" \/>\n<meta name=\"twitter:label1\" content=\"Escrit per\" \/>\n\t<meta name=\"twitter:data1\" content=\"GC_Luis\" \/>\n\t<meta name=\"twitter:label2\" content=\"Temps estimat de lectura\" \/>\n\t<meta name=\"twitter:data2\" content=\"4 minuts\" \/>\n<script type=\"application\/ld+json\" class=\"yoast-schema-graph\">{\"@context\":\"https:\\\/\\\/schema.org\",\"@graph\":[{\"@type\":\"Article\",\"@id\":\"https:\\\/\\\/ayto.mutxamel.org\\\/ca\\\/mutxamel-a-escena-2025-un-certamen-que-celebra-la-seua-xi-edicio-donant-visibilitat-al-teatre-amateur-2\\\/#article\",\"isPartOf\":{\"@id\":\"https:\\\/\\\/ayto.mutxamel.org\\\/ca\\\/mutxamel-a-escena-2025-un-certamen-que-celebra-la-seua-xi-edicio-donant-visibilitat-al-teatre-amateur-2\\\/\"},\"author\":{\"name\":\"GC_Luis\",\"@id\":\"https:\\\/\\\/ayto.mutxamel.org\\\/ca\\\/#\\\/schema\\\/person\\\/7bd4a860ef8d5eb9c6228c3e24dce6c0\"},\"headline\":\"Mutxamel a Escena 2025, un certamen que celebra la seua XI edici\u00f3 donant visibilitat al teatre amateur\",\"datePublished\":\"2025-09-19T08:44:43+00:00\",\"mainEntityOfPage\":{\"@id\":\"https:\\\/\\\/ayto.mutxamel.org\\\/ca\\\/mutxamel-a-escena-2025-un-certamen-que-celebra-la-seua-xi-edicio-donant-visibilitat-al-teatre-amateur-2\\\/\"},\"wordCount\":780,\"image\":{\"@id\":\"https:\\\/\\\/ayto.mutxamel.org\\\/ca\\\/mutxamel-a-escena-2025-un-certamen-que-celebra-la-seua-xi-edicio-donant-visibilitat-al-teatre-amateur-2\\\/#primaryimage\"},\"thumbnailUrl\":\"https:\\\/\\\/ayto.mutxamel.org\\\/wp-content\\\/uploads\\\/2025\\\/09\\\/JPG-CARTEL-GENERAL-CASTELLANO-scaled.png\",\"articleSection\":[\"Cultura\",\"Notes de premsa\",\"Noticies\"],\"inLanguage\":\"ca\"},{\"@type\":\"WebPage\",\"@id\":\"https:\\\/\\\/ayto.mutxamel.org\\\/ca\\\/mutxamel-a-escena-2025-un-certamen-que-celebra-la-seua-xi-edicio-donant-visibilitat-al-teatre-amateur-2\\\/\",\"url\":\"https:\\\/\\\/ayto.mutxamel.org\\\/ca\\\/mutxamel-a-escena-2025-un-certamen-que-celebra-la-seua-xi-edicio-donant-visibilitat-al-teatre-amateur-2\\\/\",\"name\":\"Mutxamel a Escena 2025, un certamen que celebra la seua XI edici\u00f3 donant visibilitat al teatre amateur - Ayuntamiento de Mutxamel\",\"isPartOf\":{\"@id\":\"https:\\\/\\\/ayto.mutxamel.org\\\/ca\\\/#website\"},\"primaryImageOfPage\":{\"@id\":\"https:\\\/\\\/ayto.mutxamel.org\\\/ca\\\/mutxamel-a-escena-2025-un-certamen-que-celebra-la-seua-xi-edicio-donant-visibilitat-al-teatre-amateur-2\\\/#primaryimage\"},\"image\":{\"@id\":\"https:\\\/\\\/ayto.mutxamel.org\\\/ca\\\/mutxamel-a-escena-2025-un-certamen-que-celebra-la-seua-xi-edicio-donant-visibilitat-al-teatre-amateur-2\\\/#primaryimage\"},\"thumbnailUrl\":\"https:\\\/\\\/ayto.mutxamel.org\\\/wp-content\\\/uploads\\\/2025\\\/09\\\/JPG-CARTEL-GENERAL-CASTELLANO-scaled.png\",\"datePublished\":\"2025-09-19T08:44:43+00:00\",\"author\":{\"@id\":\"https:\\\/\\\/ayto.mutxamel.org\\\/ca\\\/#\\\/schema\\\/person\\\/7bd4a860ef8d5eb9c6228c3e24dce6c0\"},\"breadcrumb\":{\"@id\":\"https:\\\/\\\/ayto.mutxamel.org\\\/ca\\\/mutxamel-a-escena-2025-un-certamen-que-celebra-la-seua-xi-edicio-donant-visibilitat-al-teatre-amateur-2\\\/#breadcrumb\"},\"inLanguage\":\"ca\",\"potentialAction\":[{\"@type\":\"ReadAction\",\"target\":[\"https:\\\/\\\/ayto.mutxamel.org\\\/ca\\\/mutxamel-a-escena-2025-un-certamen-que-celebra-la-seua-xi-edicio-donant-visibilitat-al-teatre-amateur-2\\\/\"]}]},{\"@type\":\"ImageObject\",\"inLanguage\":\"ca\",\"@id\":\"https:\\\/\\\/ayto.mutxamel.org\\\/ca\\\/mutxamel-a-escena-2025-un-certamen-que-celebra-la-seua-xi-edicio-donant-visibilitat-al-teatre-amateur-2\\\/#primaryimage\",\"url\":\"https:\\\/\\\/ayto.mutxamel.org\\\/wp-content\\\/uploads\\\/2025\\\/09\\\/JPG-CARTEL-GENERAL-CASTELLANO-scaled.png\",\"contentUrl\":\"https:\\\/\\\/ayto.mutxamel.org\\\/wp-content\\\/uploads\\\/2025\\\/09\\\/JPG-CARTEL-GENERAL-CASTELLANO-scaled.png\",\"width\":1357,\"height\":1920},{\"@type\":\"BreadcrumbList\",\"@id\":\"https:\\\/\\\/ayto.mutxamel.org\\\/ca\\\/mutxamel-a-escena-2025-un-certamen-que-celebra-la-seua-xi-edicio-donant-visibilitat-al-teatre-amateur-2\\\/#breadcrumb\",\"itemListElement\":[{\"@type\":\"ListItem\",\"position\":1,\"name\":\"Portada\",\"item\":\"https:\\\/\\\/ayto.mutxamel.org\\\/ca\\\/\"},{\"@type\":\"ListItem\",\"position\":2,\"name\":\"Mutxamel a Escena 2025, un certamen que celebra la seua XI edici\u00f3 donant visibilitat al teatre amateur\"}]},{\"@type\":\"WebSite\",\"@id\":\"https:\\\/\\\/ayto.mutxamel.org\\\/ca\\\/#website\",\"url\":\"https:\\\/\\\/ayto.mutxamel.org\\\/ca\\\/\",\"name\":\"Ayuntamiento de Mutxamel\",\"description\":\"\",\"potentialAction\":[{\"@type\":\"SearchAction\",\"target\":{\"@type\":\"EntryPoint\",\"urlTemplate\":\"https:\\\/\\\/ayto.mutxamel.org\\\/ca\\\/?s={search_term_string}\"},\"query-input\":{\"@type\":\"PropertyValueSpecification\",\"valueRequired\":true,\"valueName\":\"search_term_string\"}}],\"inLanguage\":\"ca\"},{\"@type\":\"Person\",\"@id\":\"https:\\\/\\\/ayto.mutxamel.org\\\/ca\\\/#\\\/schema\\\/person\\\/7bd4a860ef8d5eb9c6228c3e24dce6c0\",\"name\":\"GC_Luis\",\"url\":\"https:\\\/\\\/ayto.mutxamel.org\\\/ca\\\/author\\\/gc_luis\\\/\"}]}<\/script>\n<!-- \/ Yoast SEO plugin. -->","yoast_head_json":{"title":"Mutxamel a Escena 2025, un certamen que celebra la seua XI edici\u00f3 donant visibilitat al teatre amateur - Ayuntamiento de Mutxamel","robots":{"index":"index","follow":"follow","max-snippet":"max-snippet:-1","max-image-preview":"max-image-preview:large","max-video-preview":"max-video-preview:-1"},"canonical":"https:\/\/ayto.mutxamel.org\/ca\/mutxamel-a-escena-2025-un-certamen-que-celebra-la-seua-xi-edicio-donant-visibilitat-al-teatre-amateur-2\/","og_locale":"ca_ES","og_type":"article","og_title":"Mutxamel a Escena 2025, un certamen que celebra la seua XI edici\u00f3 donant visibilitat al teatre amateur - Ayuntamiento de Mutxamel","og_description":"L\u2019XI Certamen de Teatre Amateur \u201cMutxamel a Escena\u201d reunir\u00e0 en octubre drames, com\u00e8dies i musicals en una programaci\u00f3 que celebra onze edicions de passi\u00f3 pel teatre L\u2019Ajuntament refor\u00e7a amb este certamen una agenda cultural diversa i cont\u00ednua, amb propostes pensades per a totes les edats i per a gaudir de la cultura durant tot l\u2019any...","og_url":"https:\/\/ayto.mutxamel.org\/ca\/mutxamel-a-escena-2025-un-certamen-que-celebra-la-seua-xi-edicio-donant-visibilitat-al-teatre-amateur-2\/","og_site_name":"Ayuntamiento de Mutxamel","article_published_time":"2025-09-19T08:44:43+00:00","og_image":[{"width":1357,"height":1920,"url":"https:\/\/ayto.mutxamel.org\/wp-content\/uploads\/2025\/09\/JPG-CARTEL-GENERAL-CASTELLANO-scaled.png","type":"image\/png"}],"author":"GC_Luis","twitter_card":"summary_large_image","twitter_misc":{"Escrit per":"GC_Luis","Temps estimat de lectura":"4 minuts"},"schema":{"@context":"https:\/\/schema.org","@graph":[{"@type":"Article","@id":"https:\/\/ayto.mutxamel.org\/ca\/mutxamel-a-escena-2025-un-certamen-que-celebra-la-seua-xi-edicio-donant-visibilitat-al-teatre-amateur-2\/#article","isPartOf":{"@id":"https:\/\/ayto.mutxamel.org\/ca\/mutxamel-a-escena-2025-un-certamen-que-celebra-la-seua-xi-edicio-donant-visibilitat-al-teatre-amateur-2\/"},"author":{"name":"GC_Luis","@id":"https:\/\/ayto.mutxamel.org\/ca\/#\/schema\/person\/7bd4a860ef8d5eb9c6228c3e24dce6c0"},"headline":"Mutxamel a Escena 2025, un certamen que celebra la seua XI edici\u00f3 donant visibilitat al teatre amateur","datePublished":"2025-09-19T08:44:43+00:00","mainEntityOfPage":{"@id":"https:\/\/ayto.mutxamel.org\/ca\/mutxamel-a-escena-2025-un-certamen-que-celebra-la-seua-xi-edicio-donant-visibilitat-al-teatre-amateur-2\/"},"wordCount":780,"image":{"@id":"https:\/\/ayto.mutxamel.org\/ca\/mutxamel-a-escena-2025-un-certamen-que-celebra-la-seua-xi-edicio-donant-visibilitat-al-teatre-amateur-2\/#primaryimage"},"thumbnailUrl":"https:\/\/ayto.mutxamel.org\/wp-content\/uploads\/2025\/09\/JPG-CARTEL-GENERAL-CASTELLANO-scaled.png","articleSection":["Cultura","Notes de premsa","Noticies"],"inLanguage":"ca"},{"@type":"WebPage","@id":"https:\/\/ayto.mutxamel.org\/ca\/mutxamel-a-escena-2025-un-certamen-que-celebra-la-seua-xi-edicio-donant-visibilitat-al-teatre-amateur-2\/","url":"https:\/\/ayto.mutxamel.org\/ca\/mutxamel-a-escena-2025-un-certamen-que-celebra-la-seua-xi-edicio-donant-visibilitat-al-teatre-amateur-2\/","name":"Mutxamel a Escena 2025, un certamen que celebra la seua XI edici\u00f3 donant visibilitat al teatre amateur - Ayuntamiento de Mutxamel","isPartOf":{"@id":"https:\/\/ayto.mutxamel.org\/ca\/#website"},"primaryImageOfPage":{"@id":"https:\/\/ayto.mutxamel.org\/ca\/mutxamel-a-escena-2025-un-certamen-que-celebra-la-seua-xi-edicio-donant-visibilitat-al-teatre-amateur-2\/#primaryimage"},"image":{"@id":"https:\/\/ayto.mutxamel.org\/ca\/mutxamel-a-escena-2025-un-certamen-que-celebra-la-seua-xi-edicio-donant-visibilitat-al-teatre-amateur-2\/#primaryimage"},"thumbnailUrl":"https:\/\/ayto.mutxamel.org\/wp-content\/uploads\/2025\/09\/JPG-CARTEL-GENERAL-CASTELLANO-scaled.png","datePublished":"2025-09-19T08:44:43+00:00","author":{"@id":"https:\/\/ayto.mutxamel.org\/ca\/#\/schema\/person\/7bd4a860ef8d5eb9c6228c3e24dce6c0"},"breadcrumb":{"@id":"https:\/\/ayto.mutxamel.org\/ca\/mutxamel-a-escena-2025-un-certamen-que-celebra-la-seua-xi-edicio-donant-visibilitat-al-teatre-amateur-2\/#breadcrumb"},"inLanguage":"ca","potentialAction":[{"@type":"ReadAction","target":["https:\/\/ayto.mutxamel.org\/ca\/mutxamel-a-escena-2025-un-certamen-que-celebra-la-seua-xi-edicio-donant-visibilitat-al-teatre-amateur-2\/"]}]},{"@type":"ImageObject","inLanguage":"ca","@id":"https:\/\/ayto.mutxamel.org\/ca\/mutxamel-a-escena-2025-un-certamen-que-celebra-la-seua-xi-edicio-donant-visibilitat-al-teatre-amateur-2\/#primaryimage","url":"https:\/\/ayto.mutxamel.org\/wp-content\/uploads\/2025\/09\/JPG-CARTEL-GENERAL-CASTELLANO-scaled.png","contentUrl":"https:\/\/ayto.mutxamel.org\/wp-content\/uploads\/2025\/09\/JPG-CARTEL-GENERAL-CASTELLANO-scaled.png","width":1357,"height":1920},{"@type":"BreadcrumbList","@id":"https:\/\/ayto.mutxamel.org\/ca\/mutxamel-a-escena-2025-un-certamen-que-celebra-la-seua-xi-edicio-donant-visibilitat-al-teatre-amateur-2\/#breadcrumb","itemListElement":[{"@type":"ListItem","position":1,"name":"Portada","item":"https:\/\/ayto.mutxamel.org\/ca\/"},{"@type":"ListItem","position":2,"name":"Mutxamel a Escena 2025, un certamen que celebra la seua XI edici\u00f3 donant visibilitat al teatre amateur"}]},{"@type":"WebSite","@id":"https:\/\/ayto.mutxamel.org\/ca\/#website","url":"https:\/\/ayto.mutxamel.org\/ca\/","name":"Ayuntamiento de Mutxamel","description":"","potentialAction":[{"@type":"SearchAction","target":{"@type":"EntryPoint","urlTemplate":"https:\/\/ayto.mutxamel.org\/ca\/?s={search_term_string}"},"query-input":{"@type":"PropertyValueSpecification","valueRequired":true,"valueName":"search_term_string"}}],"inLanguage":"ca"},{"@type":"Person","@id":"https:\/\/ayto.mutxamel.org\/ca\/#\/schema\/person\/7bd4a860ef8d5eb9c6228c3e24dce6c0","name":"GC_Luis","url":"https:\/\/ayto.mutxamel.org\/ca\/author\/gc_luis\/"}]}},"_links":{"self":[{"href":"https:\/\/ayto.mutxamel.org\/ca\/wp-json\/wp\/v2\/posts\/61929","targetHints":{"allow":["GET"]}}],"collection":[{"href":"https:\/\/ayto.mutxamel.org\/ca\/wp-json\/wp\/v2\/posts"}],"about":[{"href":"https:\/\/ayto.mutxamel.org\/ca\/wp-json\/wp\/v2\/types\/post"}],"author":[{"embeddable":true,"href":"https:\/\/ayto.mutxamel.org\/ca\/wp-json\/wp\/v2\/users\/12"}],"replies":[{"embeddable":true,"href":"https:\/\/ayto.mutxamel.org\/ca\/wp-json\/wp\/v2\/comments?post=61929"}],"version-history":[{"count":0,"href":"https:\/\/ayto.mutxamel.org\/ca\/wp-json\/wp\/v2\/posts\/61929\/revisions"}],"wp:featuredmedia":[{"embeddable":true,"href":"https:\/\/ayto.mutxamel.org\/ca\/wp-json\/wp\/v2\/media\/61925"}],"wp:attachment":[{"href":"https:\/\/ayto.mutxamel.org\/ca\/wp-json\/wp\/v2\/media?parent=61929"}],"wp:term":[{"taxonomy":"category","embeddable":true,"href":"https:\/\/ayto.mutxamel.org\/ca\/wp-json\/wp\/v2\/categories?post=61929"},{"taxonomy":"post_tag","embeddable":true,"href":"https:\/\/ayto.mutxamel.org\/ca\/wp-json\/wp\/v2\/tags?post=61929"}],"curies":[{"name":"wp","href":"https:\/\/api.w.org\/{rel}","templated":true}]}}