{"id":6013,"date":"2019-05-20T07:01:28","date_gmt":"2019-05-20T05:01:28","guid":{"rendered":"https:\/\/ayto.mutxamel.org\/?p=6013"},"modified":"2023-12-01T14:25:19","modified_gmt":"2023-12-01T13:25:19","slug":"presentacio-del-museu-de-patrimoni-hidraulic-de-mutxamel","status":"publish","type":"post","link":"https:\/\/ayto.mutxamel.org\/ca\/presentacio-del-museu-de-patrimoni-hidraulic-de-mutxamel\/","title":{"rendered":"PRESENTACI\u00d3 DEL MUSEU DE PATRIMONI HIDR\u00c0ULIC DE MUTXAMEL"},"content":{"rendered":"<p><strong>20\/05\/2019<\/strong><\/p>\n<p>El passat 9 de maig a l&#8217;Auditori del Centre Social Jos\u00e9 Bernab\u00e9u Alberola, va tindre lloc la presentaci\u00f3 del Museu de Patrimoni Hidr\u00e0ulic de Mutxamel, un projecte que des de l&#8217;any 2016 va comen\u00e7ar amb la Universitat Polit\u00e8cnica de Val\u00e8ncia i&nbsp; que amb molt d&#8217;esfor\u00e7, treball i il\u00b7lusi\u00f3, des de la Regidoria de Cultura i la Subdirecci\u00f3 de la Universitat Polit\u00e8cnica de Val\u00e8ncia amb la col\u00b7laboraci\u00f3 de l&#8217;Aula Riu Sec- Seu&nbsp; Universit\u00e0ria del Campus d&#8217;Alcoi, ha donat els seus fruits.<\/p>\n<p>Juan Francisco Pic\u00f3, responsable de l&#8217;\u00c0rea de l&#8217;Entorn i Seus Universit\u00e0ries, destaca que \u00e9s un projecte amb molta qualitat des del punt de vista de les imatges. Ser\u00e0 una plataforma molt \u00e0mplia per a poder veure aquesta zona del patrimoni hidr\u00e0ulic sense estar f\u00edsicament en el lloc.<\/p>\n<p>\u00c9s una eina pionera que ens geolocalitza amb fotografies en 360\u00b0,&nbsp; que han sigut realitzades per Roberto Roca, fot\u00f2graf professional, Google Street View Trusted photgraher i local Guide 8,&nbsp; i que ens connecta&nbsp; a una multiplataforma amb molts recursos multim\u00e8dia i \u00e9s el primer d&#8217;aquestes caracter\u00edstiques al nostre pa\u00eds.<\/p>\n<p>El disseny i la construcci\u00f3 de la Web ha sigut elaborada per l&#8217;empresa Acceso.<\/p>\n<p>A m\u00e9s del material gr\u00e0fic i audiovisual que apareix pertany a la Diputaci\u00f3 Provincial d&#8217;Alacant, en col\u00b7laboraci\u00f3 de la Regidoria de Medi Ambient de l&#8217;Ajuntament de Mutxamel i l&#8217;\u00c0rea de comunicaci\u00f3 del Campus d&#8217;Alcoi de la UPV. Somosmonos foto&amp;v\u00eddeo&nbsp; i&nbsp; Ciudad de la sombra.<\/p>\n<p>Concretament, es presentaran itineraris de dos punts molt importants del Patrimoni hidr\u00e0ulic de Mutxamel: l\u2019assut de Sant Joan i l\u2019assut de Mutxamel. Cada recorregut pels assuts permetr\u00e0 realitzar visites virtuals, amb fotografies en 360\u00b0 i documents, quan cliquem &nbsp;en els quals, l&#8217;usuari podr\u00e0 obtindre m\u00e9s informaci\u00f3 ja siga amb recursos d&#8217;\u00e0udio, v\u00eddeo o documents escrits.<\/p>\n<p>A trav\u00e9s de la nostra p\u00e0gina <a href=\"http:\/\/sistemadereg.mutxamel.org\">http:\/\/sistemadereg.mutxamel.org<\/a>&nbsp; &#8211; Museu Patrimoni Hidr\u00e0ulic de Mutxamel, Aula Virtual Riu Sec, &nbsp;trobareu tota la informaci\u00f3 sobre el nostre Patrimoni hidr\u00e0ulic que vos traslladar\u00e0 directament als nostres assuts.<\/p>\n<p>Qualsevol persona que es plantege una visita pot preparar-la anteriorment amb alta definici\u00f3, ja que est\u00e0 dirigit perqu\u00e8 tot el p\u00fablic gaudisca del nostre patrimoni, guies tur\u00edstics, grups o centres educatius.<\/p>\n","protected":false},"excerpt":{"rendered":"<p>20\/05\/2019 El passat 9 de maig a l&#8217;Auditori del Centre Social Jos\u00e9 Bernab\u00e9u Alberola, va tindre lloc la presentaci\u00f3 del Museu de Patrimoni Hidr\u00e0ulic de Mutxamel, un projecte que des de l&#8217;any 2016 va comen\u00e7ar amb la Universitat Polit\u00e8cnica de Val\u00e8ncia i&nbsp; que amb molt d&#8217;esfor\u00e7, treball i il\u00b7lusi\u00f3, des de la Regidoria de Cultura&#8230;<\/p>\n","protected":false},"author":5,"featured_media":6011,"comment_status":"closed","ping_status":"open","sticky":false,"template":"","format":"standard","meta":{"_acf_changed":false,"footnotes":""},"categories":[351,282],"tags":[323],"class_list":["post-6013","post","type-post","status-publish","format-standard","has-post-thumbnail","hentry","category-hemeroteca-ca","category-noticies","tag-hemeroteca-va"],"acf":[],"yoast_head":"<!-- This site is optimized with the Yoast SEO plugin v27.3 - https:\/\/yoast.com\/product\/yoast-seo-wordpress\/ -->\n<title>PRESENTACI\u00d3 DEL MUSEU DE PATRIMONI HIDR\u00c0ULIC DE MUTXAMEL - Ayuntamiento de Mutxamel<\/title>\n<meta name=\"robots\" content=\"index, follow, max-snippet:-1, max-image-preview:large, max-video-preview:-1\" \/>\n<link rel=\"canonical\" href=\"https:\/\/ayto.mutxamel.org\/ca\/presentacio-del-museu-de-patrimoni-hidraulic-de-mutxamel\/\" \/>\n<meta property=\"og:locale\" content=\"ca_ES\" \/>\n<meta property=\"og:type\" content=\"article\" \/>\n<meta property=\"og:title\" content=\"PRESENTACI\u00d3 DEL MUSEU DE PATRIMONI HIDR\u00c0ULIC DE MUTXAMEL - Ayuntamiento de Mutxamel\" \/>\n<meta property=\"og:description\" content=\"20\/05\/2019 El passat 9 de maig a l&#8217;Auditori del Centre Social Jos\u00e9 Bernab\u00e9u Alberola, va tindre lloc la presentaci\u00f3 del Museu de Patrimoni Hidr\u00e0ulic de Mutxamel, un projecte que des de l&#8217;any 2016 va comen\u00e7ar amb la Universitat Polit\u00e8cnica de Val\u00e8ncia i&nbsp; que amb molt d&#8217;esfor\u00e7, treball i il\u00b7lusi\u00f3, des de la Regidoria de Cultura...\" \/>\n<meta property=\"og:url\" content=\"https:\/\/ayto.mutxamel.org\/ca\/presentacio-del-museu-de-patrimoni-hidraulic-de-mutxamel\/\" \/>\n<meta property=\"og:site_name\" content=\"Ayuntamiento de Mutxamel\" \/>\n<meta property=\"article:published_time\" content=\"2019-05-20T05:01:28+00:00\" \/>\n<meta property=\"article:modified_time\" content=\"2023-12-01T13:25:19+00:00\" \/>\n<meta name=\"author\" content=\"Ayuntamiento Mutxamel\" \/>\n<meta name=\"twitter:card\" content=\"summary_large_image\" \/>\n<meta name=\"twitter:label1\" content=\"Escrit per\" \/>\n\t<meta name=\"twitter:data1\" content=\"Ayuntamiento Mutxamel\" \/>\n\t<meta name=\"twitter:label2\" content=\"Temps estimat de lectura\" \/>\n\t<meta name=\"twitter:data2\" content=\"2 minuts\" \/>\n<script type=\"application\/ld+json\" class=\"yoast-schema-graph\">{\"@context\":\"https:\\\/\\\/schema.org\",\"@graph\":[{\"@type\":\"Article\",\"@id\":\"https:\\\/\\\/ayto.mutxamel.org\\\/ca\\\/presentacio-del-museu-de-patrimoni-hidraulic-de-mutxamel\\\/#article\",\"isPartOf\":{\"@id\":\"https:\\\/\\\/ayto.mutxamel.org\\\/ca\\\/presentacio-del-museu-de-patrimoni-hidraulic-de-mutxamel\\\/\"},\"author\":{\"name\":\"Ayuntamiento Mutxamel\",\"@id\":\"https:\\\/\\\/ayto.mutxamel.org\\\/ca\\\/#\\\/schema\\\/person\\\/0a64c1c652c34ba957ddc1a83e56bbfa\"},\"headline\":\"PRESENTACI\u00d3 DEL MUSEU DE PATRIMONI HIDR\u00c0ULIC DE MUTXAMEL\",\"datePublished\":\"2019-05-20T05:01:28+00:00\",\"dateModified\":\"2023-12-01T13:25:19+00:00\",\"mainEntityOfPage\":{\"@id\":\"https:\\\/\\\/ayto.mutxamel.org\\\/ca\\\/presentacio-del-museu-de-patrimoni-hidraulic-de-mutxamel\\\/\"},\"wordCount\":419,\"image\":{\"@id\":\"https:\\\/\\\/ayto.mutxamel.org\\\/ca\\\/presentacio-del-museu-de-patrimoni-hidraulic-de-mutxamel\\\/#primaryimage\"},\"thumbnailUrl\":\"\",\"keywords\":[\"Hemeroteca\"],\"articleSection\":[\"Hemeroteca\",\"Noticies\"],\"inLanguage\":\"ca\"},{\"@type\":\"WebPage\",\"@id\":\"https:\\\/\\\/ayto.mutxamel.org\\\/ca\\\/presentacio-del-museu-de-patrimoni-hidraulic-de-mutxamel\\\/\",\"url\":\"https:\\\/\\\/ayto.mutxamel.org\\\/ca\\\/presentacio-del-museu-de-patrimoni-hidraulic-de-mutxamel\\\/\",\"name\":\"PRESENTACI\u00d3 DEL MUSEU DE PATRIMONI HIDR\u00c0ULIC DE MUTXAMEL - Ayuntamiento de Mutxamel\",\"isPartOf\":{\"@id\":\"https:\\\/\\\/ayto.mutxamel.org\\\/ca\\\/#website\"},\"primaryImageOfPage\":{\"@id\":\"https:\\\/\\\/ayto.mutxamel.org\\\/ca\\\/presentacio-del-museu-de-patrimoni-hidraulic-de-mutxamel\\\/#primaryimage\"},\"image\":{\"@id\":\"https:\\\/\\\/ayto.mutxamel.org\\\/ca\\\/presentacio-del-museu-de-patrimoni-hidraulic-de-mutxamel\\\/#primaryimage\"},\"thumbnailUrl\":\"\",\"datePublished\":\"2019-05-20T05:01:28+00:00\",\"dateModified\":\"2023-12-01T13:25:19+00:00\",\"author\":{\"@id\":\"https:\\\/\\\/ayto.mutxamel.org\\\/ca\\\/#\\\/schema\\\/person\\\/0a64c1c652c34ba957ddc1a83e56bbfa\"},\"breadcrumb\":{\"@id\":\"https:\\\/\\\/ayto.mutxamel.org\\\/ca\\\/presentacio-del-museu-de-patrimoni-hidraulic-de-mutxamel\\\/#breadcrumb\"},\"inLanguage\":\"ca\",\"potentialAction\":[{\"@type\":\"ReadAction\",\"target\":[\"https:\\\/\\\/ayto.mutxamel.org\\\/ca\\\/presentacio-del-museu-de-patrimoni-hidraulic-de-mutxamel\\\/\"]}]},{\"@type\":\"ImageObject\",\"inLanguage\":\"ca\",\"@id\":\"https:\\\/\\\/ayto.mutxamel.org\\\/ca\\\/presentacio-del-museu-de-patrimoni-hidraulic-de-mutxamel\\\/#primaryimage\",\"url\":\"\",\"contentUrl\":\"\"},{\"@type\":\"BreadcrumbList\",\"@id\":\"https:\\\/\\\/ayto.mutxamel.org\\\/ca\\\/presentacio-del-museu-de-patrimoni-hidraulic-de-mutxamel\\\/#breadcrumb\",\"itemListElement\":[{\"@type\":\"ListItem\",\"position\":1,\"name\":\"Portada\",\"item\":\"https:\\\/\\\/ayto.mutxamel.org\\\/ca\\\/\"},{\"@type\":\"ListItem\",\"position\":2,\"name\":\"PRESENTACI\u00d3 DEL MUSEU DE PATRIMONI HIDR\u00c0ULIC DE MUTXAMEL\"}]},{\"@type\":\"WebSite\",\"@id\":\"https:\\\/\\\/ayto.mutxamel.org\\\/ca\\\/#website\",\"url\":\"https:\\\/\\\/ayto.mutxamel.org\\\/ca\\\/\",\"name\":\"Ayuntamiento de Mutxamel\",\"description\":\"\",\"potentialAction\":[{\"@type\":\"SearchAction\",\"target\":{\"@type\":\"EntryPoint\",\"urlTemplate\":\"https:\\\/\\\/ayto.mutxamel.org\\\/ca\\\/?s={search_term_string}\"},\"query-input\":{\"@type\":\"PropertyValueSpecification\",\"valueRequired\":true,\"valueName\":\"search_term_string\"}}],\"inLanguage\":\"ca\"},{\"@type\":\"Person\",\"@id\":\"https:\\\/\\\/ayto.mutxamel.org\\\/ca\\\/#\\\/schema\\\/person\\\/0a64c1c652c34ba957ddc1a83e56bbfa\",\"name\":\"Ayuntamiento Mutxamel\",\"url\":\"https:\\\/\\\/ayto.mutxamel.org\\\/ca\\\/author\\\/ayuntamiento-mutxamel\\\/\"}]}<\/script>\n<!-- \/ Yoast SEO plugin. -->","yoast_head_json":{"title":"PRESENTACI\u00d3 DEL MUSEU DE PATRIMONI HIDR\u00c0ULIC DE MUTXAMEL - Ayuntamiento de Mutxamel","robots":{"index":"index","follow":"follow","max-snippet":"max-snippet:-1","max-image-preview":"max-image-preview:large","max-video-preview":"max-video-preview:-1"},"canonical":"https:\/\/ayto.mutxamel.org\/ca\/presentacio-del-museu-de-patrimoni-hidraulic-de-mutxamel\/","og_locale":"ca_ES","og_type":"article","og_title":"PRESENTACI\u00d3 DEL MUSEU DE PATRIMONI HIDR\u00c0ULIC DE MUTXAMEL - Ayuntamiento de Mutxamel","og_description":"20\/05\/2019 El passat 9 de maig a l&#8217;Auditori del Centre Social Jos\u00e9 Bernab\u00e9u Alberola, va tindre lloc la presentaci\u00f3 del Museu de Patrimoni Hidr\u00e0ulic de Mutxamel, un projecte que des de l&#8217;any 2016 va comen\u00e7ar amb la Universitat Polit\u00e8cnica de Val\u00e8ncia i&nbsp; que amb molt d&#8217;esfor\u00e7, treball i il\u00b7lusi\u00f3, des de la Regidoria de Cultura...","og_url":"https:\/\/ayto.mutxamel.org\/ca\/presentacio-del-museu-de-patrimoni-hidraulic-de-mutxamel\/","og_site_name":"Ayuntamiento de Mutxamel","article_published_time":"2019-05-20T05:01:28+00:00","article_modified_time":"2023-12-01T13:25:19+00:00","author":"Ayuntamiento Mutxamel","twitter_card":"summary_large_image","twitter_misc":{"Escrit per":"Ayuntamiento Mutxamel","Temps estimat de lectura":"2 minuts"},"schema":{"@context":"https:\/\/schema.org","@graph":[{"@type":"Article","@id":"https:\/\/ayto.mutxamel.org\/ca\/presentacio-del-museu-de-patrimoni-hidraulic-de-mutxamel\/#article","isPartOf":{"@id":"https:\/\/ayto.mutxamel.org\/ca\/presentacio-del-museu-de-patrimoni-hidraulic-de-mutxamel\/"},"author":{"name":"Ayuntamiento Mutxamel","@id":"https:\/\/ayto.mutxamel.org\/ca\/#\/schema\/person\/0a64c1c652c34ba957ddc1a83e56bbfa"},"headline":"PRESENTACI\u00d3 DEL MUSEU DE PATRIMONI HIDR\u00c0ULIC DE MUTXAMEL","datePublished":"2019-05-20T05:01:28+00:00","dateModified":"2023-12-01T13:25:19+00:00","mainEntityOfPage":{"@id":"https:\/\/ayto.mutxamel.org\/ca\/presentacio-del-museu-de-patrimoni-hidraulic-de-mutxamel\/"},"wordCount":419,"image":{"@id":"https:\/\/ayto.mutxamel.org\/ca\/presentacio-del-museu-de-patrimoni-hidraulic-de-mutxamel\/#primaryimage"},"thumbnailUrl":"","keywords":["Hemeroteca"],"articleSection":["Hemeroteca","Noticies"],"inLanguage":"ca"},{"@type":"WebPage","@id":"https:\/\/ayto.mutxamel.org\/ca\/presentacio-del-museu-de-patrimoni-hidraulic-de-mutxamel\/","url":"https:\/\/ayto.mutxamel.org\/ca\/presentacio-del-museu-de-patrimoni-hidraulic-de-mutxamel\/","name":"PRESENTACI\u00d3 DEL MUSEU DE PATRIMONI HIDR\u00c0ULIC DE MUTXAMEL - Ayuntamiento de Mutxamel","isPartOf":{"@id":"https:\/\/ayto.mutxamel.org\/ca\/#website"},"primaryImageOfPage":{"@id":"https:\/\/ayto.mutxamel.org\/ca\/presentacio-del-museu-de-patrimoni-hidraulic-de-mutxamel\/#primaryimage"},"image":{"@id":"https:\/\/ayto.mutxamel.org\/ca\/presentacio-del-museu-de-patrimoni-hidraulic-de-mutxamel\/#primaryimage"},"thumbnailUrl":"","datePublished":"2019-05-20T05:01:28+00:00","dateModified":"2023-12-01T13:25:19+00:00","author":{"@id":"https:\/\/ayto.mutxamel.org\/ca\/#\/schema\/person\/0a64c1c652c34ba957ddc1a83e56bbfa"},"breadcrumb":{"@id":"https:\/\/ayto.mutxamel.org\/ca\/presentacio-del-museu-de-patrimoni-hidraulic-de-mutxamel\/#breadcrumb"},"inLanguage":"ca","potentialAction":[{"@type":"ReadAction","target":["https:\/\/ayto.mutxamel.org\/ca\/presentacio-del-museu-de-patrimoni-hidraulic-de-mutxamel\/"]}]},{"@type":"ImageObject","inLanguage":"ca","@id":"https:\/\/ayto.mutxamel.org\/ca\/presentacio-del-museu-de-patrimoni-hidraulic-de-mutxamel\/#primaryimage","url":"","contentUrl":""},{"@type":"BreadcrumbList","@id":"https:\/\/ayto.mutxamel.org\/ca\/presentacio-del-museu-de-patrimoni-hidraulic-de-mutxamel\/#breadcrumb","itemListElement":[{"@type":"ListItem","position":1,"name":"Portada","item":"https:\/\/ayto.mutxamel.org\/ca\/"},{"@type":"ListItem","position":2,"name":"PRESENTACI\u00d3 DEL MUSEU DE PATRIMONI HIDR\u00c0ULIC DE MUTXAMEL"}]},{"@type":"WebSite","@id":"https:\/\/ayto.mutxamel.org\/ca\/#website","url":"https:\/\/ayto.mutxamel.org\/ca\/","name":"Ayuntamiento de Mutxamel","description":"","potentialAction":[{"@type":"SearchAction","target":{"@type":"EntryPoint","urlTemplate":"https:\/\/ayto.mutxamel.org\/ca\/?s={search_term_string}"},"query-input":{"@type":"PropertyValueSpecification","valueRequired":true,"valueName":"search_term_string"}}],"inLanguage":"ca"},{"@type":"Person","@id":"https:\/\/ayto.mutxamel.org\/ca\/#\/schema\/person\/0a64c1c652c34ba957ddc1a83e56bbfa","name":"Ayuntamiento Mutxamel","url":"https:\/\/ayto.mutxamel.org\/ca\/author\/ayuntamiento-mutxamel\/"}]}},"_links":{"self":[{"href":"https:\/\/ayto.mutxamel.org\/ca\/wp-json\/wp\/v2\/posts\/6013","targetHints":{"allow":["GET"]}}],"collection":[{"href":"https:\/\/ayto.mutxamel.org\/ca\/wp-json\/wp\/v2\/posts"}],"about":[{"href":"https:\/\/ayto.mutxamel.org\/ca\/wp-json\/wp\/v2\/types\/post"}],"author":[{"embeddable":true,"href":"https:\/\/ayto.mutxamel.org\/ca\/wp-json\/wp\/v2\/users\/5"}],"replies":[{"embeddable":true,"href":"https:\/\/ayto.mutxamel.org\/ca\/wp-json\/wp\/v2\/comments?post=6013"}],"version-history":[{"count":1,"href":"https:\/\/ayto.mutxamel.org\/ca\/wp-json\/wp\/v2\/posts\/6013\/revisions"}],"predecessor-version":[{"id":35659,"href":"https:\/\/ayto.mutxamel.org\/ca\/wp-json\/wp\/v2\/posts\/6013\/revisions\/35659"}],"wp:featuredmedia":[{"embeddable":true,"href":"https:\/\/ayto.mutxamel.org\/ca\/wp-json\/"}],"wp:attachment":[{"href":"https:\/\/ayto.mutxamel.org\/ca\/wp-json\/wp\/v2\/media?parent=6013"}],"wp:term":[{"taxonomy":"category","embeddable":true,"href":"https:\/\/ayto.mutxamel.org\/ca\/wp-json\/wp\/v2\/categories?post=6013"},{"taxonomy":"post_tag","embeddable":true,"href":"https:\/\/ayto.mutxamel.org\/ca\/wp-json\/wp\/v2\/tags?post=6013"}],"curies":[{"name":"wp","href":"https:\/\/api.w.org\/{rel}","templated":true}]}}