{"id":57291,"date":"2025-05-08T11:04:19","date_gmt":"2025-05-08T09:04:19","guid":{"rendered":"https:\/\/ayto.mutxamel.org\/activitats-esportives-municipals-estiu-2025\/"},"modified":"2025-05-12T08:02:00","modified_gmt":"2025-05-12T06:02:00","slug":"activitats-esportives-municipals-estiu-2025","status":"publish","type":"post","link":"https:\/\/ayto.mutxamel.org\/ca\/activitats-esportives-municipals-estiu-2025\/","title":{"rendered":"Activitats esportives municipals estiu 2025"},"content":{"rendered":"<p>S&#8217;aproxima l&#8217;estiu i amb ell, les <strong>Activitats Esportives Municipals d&#8217;Estiu 2025<\/strong>, organitzades per l&#8217;Ajuntament de Mutxamel. Esta edici\u00f3 comptar\u00e0 amb una \u00e0mplia programaci\u00f3 dirigida a tots els p\u00fablics, des de la inf\u00e0ncia fins a la tercera edat, amb opcions variades per a gaudir de l&#8217;esport durant l&#8217;\u00e8poca estival.<\/p>\n<h3>Per\u00edode de preinscripci\u00f3: del 7 al 13 de maig de 2025<\/h3>\n<p>La preinscripci\u00f3 podr\u00e0 realitzar-se <strong>de manera presencial o en l\u00ednia<\/strong>, sent imprescindible disposar de la <strong>Targeta de Ve\u00ed de Mutxamel (TVM)<\/strong> per a completar el proc\u00e9s.<\/p>\n<hr \/>\n<h3>Inscripcions presencials<\/h3>\n<p><strong>Tercera Edat \u2013 nom\u00e9s 7 de maig de 2025<\/strong><\/p>\n<ul>\n<li>Casal de la 3a Edat: de 9.00 a 13.00 h<\/li>\n<li>Poliesportiu Municipal Els Oms: de 17.00 a 20.45 h<\/li>\n<\/ul>\n<p><strong>Adults i xiquets\/as \u2013 dies 8, 9, 12 i 13 de maig de 2025<\/strong><\/p>\n<ul>\n<li>Poliesportiu Municipal Els Oms: de 9.00 a 13.00 h i de 17.00 a 20.45 h<\/li>\n<\/ul>\n<hr \/>\n<h3>Inscripci\u00f3 en l\u00ednia<\/h3>\n<p>Disponible a trav\u00e9s de la plataforma <strong>Reserves d&#8217;entrades i instal\u00b7lacions<\/strong> de l&#8217;Ajuntament, en el seg\u00fcent enlla\u00e7: <a href=\"https:\/\/dyc.mutxamel.org\/CronosWeb\/Login\">i2A-Cronos<\/a><\/p>\n<p><strong>Important:<\/strong> per a accedir, haur\u00e0s d&#8217;identificar-te amb els <strong>\u00faltims 5 d\u00edgits de la teua Targeta de Ve\u00ed de Mutxamel (TVM)<\/strong> i per a la contrasenya <strong>la clau de 5 n\u00fameros existent en la teua TVM.<\/strong><br \/>\nEn cas de problemes t\u00e8cnics amb targetes antigues, contacta amb l&#8217;Oficina Esportiva:<br \/>\nTel\u00e8fon: 965 952 328<br \/>\nCorreu electr\u00f2nic: oficinaesportiva@mutxamel.org<\/p>\n<hr \/>\n<h3>Sorteig de places<\/h3>\n<p>El 14 de maig de 2025 es realitzar\u00e0 el sorteig de places.<\/p>\n<p>El 19 de maig de 2025 es publicar\u00e0 el llistat d&#8217;admesos en el taul\u00f3 del Poliesportiu Municipal Els Oms i en la web municipal.<\/p>\n<hr \/>\n<h3>Oferta de places vacants<\/h3>\n<ul>\n<li>A partir del <strong>2 de juny de 2025<\/strong>: places vacants per a persones amb TVM (en el Poliesportiu Municipal Els Oms).<\/li>\n<li>A partir del <strong>10 de juny de 2025<\/strong>: inscripci\u00f3 oberta per a places restants.<\/li>\n<\/ul>\n<hr \/>\n<h3>Activitats programades<\/h3>\n<p><strong>Majors:<\/strong> nataci\u00f3, pilates, gimn\u00e0s, ioga i manteniment f\u00edsic.<br \/>\n<strong>Adults:<\/strong> bodyfit, ioga, tonificaci\u00f3, p\u00e0del, nataci\u00f3, entrenament funcional, aquatraining, sala de musculaci\u00f3, aiguagim i pilars.<br \/>\n<strong>Xiquets\/as:<\/strong> grups de nataci\u00f3 adaptats a les diferents edats.<\/p>\n<p>Per a con\u00e9ixer tots els <strong>horaris<\/strong>, detalls de preinscripci\u00f3 i el cat\u00e0leg complet d&#8217;activitats, accedix al seg\u00fcent apartat: <a href=\"https:\/\/ayto.mutxamel.org\/ca\/area\/esports\/activitats-esportives-i-escoles-municipals\/\">Activitats i Escoles Esportives Municipals<\/a><\/p>\n","protected":false},"excerpt":{"rendered":"<p>S&#8217;aproxima l&#8217;estiu i amb ell, les Activitats Esportives Municipals d&#8217;Estiu 2025, organitzades per l&#8217;Ajuntament de Mutxamel. Esta edici\u00f3 comptar\u00e0 amb una \u00e0mplia programaci\u00f3 dirigida a tots els p\u00fablics, des de la inf\u00e0ncia fins a la tercera edat, amb opcions variades per a gaudir de l&#8217;esport durant l&#8217;\u00e8poca estival. Per\u00edode de preinscripci\u00f3: del 7 al 13&#8230;<\/p>\n","protected":false},"author":11,"featured_media":57287,"comment_status":"closed","ping_status":"open","sticky":false,"template":"","format":"standard","meta":{"_acf_changed":false,"footnotes":""},"categories":[468,282],"tags":[],"class_list":["post-57291","post","type-post","status-publish","format-standard","has-post-thumbnail","hentry","category-esports","category-noticies"],"acf":[],"yoast_head":"<!-- This site is optimized with the Yoast SEO plugin v27.3 - https:\/\/yoast.com\/product\/yoast-seo-wordpress\/ -->\n<title>Activitats esportives municipals estiu 2025 - Ayuntamiento de Mutxamel<\/title>\n<meta name=\"robots\" content=\"index, follow, max-snippet:-1, max-image-preview:large, max-video-preview:-1\" \/>\n<link rel=\"canonical\" href=\"https:\/\/ayto.mutxamel.org\/ca\/activitats-esportives-municipals-estiu-2025\/\" \/>\n<meta property=\"og:locale\" content=\"ca_ES\" \/>\n<meta property=\"og:type\" content=\"article\" \/>\n<meta property=\"og:title\" content=\"Activitats esportives municipals estiu 2025 - Ayuntamiento de Mutxamel\" \/>\n<meta property=\"og:description\" content=\"S&#8217;aproxima l&#8217;estiu i amb ell, les Activitats Esportives Municipals d&#8217;Estiu 2025, organitzades per l&#8217;Ajuntament de Mutxamel. Esta edici\u00f3 comptar\u00e0 amb una \u00e0mplia programaci\u00f3 dirigida a tots els p\u00fablics, des de la inf\u00e0ncia fins a la tercera edat, amb opcions variades per a gaudir de l&#8217;esport durant l&#8217;\u00e8poca estival. Per\u00edode de preinscripci\u00f3: del 7 al 13...\" \/>\n<meta property=\"og:url\" content=\"https:\/\/ayto.mutxamel.org\/ca\/activitats-esportives-municipals-estiu-2025\/\" \/>\n<meta property=\"og:site_name\" content=\"Ayuntamiento de Mutxamel\" \/>\n<meta property=\"article:published_time\" content=\"2025-05-08T09:04:19+00:00\" \/>\n<meta property=\"article:modified_time\" content=\"2025-05-12T06:02:00+00:00\" \/>\n<meta property=\"og:image\" content=\"https:\/\/ayto.mutxamel.org\/wp-content\/uploads\/2025\/05\/CARTEL-VALENCIANO-scaled.jpg\" \/>\n\t<meta property=\"og:image:width\" content=\"1357\" \/>\n\t<meta property=\"og:image:height\" content=\"1920\" \/>\n\t<meta property=\"og:image:type\" content=\"image\/jpeg\" \/>\n<meta name=\"author\" content=\"GabCom Ayto Mutxamel\" \/>\n<meta name=\"twitter:card\" content=\"summary_large_image\" \/>\n<meta name=\"twitter:label1\" content=\"Escrit per\" \/>\n\t<meta name=\"twitter:data1\" content=\"GabCom Ayto Mutxamel\" \/>\n\t<meta name=\"twitter:label2\" content=\"Temps estimat de lectura\" \/>\n\t<meta name=\"twitter:data2\" content=\"2 minuts\" \/>\n<script type=\"application\/ld+json\" class=\"yoast-schema-graph\">{\"@context\":\"https:\\\/\\\/schema.org\",\"@graph\":[{\"@type\":\"Article\",\"@id\":\"https:\\\/\\\/ayto.mutxamel.org\\\/ca\\\/activitats-esportives-municipals-estiu-2025\\\/#article\",\"isPartOf\":{\"@id\":\"https:\\\/\\\/ayto.mutxamel.org\\\/ca\\\/activitats-esportives-municipals-estiu-2025\\\/\"},\"author\":{\"name\":\"GabCom Ayto Mutxamel\",\"@id\":\"https:\\\/\\\/ayto.mutxamel.org\\\/ca\\\/#\\\/schema\\\/person\\\/adadfeab92eb3aa311d61b9f6c07e481\"},\"headline\":\"Activitats esportives municipals estiu 2025\",\"datePublished\":\"2025-05-08T09:04:19+00:00\",\"dateModified\":\"2025-05-12T06:02:00+00:00\",\"mainEntityOfPage\":{\"@id\":\"https:\\\/\\\/ayto.mutxamel.org\\\/ca\\\/activitats-esportives-municipals-estiu-2025\\\/\"},\"wordCount\":362,\"image\":{\"@id\":\"https:\\\/\\\/ayto.mutxamel.org\\\/ca\\\/activitats-esportives-municipals-estiu-2025\\\/#primaryimage\"},\"thumbnailUrl\":\"https:\\\/\\\/ayto.mutxamel.org\\\/wp-content\\\/uploads\\\/2025\\\/05\\\/CARTEL-VALENCIANO-scaled.jpg\",\"articleSection\":[\"Esports\",\"Noticies\"],\"inLanguage\":\"ca\"},{\"@type\":\"WebPage\",\"@id\":\"https:\\\/\\\/ayto.mutxamel.org\\\/ca\\\/activitats-esportives-municipals-estiu-2025\\\/\",\"url\":\"https:\\\/\\\/ayto.mutxamel.org\\\/ca\\\/activitats-esportives-municipals-estiu-2025\\\/\",\"name\":\"Activitats esportives municipals estiu 2025 - Ayuntamiento de Mutxamel\",\"isPartOf\":{\"@id\":\"https:\\\/\\\/ayto.mutxamel.org\\\/ca\\\/#website\"},\"primaryImageOfPage\":{\"@id\":\"https:\\\/\\\/ayto.mutxamel.org\\\/ca\\\/activitats-esportives-municipals-estiu-2025\\\/#primaryimage\"},\"image\":{\"@id\":\"https:\\\/\\\/ayto.mutxamel.org\\\/ca\\\/activitats-esportives-municipals-estiu-2025\\\/#primaryimage\"},\"thumbnailUrl\":\"https:\\\/\\\/ayto.mutxamel.org\\\/wp-content\\\/uploads\\\/2025\\\/05\\\/CARTEL-VALENCIANO-scaled.jpg\",\"datePublished\":\"2025-05-08T09:04:19+00:00\",\"dateModified\":\"2025-05-12T06:02:00+00:00\",\"author\":{\"@id\":\"https:\\\/\\\/ayto.mutxamel.org\\\/ca\\\/#\\\/schema\\\/person\\\/adadfeab92eb3aa311d61b9f6c07e481\"},\"breadcrumb\":{\"@id\":\"https:\\\/\\\/ayto.mutxamel.org\\\/ca\\\/activitats-esportives-municipals-estiu-2025\\\/#breadcrumb\"},\"inLanguage\":\"ca\",\"potentialAction\":[{\"@type\":\"ReadAction\",\"target\":[\"https:\\\/\\\/ayto.mutxamel.org\\\/ca\\\/activitats-esportives-municipals-estiu-2025\\\/\"]}]},{\"@type\":\"ImageObject\",\"inLanguage\":\"ca\",\"@id\":\"https:\\\/\\\/ayto.mutxamel.org\\\/ca\\\/activitats-esportives-municipals-estiu-2025\\\/#primaryimage\",\"url\":\"https:\\\/\\\/ayto.mutxamel.org\\\/wp-content\\\/uploads\\\/2025\\\/05\\\/CARTEL-VALENCIANO-scaled.jpg\",\"contentUrl\":\"https:\\\/\\\/ayto.mutxamel.org\\\/wp-content\\\/uploads\\\/2025\\\/05\\\/CARTEL-VALENCIANO-scaled.jpg\",\"width\":1357,\"height\":1920},{\"@type\":\"BreadcrumbList\",\"@id\":\"https:\\\/\\\/ayto.mutxamel.org\\\/ca\\\/activitats-esportives-municipals-estiu-2025\\\/#breadcrumb\",\"itemListElement\":[{\"@type\":\"ListItem\",\"position\":1,\"name\":\"Portada\",\"item\":\"https:\\\/\\\/ayto.mutxamel.org\\\/ca\\\/\"},{\"@type\":\"ListItem\",\"position\":2,\"name\":\"Activitats esportives municipals estiu 2025\"}]},{\"@type\":\"WebSite\",\"@id\":\"https:\\\/\\\/ayto.mutxamel.org\\\/ca\\\/#website\",\"url\":\"https:\\\/\\\/ayto.mutxamel.org\\\/ca\\\/\",\"name\":\"Ayuntamiento de Mutxamel\",\"description\":\"\",\"potentialAction\":[{\"@type\":\"SearchAction\",\"target\":{\"@type\":\"EntryPoint\",\"urlTemplate\":\"https:\\\/\\\/ayto.mutxamel.org\\\/ca\\\/?s={search_term_string}\"},\"query-input\":{\"@type\":\"PropertyValueSpecification\",\"valueRequired\":true,\"valueName\":\"search_term_string\"}}],\"inLanguage\":\"ca\"},{\"@type\":\"Person\",\"@id\":\"https:\\\/\\\/ayto.mutxamel.org\\\/ca\\\/#\\\/schema\\\/person\\\/adadfeab92eb3aa311d61b9f6c07e481\",\"name\":\"GabCom Ayto Mutxamel\",\"url\":\"https:\\\/\\\/ayto.mutxamel.org\\\/ca\\\/author\\\/gabcom-ayto-mutxamel\\\/\"}]}<\/script>\n<!-- \/ Yoast SEO plugin. -->","yoast_head_json":{"title":"Activitats esportives municipals estiu 2025 - Ayuntamiento de Mutxamel","robots":{"index":"index","follow":"follow","max-snippet":"max-snippet:-1","max-image-preview":"max-image-preview:large","max-video-preview":"max-video-preview:-1"},"canonical":"https:\/\/ayto.mutxamel.org\/ca\/activitats-esportives-municipals-estiu-2025\/","og_locale":"ca_ES","og_type":"article","og_title":"Activitats esportives municipals estiu 2025 - Ayuntamiento de Mutxamel","og_description":"S&#8217;aproxima l&#8217;estiu i amb ell, les Activitats Esportives Municipals d&#8217;Estiu 2025, organitzades per l&#8217;Ajuntament de Mutxamel. Esta edici\u00f3 comptar\u00e0 amb una \u00e0mplia programaci\u00f3 dirigida a tots els p\u00fablics, des de la inf\u00e0ncia fins a la tercera edat, amb opcions variades per a gaudir de l&#8217;esport durant l&#8217;\u00e8poca estival. Per\u00edode de preinscripci\u00f3: del 7 al 13...","og_url":"https:\/\/ayto.mutxamel.org\/ca\/activitats-esportives-municipals-estiu-2025\/","og_site_name":"Ayuntamiento de Mutxamel","article_published_time":"2025-05-08T09:04:19+00:00","article_modified_time":"2025-05-12T06:02:00+00:00","og_image":[{"width":1357,"height":1920,"url":"https:\/\/ayto.mutxamel.org\/wp-content\/uploads\/2025\/05\/CARTEL-VALENCIANO-scaled.jpg","type":"image\/jpeg"}],"author":"GabCom Ayto Mutxamel","twitter_card":"summary_large_image","twitter_misc":{"Escrit per":"GabCom Ayto Mutxamel","Temps estimat de lectura":"2 minuts"},"schema":{"@context":"https:\/\/schema.org","@graph":[{"@type":"Article","@id":"https:\/\/ayto.mutxamel.org\/ca\/activitats-esportives-municipals-estiu-2025\/#article","isPartOf":{"@id":"https:\/\/ayto.mutxamel.org\/ca\/activitats-esportives-municipals-estiu-2025\/"},"author":{"name":"GabCom Ayto Mutxamel","@id":"https:\/\/ayto.mutxamel.org\/ca\/#\/schema\/person\/adadfeab92eb3aa311d61b9f6c07e481"},"headline":"Activitats esportives municipals estiu 2025","datePublished":"2025-05-08T09:04:19+00:00","dateModified":"2025-05-12T06:02:00+00:00","mainEntityOfPage":{"@id":"https:\/\/ayto.mutxamel.org\/ca\/activitats-esportives-municipals-estiu-2025\/"},"wordCount":362,"image":{"@id":"https:\/\/ayto.mutxamel.org\/ca\/activitats-esportives-municipals-estiu-2025\/#primaryimage"},"thumbnailUrl":"https:\/\/ayto.mutxamel.org\/wp-content\/uploads\/2025\/05\/CARTEL-VALENCIANO-scaled.jpg","articleSection":["Esports","Noticies"],"inLanguage":"ca"},{"@type":"WebPage","@id":"https:\/\/ayto.mutxamel.org\/ca\/activitats-esportives-municipals-estiu-2025\/","url":"https:\/\/ayto.mutxamel.org\/ca\/activitats-esportives-municipals-estiu-2025\/","name":"Activitats esportives municipals estiu 2025 - Ayuntamiento de Mutxamel","isPartOf":{"@id":"https:\/\/ayto.mutxamel.org\/ca\/#website"},"primaryImageOfPage":{"@id":"https:\/\/ayto.mutxamel.org\/ca\/activitats-esportives-municipals-estiu-2025\/#primaryimage"},"image":{"@id":"https:\/\/ayto.mutxamel.org\/ca\/activitats-esportives-municipals-estiu-2025\/#primaryimage"},"thumbnailUrl":"https:\/\/ayto.mutxamel.org\/wp-content\/uploads\/2025\/05\/CARTEL-VALENCIANO-scaled.jpg","datePublished":"2025-05-08T09:04:19+00:00","dateModified":"2025-05-12T06:02:00+00:00","author":{"@id":"https:\/\/ayto.mutxamel.org\/ca\/#\/schema\/person\/adadfeab92eb3aa311d61b9f6c07e481"},"breadcrumb":{"@id":"https:\/\/ayto.mutxamel.org\/ca\/activitats-esportives-municipals-estiu-2025\/#breadcrumb"},"inLanguage":"ca","potentialAction":[{"@type":"ReadAction","target":["https:\/\/ayto.mutxamel.org\/ca\/activitats-esportives-municipals-estiu-2025\/"]}]},{"@type":"ImageObject","inLanguage":"ca","@id":"https:\/\/ayto.mutxamel.org\/ca\/activitats-esportives-municipals-estiu-2025\/#primaryimage","url":"https:\/\/ayto.mutxamel.org\/wp-content\/uploads\/2025\/05\/CARTEL-VALENCIANO-scaled.jpg","contentUrl":"https:\/\/ayto.mutxamel.org\/wp-content\/uploads\/2025\/05\/CARTEL-VALENCIANO-scaled.jpg","width":1357,"height":1920},{"@type":"BreadcrumbList","@id":"https:\/\/ayto.mutxamel.org\/ca\/activitats-esportives-municipals-estiu-2025\/#breadcrumb","itemListElement":[{"@type":"ListItem","position":1,"name":"Portada","item":"https:\/\/ayto.mutxamel.org\/ca\/"},{"@type":"ListItem","position":2,"name":"Activitats esportives municipals estiu 2025"}]},{"@type":"WebSite","@id":"https:\/\/ayto.mutxamel.org\/ca\/#website","url":"https:\/\/ayto.mutxamel.org\/ca\/","name":"Ayuntamiento de Mutxamel","description":"","potentialAction":[{"@type":"SearchAction","target":{"@type":"EntryPoint","urlTemplate":"https:\/\/ayto.mutxamel.org\/ca\/?s={search_term_string}"},"query-input":{"@type":"PropertyValueSpecification","valueRequired":true,"valueName":"search_term_string"}}],"inLanguage":"ca"},{"@type":"Person","@id":"https:\/\/ayto.mutxamel.org\/ca\/#\/schema\/person\/adadfeab92eb3aa311d61b9f6c07e481","name":"GabCom Ayto Mutxamel","url":"https:\/\/ayto.mutxamel.org\/ca\/author\/gabcom-ayto-mutxamel\/"}]}},"_links":{"self":[{"href":"https:\/\/ayto.mutxamel.org\/ca\/wp-json\/wp\/v2\/posts\/57291","targetHints":{"allow":["GET"]}}],"collection":[{"href":"https:\/\/ayto.mutxamel.org\/ca\/wp-json\/wp\/v2\/posts"}],"about":[{"href":"https:\/\/ayto.mutxamel.org\/ca\/wp-json\/wp\/v2\/types\/post"}],"author":[{"embeddable":true,"href":"https:\/\/ayto.mutxamel.org\/ca\/wp-json\/wp\/v2\/users\/11"}],"replies":[{"embeddable":true,"href":"https:\/\/ayto.mutxamel.org\/ca\/wp-json\/wp\/v2\/comments?post=57291"}],"version-history":[{"count":4,"href":"https:\/\/ayto.mutxamel.org\/ca\/wp-json\/wp\/v2\/posts\/57291\/revisions"}],"predecessor-version":[{"id":57333,"href":"https:\/\/ayto.mutxamel.org\/ca\/wp-json\/wp\/v2\/posts\/57291\/revisions\/57333"}],"wp:featuredmedia":[{"embeddable":true,"href":"https:\/\/ayto.mutxamel.org\/ca\/wp-json\/wp\/v2\/media\/57287"}],"wp:attachment":[{"href":"https:\/\/ayto.mutxamel.org\/ca\/wp-json\/wp\/v2\/media?parent=57291"}],"wp:term":[{"taxonomy":"category","embeddable":true,"href":"https:\/\/ayto.mutxamel.org\/ca\/wp-json\/wp\/v2\/categories?post=57291"},{"taxonomy":"post_tag","embeddable":true,"href":"https:\/\/ayto.mutxamel.org\/ca\/wp-json\/wp\/v2\/tags?post=57291"}],"curies":[{"name":"wp","href":"https:\/\/api.w.org\/{rel}","templated":true}]}}