{"id":56626,"date":"2025-04-22T17:00:53","date_gmt":"2025-04-22T15:00:53","guid":{"rendered":"https:\/\/ayto.mutxamel.org\/?p=56626"},"modified":"2025-04-22T17:00:53","modified_gmt":"2025-04-22T15:00:53","slug":"mutxamel-en-dansa-transforma-el-municipi-en-un-gran-escenari","status":"publish","type":"post","link":"https:\/\/ayto.mutxamel.org\/ca\/mutxamel-en-dansa-transforma-el-municipi-en-un-gran-escenari\/","title":{"rendered":"\u2018Mutxamel en Dansa\u2019 transforma el municipi en un gran escenari"},"content":{"rendered":"<p>Mutxamel, 22 d\u2019abril de 2025<\/p>\n<p><strong>El certamen, compleix la seua tretzena edici\u00f3, amb un imponent cartell que del 9 al 17 de maig oferir\u00e0 actuacions de diverses disciplines i alt nivell en espais distingits del municipi<\/strong><\/p>\n<p>Mutxamel celebra una nova edici\u00f3 de \u201cMutxamel en Dansa\u201d, un certamen molt esperat en l&#8217;agenda cultural provincial que del 9 al 17 de maig convertir\u00e0 els carrers i espais culturals de la localitat en una gran coreografia viva. El cicle, organitzat des de la regidoria de Cultura, reuneix en la seua tretzena edici\u00f3 companyies de prestigi i acad\u00e8mies locals en una aposta ferma per la creaci\u00f3 esc\u00e8nica, el talent emergent i la cultura com a eina de connexi\u00f3 amb la ciutadania.<\/p>\n<p>El festival arranca el divendres 9 de maig a les 20.30 hores amb la pe\u00e7a \u201cC\u00e8l\u00b7lula\u201d, de la \u2018Companyia Subcielo\u2019, en un espai tan singular com la Torre Campanar de l&#8217;Esgl\u00e9sia El Salvador. Es tracta d&#8217;una performance a\u00e8ria d\u2019acro-dansa que transforma l&#8217;espai i desafia la gravetat amb una coreografia sobre l&#8217;amor, la separaci\u00f3 i la transformaci\u00f3. Un tango en la paret on dos cossos emergeixen d&#8217;una c\u00e8l\u00b7lula comuna per a retrobar-se amb noves pells i maneres d&#8217;estimar, en una obra que combina risc f\u00edsic, poesia visual i simbolisme emocional. L&#8217;actuaci\u00f3 estar\u00e0 acompanyada de m\u00fasica en viu de la m\u00e0 de la violoncel\u00b7lista mutxamelera Ver\u00f3nica Rubio.<\/p>\n<p>El dissabte 10 de maig, el festival es trasllada a l&#8217;entorn urb\u00e0 amb una jornada matinal en la *Pla\u00e7a del *Mercat, una ubicaci\u00f3 privilegiada en la qual a partir de les 12.00 hores, actuaran diferents companyies del municipi; Ballet Gisela Comins, Ballet Ver\u00f3nica Perell\u00f3, Acad\u00e8mia Jos\u00e9 Soriano i Narac\u00e9, mostrant el potencial art\u00edstic de les escoles locals i la connexi\u00f3 amb la comunitat.<\/p>\n<p>A la nit, a les 20.00 hores a l&#8217;Auditori de la Casa de Cultura, es presentar\u00e0 \u201cAl\u00b7legoria 2.0\u201d, el nou treball de la Companyia Jos\u00e9 Soriano. Aquest espectacle ofereix una mirada contempor\u00e0nia a la dansa espanyola, reivindicant el cos com a portador del llegat cultural a trav\u00e9s d&#8217;una posada en escena que dialoga amb les noves tend\u00e8ncies. L&#8217;espectacle conserva l&#8217;ess\u00e8ncia del folklore i el patrimoni immaterial, per\u00f2 s&#8217;obri a l&#8217;evoluci\u00f3 natural de l&#8217;art i la seua capacitat d&#8217;adaptaci\u00f3. Una experi\u00e8ncia art\u00edstica que celebra les arrels i la identitat des d&#8217;un llenguatge coreogr\u00e0fic vibrant i actual. Les entrades per a aquest espectacle tenen un cost de 12 euros i poden adquirir-se en <a href=\"http:\/\/www.dentralia.com\">www.dentralia.com<\/a>.<\/p>\n<p>El fermall final el posar\u00e0 el dissabte 17 de maig a les 20:*00h, tamb\u00e9 a l&#8217;Auditori de la Casa de Cultura, la Companyia A3 Dansa amb \u201cRenaissance\u201d, una obra que aprofundeix en el viatge interior de l&#8217;heroi que, despr\u00e9s de caure en la foscor, troba en la seua inf\u00e0ncia els valors m\u00e9s purs per a ren\u00e0ixer. Fusionant dansa neocl\u00e0ssica, espanyola i contempor\u00e0nia, *Renaissance construeix un relat sobre les pors, l&#8217;esperan\u00e7a i l&#8217;anhel de felicitat.<\/p>\n<p>L&#8217;<strong>edil de Cultura, Maria Loreto Riera<\/strong>, ha destacat la import\u00e0ncia d&#8217;aquesta mena de propostes culturals com a <em>\u201ceines essencials per a acostar l&#8217;art i la creativitat a tota la ciutadania, generar espais de trobada i fomentar el talent local i professional. La dansa t\u00e9 una capacitat \u00fanica per a connectar amb les emocions, contar hist\u00f2ries i provocar reflexi\u00f3. Amb \u2018Mutxamel en Dansa\u2019 continuem consolidant un projecte que creix cada any, no sols en programaci\u00f3, sin\u00f3 tamb\u00e9 en implicaci\u00f3 ciutadana i en qualitat art\u00edstica\u201d. Aix\u00ed mateix, ha subratllat que \u201cla combinaci\u00f3 d&#8217;espectacles innovadors i la participaci\u00f3 de les nostres acad\u00e8mies locals \u00e9s una mostra del comprom\u00eds que des de l&#8217;Ajuntament tenim amb la cultura com a motor d&#8217;identitat, desenvolupament i cohesi\u00f3 social\u201d.<\/em><\/p>\n<p>Per part seua, <strong>l&#8217;alcalde de Mutxamel, Rafael Garc\u00eda Berenguer<\/strong> ha subratllat que <em>\u201ciniciatives com Mutxamel en Dansa reflecteixen el ferm comprom\u00eds del municipi amb la cultura de qualitat, accessible i viva, com a element clau en el desenvolupament social i en la projecci\u00f3 del municipi com a referent cultural a la prov\u00edncia. Aquest certamen no sols enriqueix la nostra agenda cultural, sin\u00f3 que converteix els nostres espais p\u00fablics i culturals en escenaris oberts al talent, a l&#8217;art i a la participaci\u00f3 ciutadana. \u00c9s una mostra de com la cultura pot transformar, emocionar i unir a tota una comunitat\u201d, ha afirmat el primer edil. Garc\u00eda Berenguer tamb\u00e9 ha volgut destacar el valor simb\u00f2lic d&#8217;aquesta edici\u00f3 \u201capostem per una programaci\u00f3 diversa, contempor\u00e0nia i arrelada en les nostres tradicions, que representa molt b\u00e9 la identitat plural i din\u00e0mica de Mutxamel i a m\u00e9s ofereix l&#8217;oportunitat a la ciutadania de gaudir de l&#8217;esplendor de la dansa en espais \u00fanics i referents patrimonials com \u00e9s el cas de la Torre Defensa de la nostra Esgl\u00e9sia\u201d.<\/em><\/p>\n<p><strong>Gabinet de Comunicaci\u00f3 Ajuntament de Mutxamel<\/strong><\/p>\n","protected":false},"excerpt":{"rendered":"<p>Mutxamel, 22 d\u2019abril de 2025 El certamen, compleix la seua tretzena edici\u00f3, amb un imponent cartell que del 9 al 17 de maig oferir\u00e0 actuacions de diverses disciplines i alt nivell en espais distingits del municipi Mutxamel celebra una nova edici\u00f3 de \u201cMutxamel en Dansa\u201d, un certamen molt esperat en l&#8217;agenda cultural provincial que del&#8230;<\/p>\n","protected":false},"author":11,"featured_media":56624,"comment_status":"closed","ping_status":"open","sticky":false,"template":"","format":"standard","meta":{"_acf_changed":false,"footnotes":""},"categories":[464,467,432,282],"tags":[],"class_list":["post-56626","post","type-post","status-publish","format-standard","has-post-thumbnail","hentry","category-comunicacio","category-cultura-ca","category-notes-de-premsa","category-noticies"],"acf":[],"yoast_head":"<!-- This site is optimized with the Yoast SEO plugin v27.3 - https:\/\/yoast.com\/product\/yoast-seo-wordpress\/ -->\n<title>\u2018Mutxamel en Dansa\u2019 transforma el municipi en un gran escenari - Ayuntamiento de Mutxamel<\/title>\n<meta name=\"robots\" content=\"index, follow, max-snippet:-1, max-image-preview:large, max-video-preview:-1\" \/>\n<link rel=\"canonical\" href=\"https:\/\/ayto.mutxamel.org\/ca\/mutxamel-en-dansa-transforma-el-municipi-en-un-gran-escenari\/\" \/>\n<meta property=\"og:locale\" content=\"ca_ES\" \/>\n<meta property=\"og:type\" content=\"article\" \/>\n<meta property=\"og:title\" content=\"\u2018Mutxamel en Dansa\u2019 transforma el municipi en un gran escenari - Ayuntamiento de Mutxamel\" \/>\n<meta property=\"og:description\" content=\"Mutxamel, 22 d\u2019abril de 2025 El certamen, compleix la seua tretzena edici\u00f3, amb un imponent cartell que del 9 al 17 de maig oferir\u00e0 actuacions de diverses disciplines i alt nivell en espais distingits del municipi Mutxamel celebra una nova edici\u00f3 de \u201cMutxamel en Dansa\u201d, un certamen molt esperat en l&#8217;agenda cultural provincial que del...\" \/>\n<meta property=\"og:url\" content=\"https:\/\/ayto.mutxamel.org\/ca\/mutxamel-en-dansa-transforma-el-municipi-en-un-gran-escenari\/\" \/>\n<meta property=\"og:site_name\" content=\"Ayuntamiento de Mutxamel\" \/>\n<meta property=\"article:published_time\" content=\"2025-04-22T15:00:53+00:00\" \/>\n<meta property=\"og:image\" content=\"https:\/\/ayto.mutxamel.org\/wp-content\/uploads\/2025\/04\/Mutxamel-en-danza-JPG-scaled.jpg\" \/>\n\t<meta property=\"og:image:width\" content=\"1358\" \/>\n\t<meta property=\"og:image:height\" content=\"1920\" \/>\n\t<meta property=\"og:image:type\" content=\"image\/jpeg\" \/>\n<meta name=\"author\" content=\"GabCom Ayto Mutxamel\" \/>\n<meta name=\"twitter:card\" content=\"summary_large_image\" \/>\n<meta name=\"twitter:label1\" content=\"Escrit per\" \/>\n\t<meta name=\"twitter:data1\" content=\"GabCom Ayto Mutxamel\" \/>\n\t<meta name=\"twitter:label2\" content=\"Temps estimat de lectura\" \/>\n\t<meta name=\"twitter:data2\" content=\"4 minuts\" \/>\n<script type=\"application\/ld+json\" class=\"yoast-schema-graph\">{\"@context\":\"https:\\\/\\\/schema.org\",\"@graph\":[{\"@type\":\"Article\",\"@id\":\"https:\\\/\\\/ayto.mutxamel.org\\\/ca\\\/mutxamel-en-dansa-transforma-el-municipi-en-un-gran-escenari\\\/#article\",\"isPartOf\":{\"@id\":\"https:\\\/\\\/ayto.mutxamel.org\\\/ca\\\/mutxamel-en-dansa-transforma-el-municipi-en-un-gran-escenari\\\/\"},\"author\":{\"name\":\"GabCom Ayto Mutxamel\",\"@id\":\"https:\\\/\\\/ayto.mutxamel.org\\\/ca\\\/#\\\/schema\\\/person\\\/adadfeab92eb3aa311d61b9f6c07e481\"},\"headline\":\"\u2018Mutxamel en Dansa\u2019 transforma el municipi en un gran escenari\",\"datePublished\":\"2025-04-22T15:00:53+00:00\",\"mainEntityOfPage\":{\"@id\":\"https:\\\/\\\/ayto.mutxamel.org\\\/ca\\\/mutxamel-en-dansa-transforma-el-municipi-en-un-gran-escenari\\\/\"},\"wordCount\":848,\"image\":{\"@id\":\"https:\\\/\\\/ayto.mutxamel.org\\\/ca\\\/mutxamel-en-dansa-transforma-el-municipi-en-un-gran-escenari\\\/#primaryimage\"},\"thumbnailUrl\":\"https:\\\/\\\/ayto.mutxamel.org\\\/wp-content\\\/uploads\\\/2025\\\/04\\\/Mutxamel-en-danza-JPG-scaled.jpg\",\"articleSection\":[\"Comunicaci\u00f3\",\"Cultura\",\"Notes de premsa\",\"Noticies\"],\"inLanguage\":\"ca\"},{\"@type\":\"WebPage\",\"@id\":\"https:\\\/\\\/ayto.mutxamel.org\\\/ca\\\/mutxamel-en-dansa-transforma-el-municipi-en-un-gran-escenari\\\/\",\"url\":\"https:\\\/\\\/ayto.mutxamel.org\\\/ca\\\/mutxamel-en-dansa-transforma-el-municipi-en-un-gran-escenari\\\/\",\"name\":\"\u2018Mutxamel en Dansa\u2019 transforma el municipi en un gran escenari - Ayuntamiento de Mutxamel\",\"isPartOf\":{\"@id\":\"https:\\\/\\\/ayto.mutxamel.org\\\/ca\\\/#website\"},\"primaryImageOfPage\":{\"@id\":\"https:\\\/\\\/ayto.mutxamel.org\\\/ca\\\/mutxamel-en-dansa-transforma-el-municipi-en-un-gran-escenari\\\/#primaryimage\"},\"image\":{\"@id\":\"https:\\\/\\\/ayto.mutxamel.org\\\/ca\\\/mutxamel-en-dansa-transforma-el-municipi-en-un-gran-escenari\\\/#primaryimage\"},\"thumbnailUrl\":\"https:\\\/\\\/ayto.mutxamel.org\\\/wp-content\\\/uploads\\\/2025\\\/04\\\/Mutxamel-en-danza-JPG-scaled.jpg\",\"datePublished\":\"2025-04-22T15:00:53+00:00\",\"author\":{\"@id\":\"https:\\\/\\\/ayto.mutxamel.org\\\/ca\\\/#\\\/schema\\\/person\\\/adadfeab92eb3aa311d61b9f6c07e481\"},\"breadcrumb\":{\"@id\":\"https:\\\/\\\/ayto.mutxamel.org\\\/ca\\\/mutxamel-en-dansa-transforma-el-municipi-en-un-gran-escenari\\\/#breadcrumb\"},\"inLanguage\":\"ca\",\"potentialAction\":[{\"@type\":\"ReadAction\",\"target\":[\"https:\\\/\\\/ayto.mutxamel.org\\\/ca\\\/mutxamel-en-dansa-transforma-el-municipi-en-un-gran-escenari\\\/\"]}]},{\"@type\":\"ImageObject\",\"inLanguage\":\"ca\",\"@id\":\"https:\\\/\\\/ayto.mutxamel.org\\\/ca\\\/mutxamel-en-dansa-transforma-el-municipi-en-un-gran-escenari\\\/#primaryimage\",\"url\":\"https:\\\/\\\/ayto.mutxamel.org\\\/wp-content\\\/uploads\\\/2025\\\/04\\\/Mutxamel-en-danza-JPG-scaled.jpg\",\"contentUrl\":\"https:\\\/\\\/ayto.mutxamel.org\\\/wp-content\\\/uploads\\\/2025\\\/04\\\/Mutxamel-en-danza-JPG-scaled.jpg\",\"width\":1358,\"height\":1920,\"caption\":\"mutxamel danza 2025\"},{\"@type\":\"BreadcrumbList\",\"@id\":\"https:\\\/\\\/ayto.mutxamel.org\\\/ca\\\/mutxamel-en-dansa-transforma-el-municipi-en-un-gran-escenari\\\/#breadcrumb\",\"itemListElement\":[{\"@type\":\"ListItem\",\"position\":1,\"name\":\"Portada\",\"item\":\"https:\\\/\\\/ayto.mutxamel.org\\\/ca\\\/\"},{\"@type\":\"ListItem\",\"position\":2,\"name\":\"\u2018Mutxamel en Dansa\u2019 transforma el municipi en un gran escenari\"}]},{\"@type\":\"WebSite\",\"@id\":\"https:\\\/\\\/ayto.mutxamel.org\\\/ca\\\/#website\",\"url\":\"https:\\\/\\\/ayto.mutxamel.org\\\/ca\\\/\",\"name\":\"Ayuntamiento de Mutxamel\",\"description\":\"\",\"potentialAction\":[{\"@type\":\"SearchAction\",\"target\":{\"@type\":\"EntryPoint\",\"urlTemplate\":\"https:\\\/\\\/ayto.mutxamel.org\\\/ca\\\/?s={search_term_string}\"},\"query-input\":{\"@type\":\"PropertyValueSpecification\",\"valueRequired\":true,\"valueName\":\"search_term_string\"}}],\"inLanguage\":\"ca\"},{\"@type\":\"Person\",\"@id\":\"https:\\\/\\\/ayto.mutxamel.org\\\/ca\\\/#\\\/schema\\\/person\\\/adadfeab92eb3aa311d61b9f6c07e481\",\"name\":\"GabCom Ayto Mutxamel\",\"url\":\"https:\\\/\\\/ayto.mutxamel.org\\\/ca\\\/author\\\/gabcom-ayto-mutxamel\\\/\"}]}<\/script>\n<!-- \/ Yoast SEO plugin. -->","yoast_head_json":{"title":"\u2018Mutxamel en Dansa\u2019 transforma el municipi en un gran escenari - Ayuntamiento de Mutxamel","robots":{"index":"index","follow":"follow","max-snippet":"max-snippet:-1","max-image-preview":"max-image-preview:large","max-video-preview":"max-video-preview:-1"},"canonical":"https:\/\/ayto.mutxamel.org\/ca\/mutxamel-en-dansa-transforma-el-municipi-en-un-gran-escenari\/","og_locale":"ca_ES","og_type":"article","og_title":"\u2018Mutxamel en Dansa\u2019 transforma el municipi en un gran escenari - Ayuntamiento de Mutxamel","og_description":"Mutxamel, 22 d\u2019abril de 2025 El certamen, compleix la seua tretzena edici\u00f3, amb un imponent cartell que del 9 al 17 de maig oferir\u00e0 actuacions de diverses disciplines i alt nivell en espais distingits del municipi Mutxamel celebra una nova edici\u00f3 de \u201cMutxamel en Dansa\u201d, un certamen molt esperat en l&#8217;agenda cultural provincial que del...","og_url":"https:\/\/ayto.mutxamel.org\/ca\/mutxamel-en-dansa-transforma-el-municipi-en-un-gran-escenari\/","og_site_name":"Ayuntamiento de Mutxamel","article_published_time":"2025-04-22T15:00:53+00:00","og_image":[{"width":1358,"height":1920,"url":"https:\/\/ayto.mutxamel.org\/wp-content\/uploads\/2025\/04\/Mutxamel-en-danza-JPG-scaled.jpg","type":"image\/jpeg"}],"author":"GabCom Ayto Mutxamel","twitter_card":"summary_large_image","twitter_misc":{"Escrit per":"GabCom Ayto Mutxamel","Temps estimat de lectura":"4 minuts"},"schema":{"@context":"https:\/\/schema.org","@graph":[{"@type":"Article","@id":"https:\/\/ayto.mutxamel.org\/ca\/mutxamel-en-dansa-transforma-el-municipi-en-un-gran-escenari\/#article","isPartOf":{"@id":"https:\/\/ayto.mutxamel.org\/ca\/mutxamel-en-dansa-transforma-el-municipi-en-un-gran-escenari\/"},"author":{"name":"GabCom Ayto Mutxamel","@id":"https:\/\/ayto.mutxamel.org\/ca\/#\/schema\/person\/adadfeab92eb3aa311d61b9f6c07e481"},"headline":"\u2018Mutxamel en Dansa\u2019 transforma el municipi en un gran escenari","datePublished":"2025-04-22T15:00:53+00:00","mainEntityOfPage":{"@id":"https:\/\/ayto.mutxamel.org\/ca\/mutxamel-en-dansa-transforma-el-municipi-en-un-gran-escenari\/"},"wordCount":848,"image":{"@id":"https:\/\/ayto.mutxamel.org\/ca\/mutxamel-en-dansa-transforma-el-municipi-en-un-gran-escenari\/#primaryimage"},"thumbnailUrl":"https:\/\/ayto.mutxamel.org\/wp-content\/uploads\/2025\/04\/Mutxamel-en-danza-JPG-scaled.jpg","articleSection":["Comunicaci\u00f3","Cultura","Notes de premsa","Noticies"],"inLanguage":"ca"},{"@type":"WebPage","@id":"https:\/\/ayto.mutxamel.org\/ca\/mutxamel-en-dansa-transforma-el-municipi-en-un-gran-escenari\/","url":"https:\/\/ayto.mutxamel.org\/ca\/mutxamel-en-dansa-transforma-el-municipi-en-un-gran-escenari\/","name":"\u2018Mutxamel en Dansa\u2019 transforma el municipi en un gran escenari - Ayuntamiento de Mutxamel","isPartOf":{"@id":"https:\/\/ayto.mutxamel.org\/ca\/#website"},"primaryImageOfPage":{"@id":"https:\/\/ayto.mutxamel.org\/ca\/mutxamel-en-dansa-transforma-el-municipi-en-un-gran-escenari\/#primaryimage"},"image":{"@id":"https:\/\/ayto.mutxamel.org\/ca\/mutxamel-en-dansa-transforma-el-municipi-en-un-gran-escenari\/#primaryimage"},"thumbnailUrl":"https:\/\/ayto.mutxamel.org\/wp-content\/uploads\/2025\/04\/Mutxamel-en-danza-JPG-scaled.jpg","datePublished":"2025-04-22T15:00:53+00:00","author":{"@id":"https:\/\/ayto.mutxamel.org\/ca\/#\/schema\/person\/adadfeab92eb3aa311d61b9f6c07e481"},"breadcrumb":{"@id":"https:\/\/ayto.mutxamel.org\/ca\/mutxamel-en-dansa-transforma-el-municipi-en-un-gran-escenari\/#breadcrumb"},"inLanguage":"ca","potentialAction":[{"@type":"ReadAction","target":["https:\/\/ayto.mutxamel.org\/ca\/mutxamel-en-dansa-transforma-el-municipi-en-un-gran-escenari\/"]}]},{"@type":"ImageObject","inLanguage":"ca","@id":"https:\/\/ayto.mutxamel.org\/ca\/mutxamel-en-dansa-transforma-el-municipi-en-un-gran-escenari\/#primaryimage","url":"https:\/\/ayto.mutxamel.org\/wp-content\/uploads\/2025\/04\/Mutxamel-en-danza-JPG-scaled.jpg","contentUrl":"https:\/\/ayto.mutxamel.org\/wp-content\/uploads\/2025\/04\/Mutxamel-en-danza-JPG-scaled.jpg","width":1358,"height":1920,"caption":"mutxamel danza 2025"},{"@type":"BreadcrumbList","@id":"https:\/\/ayto.mutxamel.org\/ca\/mutxamel-en-dansa-transforma-el-municipi-en-un-gran-escenari\/#breadcrumb","itemListElement":[{"@type":"ListItem","position":1,"name":"Portada","item":"https:\/\/ayto.mutxamel.org\/ca\/"},{"@type":"ListItem","position":2,"name":"\u2018Mutxamel en Dansa\u2019 transforma el municipi en un gran escenari"}]},{"@type":"WebSite","@id":"https:\/\/ayto.mutxamel.org\/ca\/#website","url":"https:\/\/ayto.mutxamel.org\/ca\/","name":"Ayuntamiento de Mutxamel","description":"","potentialAction":[{"@type":"SearchAction","target":{"@type":"EntryPoint","urlTemplate":"https:\/\/ayto.mutxamel.org\/ca\/?s={search_term_string}"},"query-input":{"@type":"PropertyValueSpecification","valueRequired":true,"valueName":"search_term_string"}}],"inLanguage":"ca"},{"@type":"Person","@id":"https:\/\/ayto.mutxamel.org\/ca\/#\/schema\/person\/adadfeab92eb3aa311d61b9f6c07e481","name":"GabCom Ayto Mutxamel","url":"https:\/\/ayto.mutxamel.org\/ca\/author\/gabcom-ayto-mutxamel\/"}]}},"_links":{"self":[{"href":"https:\/\/ayto.mutxamel.org\/ca\/wp-json\/wp\/v2\/posts\/56626","targetHints":{"allow":["GET"]}}],"collection":[{"href":"https:\/\/ayto.mutxamel.org\/ca\/wp-json\/wp\/v2\/posts"}],"about":[{"href":"https:\/\/ayto.mutxamel.org\/ca\/wp-json\/wp\/v2\/types\/post"}],"author":[{"embeddable":true,"href":"https:\/\/ayto.mutxamel.org\/ca\/wp-json\/wp\/v2\/users\/11"}],"replies":[{"embeddable":true,"href":"https:\/\/ayto.mutxamel.org\/ca\/wp-json\/wp\/v2\/comments?post=56626"}],"version-history":[{"count":1,"href":"https:\/\/ayto.mutxamel.org\/ca\/wp-json\/wp\/v2\/posts\/56626\/revisions"}],"predecessor-version":[{"id":56627,"href":"https:\/\/ayto.mutxamel.org\/ca\/wp-json\/wp\/v2\/posts\/56626\/revisions\/56627"}],"wp:featuredmedia":[{"embeddable":true,"href":"https:\/\/ayto.mutxamel.org\/ca\/wp-json\/wp\/v2\/media\/56624"}],"wp:attachment":[{"href":"https:\/\/ayto.mutxamel.org\/ca\/wp-json\/wp\/v2\/media?parent=56626"}],"wp:term":[{"taxonomy":"category","embeddable":true,"href":"https:\/\/ayto.mutxamel.org\/ca\/wp-json\/wp\/v2\/categories?post=56626"},{"taxonomy":"post_tag","embeddable":true,"href":"https:\/\/ayto.mutxamel.org\/ca\/wp-json\/wp\/v2\/tags?post=56626"}],"curies":[{"name":"wp","href":"https:\/\/api.w.org\/{rel}","templated":true}]}}