{"id":56621,"date":"2025-04-22T12:58:46","date_gmt":"2025-04-22T10:58:46","guid":{"rendered":"https:\/\/ayto.mutxamel.org\/nova-oficina-de-recollida-de-residus-i-neteja-viaria-a-mutxamel\/"},"modified":"2025-04-22T12:58:46","modified_gmt":"2025-04-22T10:58:46","slug":"nova-oficina-de-recollida-de-residus-i-neteja-viaria-a-mutxamel","status":"publish","type":"post","link":"https:\/\/ayto.mutxamel.org\/ca\/nova-oficina-de-recollida-de-residus-i-neteja-viaria-a-mutxamel\/","title":{"rendered":"Nova oficina de recollida de residus i neteja vi\u00e0ria a Mutxamel"},"content":{"rendered":"<p>Ens complau anunciar l&#8217;obertura de la nostra nova oficina a Mutxamel, un espai dedicat a millorar la gesti\u00f3 de residus i la neteja vi\u00e0ria en el nostre municipi.<\/p>\n<p>Ac\u00ed podr\u00e0s:<\/p>\n<ul>\n<li>Comunicar incid\u00e8ncies relacionades amb la neteja.<\/li>\n<li>Trencament o mal funcionament de contenidors, etc.<\/li>\n<li>Sol\u00b7licitar la recollida de poda (en el cas d&#8217;urbanitzacions amb entrada \u00fanica la poda es deixar\u00e0 en l&#8217;entrada de la mateixa NO S&#8217;ENTRA DINS DE CAP URBANIZACION PRIVADA)<\/li>\n<li>Sol\u00b7licitud de la retirada d&#8217;estris de manera r\u00e0pida i senzilla.<\/li>\n<\/ul>\n<p>&nbsp;<\/p>\n<p>Com fer-ho?<\/p>\n<p>De manera presencial en la nova oficina, situada en C\/ Mare de D\u00e9u de Loreto n\u00fam. 14-local, de dilluns a divendres de 9.00h a 15.00h.<\/p>\n<p>A trav\u00e9s del teu tel\u00e8fon m\u00f2bil telefonant al 671 644 382.<\/p>\n<p>I per WhatsApp en cas d&#8217;estar fora de l&#8217;horari al 671 644 382.<\/p>\n<p>&nbsp;<\/p>\n<p>Vos recordem l&#8217;horari de 20.00h a 23.00h i la import\u00e0ncia de depositar les escombraries dins de les hores permeses en l&#8217;ordenan\u00e7a de neteja.<\/p>\n<p>Treballem per un Mutxamel m\u00e9s net, amb tu i per a tu!<\/p>\n","protected":false},"excerpt":{"rendered":"<p>Ens complau anunciar l&#8217;obertura de la nostra nova oficina a Mutxamel, un espai dedicat a millorar la gesti\u00f3 de residus i la neteja vi\u00e0ria en el nostre municipi. Ac\u00ed podr\u00e0s: Comunicar incid\u00e8ncies relacionades amb la neteja. Trencament o mal funcionament de contenidors, etc. Sol\u00b7licitar la recollida de poda (en el cas d&#8217;urbanitzacions amb entrada \u00fanica&#8230;<\/p>\n","protected":false},"author":11,"featured_media":56619,"comment_status":"closed","ping_status":"open","sticky":false,"template":"","format":"standard","meta":{"_acf_changed":false,"footnotes":""},"categories":[282,460],"tags":[],"class_list":["post-56621","post","type-post","status-publish","format-standard","has-post-thumbnail","hentry","category-noticies","category-obertures"],"acf":[],"yoast_head":"<!-- This site is optimized with the Yoast SEO plugin v27.3 - https:\/\/yoast.com\/product\/yoast-seo-wordpress\/ -->\n<title>Nova oficina de recollida de residus i neteja vi\u00e0ria a Mutxamel - Ayuntamiento de Mutxamel<\/title>\n<meta name=\"robots\" content=\"index, follow, max-snippet:-1, max-image-preview:large, max-video-preview:-1\" \/>\n<link rel=\"canonical\" href=\"https:\/\/ayto.mutxamel.org\/ca\/nova-oficina-de-recollida-de-residus-i-neteja-viaria-a-mutxamel\/\" \/>\n<meta property=\"og:locale\" content=\"ca_ES\" \/>\n<meta property=\"og:type\" content=\"article\" \/>\n<meta property=\"og:title\" content=\"Nova oficina de recollida de residus i neteja vi\u00e0ria a Mutxamel - Ayuntamiento de Mutxamel\" \/>\n<meta property=\"og:description\" content=\"Ens complau anunciar l&#8217;obertura de la nostra nova oficina a Mutxamel, un espai dedicat a millorar la gesti\u00f3 de residus i la neteja vi\u00e0ria en el nostre municipi. Ac\u00ed podr\u00e0s: Comunicar incid\u00e8ncies relacionades amb la neteja. Trencament o mal funcionament de contenidors, etc. Sol\u00b7licitar la recollida de poda (en el cas d&#8217;urbanitzacions amb entrada \u00fanica...\" \/>\n<meta property=\"og:url\" content=\"https:\/\/ayto.mutxamel.org\/ca\/nova-oficina-de-recollida-de-residus-i-neteja-viaria-a-mutxamel\/\" \/>\n<meta property=\"og:site_name\" content=\"Ayuntamiento de Mutxamel\" \/>\n<meta property=\"article:published_time\" content=\"2025-04-22T10:58:46+00:00\" \/>\n<meta property=\"og:image\" content=\"https:\/\/ayto.mutxamel.org\/wp-content\/uploads\/2025\/04\/WhatsApp-Image-2025-04-22-at-11.24.55-copia-JPG.jpg\" \/>\n\t<meta property=\"og:image:width\" content=\"1200\" \/>\n\t<meta property=\"og:image:height\" content=\"1600\" \/>\n\t<meta property=\"og:image:type\" content=\"image\/jpeg\" \/>\n<meta name=\"author\" content=\"GabCom Ayto Mutxamel\" \/>\n<meta name=\"twitter:card\" content=\"summary_large_image\" \/>\n<meta name=\"twitter:label1\" content=\"Escrit per\" \/>\n\t<meta name=\"twitter:data1\" content=\"GabCom Ayto Mutxamel\" \/>\n\t<meta name=\"twitter:label2\" content=\"Temps estimat de lectura\" \/>\n\t<meta name=\"twitter:data2\" content=\"1 minut\" \/>\n<script type=\"application\/ld+json\" class=\"yoast-schema-graph\">{\"@context\":\"https:\\\/\\\/schema.org\",\"@graph\":[{\"@type\":\"Article\",\"@id\":\"https:\\\/\\\/ayto.mutxamel.org\\\/ca\\\/nova-oficina-de-recollida-de-residus-i-neteja-viaria-a-mutxamel\\\/#article\",\"isPartOf\":{\"@id\":\"https:\\\/\\\/ayto.mutxamel.org\\\/ca\\\/nova-oficina-de-recollida-de-residus-i-neteja-viaria-a-mutxamel\\\/\"},\"author\":{\"name\":\"GabCom Ayto Mutxamel\",\"@id\":\"https:\\\/\\\/ayto.mutxamel.org\\\/ca\\\/#\\\/schema\\\/person\\\/adadfeab92eb3aa311d61b9f6c07e481\"},\"headline\":\"Nova oficina de recollida de residus i neteja vi\u00e0ria a Mutxamel\",\"datePublished\":\"2025-04-22T10:58:46+00:00\",\"mainEntityOfPage\":{\"@id\":\"https:\\\/\\\/ayto.mutxamel.org\\\/ca\\\/nova-oficina-de-recollida-de-residus-i-neteja-viaria-a-mutxamel\\\/\"},\"wordCount\":198,\"image\":{\"@id\":\"https:\\\/\\\/ayto.mutxamel.org\\\/ca\\\/nova-oficina-de-recollida-de-residus-i-neteja-viaria-a-mutxamel\\\/#primaryimage\"},\"thumbnailUrl\":\"https:\\\/\\\/ayto.mutxamel.org\\\/wp-content\\\/uploads\\\/2025\\\/04\\\/WhatsApp-Image-2025-04-22-at-11.24.55-copia-JPG.jpg\",\"articleSection\":[\"Noticies\",\"Obertures\"],\"inLanguage\":\"ca\"},{\"@type\":\"WebPage\",\"@id\":\"https:\\\/\\\/ayto.mutxamel.org\\\/ca\\\/nova-oficina-de-recollida-de-residus-i-neteja-viaria-a-mutxamel\\\/\",\"url\":\"https:\\\/\\\/ayto.mutxamel.org\\\/ca\\\/nova-oficina-de-recollida-de-residus-i-neteja-viaria-a-mutxamel\\\/\",\"name\":\"Nova oficina de recollida de residus i neteja vi\u00e0ria a Mutxamel - Ayuntamiento de Mutxamel\",\"isPartOf\":{\"@id\":\"https:\\\/\\\/ayto.mutxamel.org\\\/ca\\\/#website\"},\"primaryImageOfPage\":{\"@id\":\"https:\\\/\\\/ayto.mutxamel.org\\\/ca\\\/nova-oficina-de-recollida-de-residus-i-neteja-viaria-a-mutxamel\\\/#primaryimage\"},\"image\":{\"@id\":\"https:\\\/\\\/ayto.mutxamel.org\\\/ca\\\/nova-oficina-de-recollida-de-residus-i-neteja-viaria-a-mutxamel\\\/#primaryimage\"},\"thumbnailUrl\":\"https:\\\/\\\/ayto.mutxamel.org\\\/wp-content\\\/uploads\\\/2025\\\/04\\\/WhatsApp-Image-2025-04-22-at-11.24.55-copia-JPG.jpg\",\"datePublished\":\"2025-04-22T10:58:46+00:00\",\"author\":{\"@id\":\"https:\\\/\\\/ayto.mutxamel.org\\\/ca\\\/#\\\/schema\\\/person\\\/adadfeab92eb3aa311d61b9f6c07e481\"},\"breadcrumb\":{\"@id\":\"https:\\\/\\\/ayto.mutxamel.org\\\/ca\\\/nova-oficina-de-recollida-de-residus-i-neteja-viaria-a-mutxamel\\\/#breadcrumb\"},\"inLanguage\":\"ca\",\"potentialAction\":[{\"@type\":\"ReadAction\",\"target\":[\"https:\\\/\\\/ayto.mutxamel.org\\\/ca\\\/nova-oficina-de-recollida-de-residus-i-neteja-viaria-a-mutxamel\\\/\"]}]},{\"@type\":\"ImageObject\",\"inLanguage\":\"ca\",\"@id\":\"https:\\\/\\\/ayto.mutxamel.org\\\/ca\\\/nova-oficina-de-recollida-de-residus-i-neteja-viaria-a-mutxamel\\\/#primaryimage\",\"url\":\"https:\\\/\\\/ayto.mutxamel.org\\\/wp-content\\\/uploads\\\/2025\\\/04\\\/WhatsApp-Image-2025-04-22-at-11.24.55-copia-JPG.jpg\",\"contentUrl\":\"https:\\\/\\\/ayto.mutxamel.org\\\/wp-content\\\/uploads\\\/2025\\\/04\\\/WhatsApp-Image-2025-04-22-at-11.24.55-copia-JPG.jpg\",\"width\":1200,\"height\":1600,\"caption\":\"apertura oficina\"},{\"@type\":\"BreadcrumbList\",\"@id\":\"https:\\\/\\\/ayto.mutxamel.org\\\/ca\\\/nova-oficina-de-recollida-de-residus-i-neteja-viaria-a-mutxamel\\\/#breadcrumb\",\"itemListElement\":[{\"@type\":\"ListItem\",\"position\":1,\"name\":\"Portada\",\"item\":\"https:\\\/\\\/ayto.mutxamel.org\\\/ca\\\/\"},{\"@type\":\"ListItem\",\"position\":2,\"name\":\"Nova oficina de recollida de residus i neteja vi\u00e0ria a Mutxamel\"}]},{\"@type\":\"WebSite\",\"@id\":\"https:\\\/\\\/ayto.mutxamel.org\\\/ca\\\/#website\",\"url\":\"https:\\\/\\\/ayto.mutxamel.org\\\/ca\\\/\",\"name\":\"Ayuntamiento de Mutxamel\",\"description\":\"\",\"potentialAction\":[{\"@type\":\"SearchAction\",\"target\":{\"@type\":\"EntryPoint\",\"urlTemplate\":\"https:\\\/\\\/ayto.mutxamel.org\\\/ca\\\/?s={search_term_string}\"},\"query-input\":{\"@type\":\"PropertyValueSpecification\",\"valueRequired\":true,\"valueName\":\"search_term_string\"}}],\"inLanguage\":\"ca\"},{\"@type\":\"Person\",\"@id\":\"https:\\\/\\\/ayto.mutxamel.org\\\/ca\\\/#\\\/schema\\\/person\\\/adadfeab92eb3aa311d61b9f6c07e481\",\"name\":\"GabCom Ayto Mutxamel\",\"url\":\"https:\\\/\\\/ayto.mutxamel.org\\\/ca\\\/author\\\/gabcom-ayto-mutxamel\\\/\"}]}<\/script>\n<!-- \/ Yoast SEO plugin. -->","yoast_head_json":{"title":"Nova oficina de recollida de residus i neteja vi\u00e0ria a Mutxamel - Ayuntamiento de Mutxamel","robots":{"index":"index","follow":"follow","max-snippet":"max-snippet:-1","max-image-preview":"max-image-preview:large","max-video-preview":"max-video-preview:-1"},"canonical":"https:\/\/ayto.mutxamel.org\/ca\/nova-oficina-de-recollida-de-residus-i-neteja-viaria-a-mutxamel\/","og_locale":"ca_ES","og_type":"article","og_title":"Nova oficina de recollida de residus i neteja vi\u00e0ria a Mutxamel - Ayuntamiento de Mutxamel","og_description":"Ens complau anunciar l&#8217;obertura de la nostra nova oficina a Mutxamel, un espai dedicat a millorar la gesti\u00f3 de residus i la neteja vi\u00e0ria en el nostre municipi. Ac\u00ed podr\u00e0s: Comunicar incid\u00e8ncies relacionades amb la neteja. Trencament o mal funcionament de contenidors, etc. Sol\u00b7licitar la recollida de poda (en el cas d&#8217;urbanitzacions amb entrada \u00fanica...","og_url":"https:\/\/ayto.mutxamel.org\/ca\/nova-oficina-de-recollida-de-residus-i-neteja-viaria-a-mutxamel\/","og_site_name":"Ayuntamiento de Mutxamel","article_published_time":"2025-04-22T10:58:46+00:00","og_image":[{"width":1200,"height":1600,"url":"https:\/\/ayto.mutxamel.org\/wp-content\/uploads\/2025\/04\/WhatsApp-Image-2025-04-22-at-11.24.55-copia-JPG.jpg","type":"image\/jpeg"}],"author":"GabCom Ayto Mutxamel","twitter_card":"summary_large_image","twitter_misc":{"Escrit per":"GabCom Ayto Mutxamel","Temps estimat de lectura":"1 minut"},"schema":{"@context":"https:\/\/schema.org","@graph":[{"@type":"Article","@id":"https:\/\/ayto.mutxamel.org\/ca\/nova-oficina-de-recollida-de-residus-i-neteja-viaria-a-mutxamel\/#article","isPartOf":{"@id":"https:\/\/ayto.mutxamel.org\/ca\/nova-oficina-de-recollida-de-residus-i-neteja-viaria-a-mutxamel\/"},"author":{"name":"GabCom Ayto Mutxamel","@id":"https:\/\/ayto.mutxamel.org\/ca\/#\/schema\/person\/adadfeab92eb3aa311d61b9f6c07e481"},"headline":"Nova oficina de recollida de residus i neteja vi\u00e0ria a Mutxamel","datePublished":"2025-04-22T10:58:46+00:00","mainEntityOfPage":{"@id":"https:\/\/ayto.mutxamel.org\/ca\/nova-oficina-de-recollida-de-residus-i-neteja-viaria-a-mutxamel\/"},"wordCount":198,"image":{"@id":"https:\/\/ayto.mutxamel.org\/ca\/nova-oficina-de-recollida-de-residus-i-neteja-viaria-a-mutxamel\/#primaryimage"},"thumbnailUrl":"https:\/\/ayto.mutxamel.org\/wp-content\/uploads\/2025\/04\/WhatsApp-Image-2025-04-22-at-11.24.55-copia-JPG.jpg","articleSection":["Noticies","Obertures"],"inLanguage":"ca"},{"@type":"WebPage","@id":"https:\/\/ayto.mutxamel.org\/ca\/nova-oficina-de-recollida-de-residus-i-neteja-viaria-a-mutxamel\/","url":"https:\/\/ayto.mutxamel.org\/ca\/nova-oficina-de-recollida-de-residus-i-neteja-viaria-a-mutxamel\/","name":"Nova oficina de recollida de residus i neteja vi\u00e0ria a Mutxamel - Ayuntamiento de Mutxamel","isPartOf":{"@id":"https:\/\/ayto.mutxamel.org\/ca\/#website"},"primaryImageOfPage":{"@id":"https:\/\/ayto.mutxamel.org\/ca\/nova-oficina-de-recollida-de-residus-i-neteja-viaria-a-mutxamel\/#primaryimage"},"image":{"@id":"https:\/\/ayto.mutxamel.org\/ca\/nova-oficina-de-recollida-de-residus-i-neteja-viaria-a-mutxamel\/#primaryimage"},"thumbnailUrl":"https:\/\/ayto.mutxamel.org\/wp-content\/uploads\/2025\/04\/WhatsApp-Image-2025-04-22-at-11.24.55-copia-JPG.jpg","datePublished":"2025-04-22T10:58:46+00:00","author":{"@id":"https:\/\/ayto.mutxamel.org\/ca\/#\/schema\/person\/adadfeab92eb3aa311d61b9f6c07e481"},"breadcrumb":{"@id":"https:\/\/ayto.mutxamel.org\/ca\/nova-oficina-de-recollida-de-residus-i-neteja-viaria-a-mutxamel\/#breadcrumb"},"inLanguage":"ca","potentialAction":[{"@type":"ReadAction","target":["https:\/\/ayto.mutxamel.org\/ca\/nova-oficina-de-recollida-de-residus-i-neteja-viaria-a-mutxamel\/"]}]},{"@type":"ImageObject","inLanguage":"ca","@id":"https:\/\/ayto.mutxamel.org\/ca\/nova-oficina-de-recollida-de-residus-i-neteja-viaria-a-mutxamel\/#primaryimage","url":"https:\/\/ayto.mutxamel.org\/wp-content\/uploads\/2025\/04\/WhatsApp-Image-2025-04-22-at-11.24.55-copia-JPG.jpg","contentUrl":"https:\/\/ayto.mutxamel.org\/wp-content\/uploads\/2025\/04\/WhatsApp-Image-2025-04-22-at-11.24.55-copia-JPG.jpg","width":1200,"height":1600,"caption":"apertura oficina"},{"@type":"BreadcrumbList","@id":"https:\/\/ayto.mutxamel.org\/ca\/nova-oficina-de-recollida-de-residus-i-neteja-viaria-a-mutxamel\/#breadcrumb","itemListElement":[{"@type":"ListItem","position":1,"name":"Portada","item":"https:\/\/ayto.mutxamel.org\/ca\/"},{"@type":"ListItem","position":2,"name":"Nova oficina de recollida de residus i neteja vi\u00e0ria a Mutxamel"}]},{"@type":"WebSite","@id":"https:\/\/ayto.mutxamel.org\/ca\/#website","url":"https:\/\/ayto.mutxamel.org\/ca\/","name":"Ayuntamiento de Mutxamel","description":"","potentialAction":[{"@type":"SearchAction","target":{"@type":"EntryPoint","urlTemplate":"https:\/\/ayto.mutxamel.org\/ca\/?s={search_term_string}"},"query-input":{"@type":"PropertyValueSpecification","valueRequired":true,"valueName":"search_term_string"}}],"inLanguage":"ca"},{"@type":"Person","@id":"https:\/\/ayto.mutxamel.org\/ca\/#\/schema\/person\/adadfeab92eb3aa311d61b9f6c07e481","name":"GabCom Ayto Mutxamel","url":"https:\/\/ayto.mutxamel.org\/ca\/author\/gabcom-ayto-mutxamel\/"}]}},"_links":{"self":[{"href":"https:\/\/ayto.mutxamel.org\/ca\/wp-json\/wp\/v2\/posts\/56621","targetHints":{"allow":["GET"]}}],"collection":[{"href":"https:\/\/ayto.mutxamel.org\/ca\/wp-json\/wp\/v2\/posts"}],"about":[{"href":"https:\/\/ayto.mutxamel.org\/ca\/wp-json\/wp\/v2\/types\/post"}],"author":[{"embeddable":true,"href":"https:\/\/ayto.mutxamel.org\/ca\/wp-json\/wp\/v2\/users\/11"}],"replies":[{"embeddable":true,"href":"https:\/\/ayto.mutxamel.org\/ca\/wp-json\/wp\/v2\/comments?post=56621"}],"version-history":[{"count":0,"href":"https:\/\/ayto.mutxamel.org\/ca\/wp-json\/wp\/v2\/posts\/56621\/revisions"}],"wp:featuredmedia":[{"embeddable":true,"href":"https:\/\/ayto.mutxamel.org\/ca\/wp-json\/wp\/v2\/media\/56619"}],"wp:attachment":[{"href":"https:\/\/ayto.mutxamel.org\/ca\/wp-json\/wp\/v2\/media?parent=56621"}],"wp:term":[{"taxonomy":"category","embeddable":true,"href":"https:\/\/ayto.mutxamel.org\/ca\/wp-json\/wp\/v2\/categories?post=56621"},{"taxonomy":"post_tag","embeddable":true,"href":"https:\/\/ayto.mutxamel.org\/ca\/wp-json\/wp\/v2\/tags?post=56621"}],"curies":[{"name":"wp","href":"https:\/\/api.w.org\/{rel}","templated":true}]}}