{"id":4991,"date":"2019-02-20T08:45:39","date_gmt":"2019-02-20T08:45:39","guid":{"rendered":"https:\/\/ayto.mutxamel.org\/?p=4991"},"modified":"2019-02-20T08:45:39","modified_gmt":"2019-02-20T08:45:39","slug":"mutxamel-sera-la-nova-seu-de-la-multinacional-calconut-lider-en-el-sector-internacional-de-fruita-seca","status":"publish","type":"post","link":"https:\/\/ayto.mutxamel.org\/ca\/mutxamel-sera-la-nova-seu-de-la-multinacional-calconut-lider-en-el-sector-internacional-de-fruita-seca\/","title":{"rendered":"MUTXAMEL SER\u00c0 LA NOVA SEU DE LA MULTINACIONAL CALCONUT L\u00cdDER EN EL SECTOR INTERNACIONAL DE FRUITA SECA"},"content":{"rendered":"<p><strong>18\/02\/2019<\/strong><\/p>\n<p><strong>Amb una inversi\u00f3 de huit milions d&#8217;euros i la creaci\u00f3 de setanta llocs de treball, Calconut aterra a Mutxamel<\/strong><\/p>\n<p>Calconut, empresa l\u00edder en el comer\u00e7 de fruita seca, ha adquirit recentment les instal\u00b7lacions de l&#8217;empresa Moblerone a Mutxamel (Alacant), com a punt estrat\u00e8gic de les seues operacions de comer\u00e7 internacional.<\/p>\n<p>Per a este projecte s&#8217;invertiran huit milions d&#8217;euros i es crearan un m\u00ednim de 70 nous llocs de treball en la nostra localitat. I es potenciar\u00e0 aix\u00ed l&#8217;activitat del Pol\u00edgon Industrial Riodel, una de les prioritats de l&#8217;equip de govern que dirigix l&#8217;alcalde Sebasti\u00e1n Ca\u00f1adas.<\/p>\n<p>Sebasti\u00e1n Ca\u00f1adas, alcalde de Mutxamel manifesta: \u201cens congratulem que una empresa com Colconut haja triat el nostre municipi per a la seua nova implantaci\u00f3, amb qu\u00e8 es generar\u00e0 m\u00e9s ocupaci\u00f3 en el municipi, aix\u00ed com la dinamitzaci\u00f3 del nostre sector empresarial\u201d. El primer edil tamb\u00e9 remarca la situaci\u00f3 estrat\u00e8gica del municipi aix\u00ed com els esfor\u00e7os que estan duent-se a terme des del consistori per atraure empreses al municipi.<\/p>\n<p>Al costat de la labor estrictament mercantil de Calconut, trobem la seua faceta m\u00e9s social amb la Fundaci\u00f3n Juan Peregr\u00edn Mula, i alguns dels seus projectes es desenvoluparan en 2019 a Mutxamel i a la prov\u00edncia d&#8217;Alacant. Entre projectes anteriors de la fundaci\u00f3, trobem complir el somni d&#8217;un xiquet amb c\u00e0ncer i la beca d&#8217;internacionalitzaci\u00f3 Juan Peregr\u00edn.<\/p>\n<p>Juan Luis Peregr\u00edn D\u00edaz (CEO de Calconut ), Sebasti\u00e1n Ca\u00f1adas Gallardo (alcalde de l&#8217;Ajuntament de Mutxamel), Jos\u00e9 Antonio Bermejo Castell\u00f3 (regidor d&#8217;Urbanisme de l&#8217;Ajuntament de Mutxamel) i Vicente Ortiz (responsable de projectes de Calconut) han sigut els encarregats del treball previ perqu\u00e8 Calconut haja triat Mutxamel com a punt estrat\u00e8gic de les seues operacions.<\/p>\n","protected":false},"excerpt":{"rendered":"<p>18\/02\/2019 Amb una inversi\u00f3 de huit milions d&#8217;euros i la creaci\u00f3 de setanta llocs de treball, Calconut aterra a Mutxamel Calconut, empresa l\u00edder en el comer\u00e7 de fruita seca, ha adquirit recentment les instal\u00b7lacions de l&#8217;empresa Moblerone a Mutxamel (Alacant), com a punt estrat\u00e8gic de les seues operacions de comer\u00e7 internacional. Per a este projecte&#8230;<\/p>\n","protected":false},"author":5,"featured_media":4989,"comment_status":"closed","ping_status":"open","sticky":false,"template":"","format":"standard","meta":{"_acf_changed":false,"footnotes":""},"categories":[282],"tags":[],"class_list":["post-4991","post","type-post","status-publish","format-standard","has-post-thumbnail","hentry","category-noticies"],"acf":[],"yoast_head":"<!-- This site is optimized with the Yoast SEO plugin v27.3 - https:\/\/yoast.com\/product\/yoast-seo-wordpress\/ -->\n<title>MUTXAMEL SER\u00c0 LA NOVA SEU DE LA MULTINACIONAL CALCONUT L\u00cdDER EN EL SECTOR INTERNACIONAL DE FRUITA SECA - Ayuntamiento de Mutxamel<\/title>\n<meta name=\"robots\" content=\"index, follow, max-snippet:-1, max-image-preview:large, max-video-preview:-1\" \/>\n<link rel=\"canonical\" href=\"https:\/\/ayto.mutxamel.org\/ca\/mutxamel-sera-la-nova-seu-de-la-multinacional-calconut-lider-en-el-sector-internacional-de-fruita-seca\/\" \/>\n<meta property=\"og:locale\" content=\"ca_ES\" \/>\n<meta property=\"og:type\" content=\"article\" \/>\n<meta property=\"og:title\" content=\"MUTXAMEL SER\u00c0 LA NOVA SEU DE LA MULTINACIONAL CALCONUT L\u00cdDER EN EL SECTOR INTERNACIONAL DE FRUITA SECA - Ayuntamiento de Mutxamel\" \/>\n<meta property=\"og:description\" content=\"18\/02\/2019 Amb una inversi\u00f3 de huit milions d&#8217;euros i la creaci\u00f3 de setanta llocs de treball, Calconut aterra a Mutxamel Calconut, empresa l\u00edder en el comer\u00e7 de fruita seca, ha adquirit recentment les instal\u00b7lacions de l&#8217;empresa Moblerone a Mutxamel (Alacant), com a punt estrat\u00e8gic de les seues operacions de comer\u00e7 internacional. Per a este projecte...\" \/>\n<meta property=\"og:url\" content=\"https:\/\/ayto.mutxamel.org\/ca\/mutxamel-sera-la-nova-seu-de-la-multinacional-calconut-lider-en-el-sector-internacional-de-fruita-seca\/\" \/>\n<meta property=\"og:site_name\" content=\"Ayuntamiento de Mutxamel\" \/>\n<meta property=\"article:published_time\" content=\"2019-02-20T08:45:39+00:00\" \/>\n<meta name=\"author\" content=\"Ayuntamiento Mutxamel\" \/>\n<meta name=\"twitter:card\" content=\"summary_large_image\" \/>\n<meta name=\"twitter:label1\" content=\"Escrit per\" \/>\n\t<meta name=\"twitter:data1\" content=\"Ayuntamiento Mutxamel\" \/>\n\t<meta name=\"twitter:label2\" content=\"Temps estimat de lectura\" \/>\n\t<meta name=\"twitter:data2\" content=\"1 minut\" \/>\n<script type=\"application\/ld+json\" class=\"yoast-schema-graph\">{\"@context\":\"https:\\\/\\\/schema.org\",\"@graph\":[{\"@type\":\"Article\",\"@id\":\"https:\\\/\\\/ayto.mutxamel.org\\\/ca\\\/mutxamel-sera-la-nova-seu-de-la-multinacional-calconut-lider-en-el-sector-internacional-de-fruita-seca\\\/#article\",\"isPartOf\":{\"@id\":\"https:\\\/\\\/ayto.mutxamel.org\\\/ca\\\/mutxamel-sera-la-nova-seu-de-la-multinacional-calconut-lider-en-el-sector-internacional-de-fruita-seca\\\/\"},\"author\":{\"name\":\"Ayuntamiento Mutxamel\",\"@id\":\"https:\\\/\\\/ayto.mutxamel.org\\\/ca\\\/#\\\/schema\\\/person\\\/0a64c1c652c34ba957ddc1a83e56bbfa\"},\"headline\":\"MUTXAMEL SER\u00c0 LA NOVA SEU DE LA MULTINACIONAL CALCONUT L\u00cdDER EN EL SECTOR INTERNACIONAL DE FRUITA SECA\",\"datePublished\":\"2019-02-20T08:45:39+00:00\",\"mainEntityOfPage\":{\"@id\":\"https:\\\/\\\/ayto.mutxamel.org\\\/ca\\\/mutxamel-sera-la-nova-seu-de-la-multinacional-calconut-lider-en-el-sector-internacional-de-fruita-seca\\\/\"},\"wordCount\":325,\"image\":{\"@id\":\"https:\\\/\\\/ayto.mutxamel.org\\\/ca\\\/mutxamel-sera-la-nova-seu-de-la-multinacional-calconut-lider-en-el-sector-internacional-de-fruita-seca\\\/#primaryimage\"},\"thumbnailUrl\":\"\",\"articleSection\":[\"Noticies\"],\"inLanguage\":\"ca\"},{\"@type\":\"WebPage\",\"@id\":\"https:\\\/\\\/ayto.mutxamel.org\\\/ca\\\/mutxamel-sera-la-nova-seu-de-la-multinacional-calconut-lider-en-el-sector-internacional-de-fruita-seca\\\/\",\"url\":\"https:\\\/\\\/ayto.mutxamel.org\\\/ca\\\/mutxamel-sera-la-nova-seu-de-la-multinacional-calconut-lider-en-el-sector-internacional-de-fruita-seca\\\/\",\"name\":\"MUTXAMEL SER\u00c0 LA NOVA SEU DE LA MULTINACIONAL CALCONUT L\u00cdDER EN EL SECTOR INTERNACIONAL DE FRUITA SECA - Ayuntamiento de Mutxamel\",\"isPartOf\":{\"@id\":\"https:\\\/\\\/ayto.mutxamel.org\\\/ca\\\/#website\"},\"primaryImageOfPage\":{\"@id\":\"https:\\\/\\\/ayto.mutxamel.org\\\/ca\\\/mutxamel-sera-la-nova-seu-de-la-multinacional-calconut-lider-en-el-sector-internacional-de-fruita-seca\\\/#primaryimage\"},\"image\":{\"@id\":\"https:\\\/\\\/ayto.mutxamel.org\\\/ca\\\/mutxamel-sera-la-nova-seu-de-la-multinacional-calconut-lider-en-el-sector-internacional-de-fruita-seca\\\/#primaryimage\"},\"thumbnailUrl\":\"\",\"datePublished\":\"2019-02-20T08:45:39+00:00\",\"author\":{\"@id\":\"https:\\\/\\\/ayto.mutxamel.org\\\/ca\\\/#\\\/schema\\\/person\\\/0a64c1c652c34ba957ddc1a83e56bbfa\"},\"breadcrumb\":{\"@id\":\"https:\\\/\\\/ayto.mutxamel.org\\\/ca\\\/mutxamel-sera-la-nova-seu-de-la-multinacional-calconut-lider-en-el-sector-internacional-de-fruita-seca\\\/#breadcrumb\"},\"inLanguage\":\"ca\",\"potentialAction\":[{\"@type\":\"ReadAction\",\"target\":[\"https:\\\/\\\/ayto.mutxamel.org\\\/ca\\\/mutxamel-sera-la-nova-seu-de-la-multinacional-calconut-lider-en-el-sector-internacional-de-fruita-seca\\\/\"]}]},{\"@type\":\"ImageObject\",\"inLanguage\":\"ca\",\"@id\":\"https:\\\/\\\/ayto.mutxamel.org\\\/ca\\\/mutxamel-sera-la-nova-seu-de-la-multinacional-calconut-lider-en-el-sector-internacional-de-fruita-seca\\\/#primaryimage\",\"url\":\"\",\"contentUrl\":\"\"},{\"@type\":\"BreadcrumbList\",\"@id\":\"https:\\\/\\\/ayto.mutxamel.org\\\/ca\\\/mutxamel-sera-la-nova-seu-de-la-multinacional-calconut-lider-en-el-sector-internacional-de-fruita-seca\\\/#breadcrumb\",\"itemListElement\":[{\"@type\":\"ListItem\",\"position\":1,\"name\":\"Portada\",\"item\":\"https:\\\/\\\/ayto.mutxamel.org\\\/ca\\\/\"},{\"@type\":\"ListItem\",\"position\":2,\"name\":\"MUTXAMEL SER\u00c0 LA NOVA SEU DE LA MULTINACIONAL CALCONUT L\u00cdDER EN EL SECTOR INTERNACIONAL DE FRUITA SECA\"}]},{\"@type\":\"WebSite\",\"@id\":\"https:\\\/\\\/ayto.mutxamel.org\\\/ca\\\/#website\",\"url\":\"https:\\\/\\\/ayto.mutxamel.org\\\/ca\\\/\",\"name\":\"Ayuntamiento de Mutxamel\",\"description\":\"\",\"potentialAction\":[{\"@type\":\"SearchAction\",\"target\":{\"@type\":\"EntryPoint\",\"urlTemplate\":\"https:\\\/\\\/ayto.mutxamel.org\\\/ca\\\/?s={search_term_string}\"},\"query-input\":{\"@type\":\"PropertyValueSpecification\",\"valueRequired\":true,\"valueName\":\"search_term_string\"}}],\"inLanguage\":\"ca\"},{\"@type\":\"Person\",\"@id\":\"https:\\\/\\\/ayto.mutxamel.org\\\/ca\\\/#\\\/schema\\\/person\\\/0a64c1c652c34ba957ddc1a83e56bbfa\",\"name\":\"Ayuntamiento Mutxamel\",\"url\":\"https:\\\/\\\/ayto.mutxamel.org\\\/ca\\\/author\\\/ayuntamiento-mutxamel\\\/\"}]}<\/script>\n<!-- \/ Yoast SEO plugin. -->","yoast_head_json":{"title":"MUTXAMEL SER\u00c0 LA NOVA SEU DE LA MULTINACIONAL CALCONUT L\u00cdDER EN EL SECTOR INTERNACIONAL DE FRUITA SECA - Ayuntamiento de Mutxamel","robots":{"index":"index","follow":"follow","max-snippet":"max-snippet:-1","max-image-preview":"max-image-preview:large","max-video-preview":"max-video-preview:-1"},"canonical":"https:\/\/ayto.mutxamel.org\/ca\/mutxamel-sera-la-nova-seu-de-la-multinacional-calconut-lider-en-el-sector-internacional-de-fruita-seca\/","og_locale":"ca_ES","og_type":"article","og_title":"MUTXAMEL SER\u00c0 LA NOVA SEU DE LA MULTINACIONAL CALCONUT L\u00cdDER EN EL SECTOR INTERNACIONAL DE FRUITA SECA - Ayuntamiento de Mutxamel","og_description":"18\/02\/2019 Amb una inversi\u00f3 de huit milions d&#8217;euros i la creaci\u00f3 de setanta llocs de treball, Calconut aterra a Mutxamel Calconut, empresa l\u00edder en el comer\u00e7 de fruita seca, ha adquirit recentment les instal\u00b7lacions de l&#8217;empresa Moblerone a Mutxamel (Alacant), com a punt estrat\u00e8gic de les seues operacions de comer\u00e7 internacional. Per a este projecte...","og_url":"https:\/\/ayto.mutxamel.org\/ca\/mutxamel-sera-la-nova-seu-de-la-multinacional-calconut-lider-en-el-sector-internacional-de-fruita-seca\/","og_site_name":"Ayuntamiento de Mutxamel","article_published_time":"2019-02-20T08:45:39+00:00","author":"Ayuntamiento Mutxamel","twitter_card":"summary_large_image","twitter_misc":{"Escrit per":"Ayuntamiento Mutxamel","Temps estimat de lectura":"1 minut"},"schema":{"@context":"https:\/\/schema.org","@graph":[{"@type":"Article","@id":"https:\/\/ayto.mutxamel.org\/ca\/mutxamel-sera-la-nova-seu-de-la-multinacional-calconut-lider-en-el-sector-internacional-de-fruita-seca\/#article","isPartOf":{"@id":"https:\/\/ayto.mutxamel.org\/ca\/mutxamel-sera-la-nova-seu-de-la-multinacional-calconut-lider-en-el-sector-internacional-de-fruita-seca\/"},"author":{"name":"Ayuntamiento Mutxamel","@id":"https:\/\/ayto.mutxamel.org\/ca\/#\/schema\/person\/0a64c1c652c34ba957ddc1a83e56bbfa"},"headline":"MUTXAMEL SER\u00c0 LA NOVA SEU DE LA MULTINACIONAL CALCONUT L\u00cdDER EN EL SECTOR INTERNACIONAL DE FRUITA SECA","datePublished":"2019-02-20T08:45:39+00:00","mainEntityOfPage":{"@id":"https:\/\/ayto.mutxamel.org\/ca\/mutxamel-sera-la-nova-seu-de-la-multinacional-calconut-lider-en-el-sector-internacional-de-fruita-seca\/"},"wordCount":325,"image":{"@id":"https:\/\/ayto.mutxamel.org\/ca\/mutxamel-sera-la-nova-seu-de-la-multinacional-calconut-lider-en-el-sector-internacional-de-fruita-seca\/#primaryimage"},"thumbnailUrl":"","articleSection":["Noticies"],"inLanguage":"ca"},{"@type":"WebPage","@id":"https:\/\/ayto.mutxamel.org\/ca\/mutxamel-sera-la-nova-seu-de-la-multinacional-calconut-lider-en-el-sector-internacional-de-fruita-seca\/","url":"https:\/\/ayto.mutxamel.org\/ca\/mutxamel-sera-la-nova-seu-de-la-multinacional-calconut-lider-en-el-sector-internacional-de-fruita-seca\/","name":"MUTXAMEL SER\u00c0 LA NOVA SEU DE LA MULTINACIONAL CALCONUT L\u00cdDER EN EL SECTOR INTERNACIONAL DE FRUITA SECA - Ayuntamiento de Mutxamel","isPartOf":{"@id":"https:\/\/ayto.mutxamel.org\/ca\/#website"},"primaryImageOfPage":{"@id":"https:\/\/ayto.mutxamel.org\/ca\/mutxamel-sera-la-nova-seu-de-la-multinacional-calconut-lider-en-el-sector-internacional-de-fruita-seca\/#primaryimage"},"image":{"@id":"https:\/\/ayto.mutxamel.org\/ca\/mutxamel-sera-la-nova-seu-de-la-multinacional-calconut-lider-en-el-sector-internacional-de-fruita-seca\/#primaryimage"},"thumbnailUrl":"","datePublished":"2019-02-20T08:45:39+00:00","author":{"@id":"https:\/\/ayto.mutxamel.org\/ca\/#\/schema\/person\/0a64c1c652c34ba957ddc1a83e56bbfa"},"breadcrumb":{"@id":"https:\/\/ayto.mutxamel.org\/ca\/mutxamel-sera-la-nova-seu-de-la-multinacional-calconut-lider-en-el-sector-internacional-de-fruita-seca\/#breadcrumb"},"inLanguage":"ca","potentialAction":[{"@type":"ReadAction","target":["https:\/\/ayto.mutxamel.org\/ca\/mutxamel-sera-la-nova-seu-de-la-multinacional-calconut-lider-en-el-sector-internacional-de-fruita-seca\/"]}]},{"@type":"ImageObject","inLanguage":"ca","@id":"https:\/\/ayto.mutxamel.org\/ca\/mutxamel-sera-la-nova-seu-de-la-multinacional-calconut-lider-en-el-sector-internacional-de-fruita-seca\/#primaryimage","url":"","contentUrl":""},{"@type":"BreadcrumbList","@id":"https:\/\/ayto.mutxamel.org\/ca\/mutxamel-sera-la-nova-seu-de-la-multinacional-calconut-lider-en-el-sector-internacional-de-fruita-seca\/#breadcrumb","itemListElement":[{"@type":"ListItem","position":1,"name":"Portada","item":"https:\/\/ayto.mutxamel.org\/ca\/"},{"@type":"ListItem","position":2,"name":"MUTXAMEL SER\u00c0 LA NOVA SEU DE LA MULTINACIONAL CALCONUT L\u00cdDER EN EL SECTOR INTERNACIONAL DE FRUITA SECA"}]},{"@type":"WebSite","@id":"https:\/\/ayto.mutxamel.org\/ca\/#website","url":"https:\/\/ayto.mutxamel.org\/ca\/","name":"Ayuntamiento de Mutxamel","description":"","potentialAction":[{"@type":"SearchAction","target":{"@type":"EntryPoint","urlTemplate":"https:\/\/ayto.mutxamel.org\/ca\/?s={search_term_string}"},"query-input":{"@type":"PropertyValueSpecification","valueRequired":true,"valueName":"search_term_string"}}],"inLanguage":"ca"},{"@type":"Person","@id":"https:\/\/ayto.mutxamel.org\/ca\/#\/schema\/person\/0a64c1c652c34ba957ddc1a83e56bbfa","name":"Ayuntamiento Mutxamel","url":"https:\/\/ayto.mutxamel.org\/ca\/author\/ayuntamiento-mutxamel\/"}]}},"_links":{"self":[{"href":"https:\/\/ayto.mutxamel.org\/ca\/wp-json\/wp\/v2\/posts\/4991","targetHints":{"allow":["GET"]}}],"collection":[{"href":"https:\/\/ayto.mutxamel.org\/ca\/wp-json\/wp\/v2\/posts"}],"about":[{"href":"https:\/\/ayto.mutxamel.org\/ca\/wp-json\/wp\/v2\/types\/post"}],"author":[{"embeddable":true,"href":"https:\/\/ayto.mutxamel.org\/ca\/wp-json\/wp\/v2\/users\/5"}],"replies":[{"embeddable":true,"href":"https:\/\/ayto.mutxamel.org\/ca\/wp-json\/wp\/v2\/comments?post=4991"}],"version-history":[{"count":0,"href":"https:\/\/ayto.mutxamel.org\/ca\/wp-json\/wp\/v2\/posts\/4991\/revisions"}],"wp:featuredmedia":[{"embeddable":true,"href":"https:\/\/ayto.mutxamel.org\/ca\/wp-json\/"}],"wp:attachment":[{"href":"https:\/\/ayto.mutxamel.org\/ca\/wp-json\/wp\/v2\/media?parent=4991"}],"wp:term":[{"taxonomy":"category","embeddable":true,"href":"https:\/\/ayto.mutxamel.org\/ca\/wp-json\/wp\/v2\/categories?post=4991"},{"taxonomy":"post_tag","embeddable":true,"href":"https:\/\/ayto.mutxamel.org\/ca\/wp-json\/wp\/v2\/tags?post=4991"}],"curies":[{"name":"wp","href":"https:\/\/api.w.org\/{rel}","templated":true}]}}