{"id":42259,"date":"2024-03-05T11:59:03","date_gmt":"2024-03-05T10:59:03","guid":{"rendered":"https:\/\/ayto.mutxamel.org\/mutxamel-celebra-les-vi-jornades-dorientacio-formativa-per-a-locupacio-amb-la-participacio-de-mes-de-40-empreses-i-institucions-educatives\/"},"modified":"2024-03-05T11:59:03","modified_gmt":"2024-03-05T10:59:03","slug":"mutxamel-celebra-les-vi-jornades-dorientacio-formativa-per-a-locupacio-amb-la-participacio-de-mes-de-40-empreses-i-institucions-educatives","status":"publish","type":"post","link":"https:\/\/ayto.mutxamel.org\/ca\/mutxamel-celebra-les-vi-jornades-dorientacio-formativa-per-a-locupacio-amb-la-participacio-de-mes-de-40-empreses-i-institucions-educatives\/","title":{"rendered":"Mutxamel celebra les VI Jornades d&#8217;Orientaci\u00f3 Formativa per a l&#8217;ocupaci\u00f3 amb la participaci\u00f3 de m\u00e9s de 40 empreses i institucions educatives"},"content":{"rendered":"<p>Mutxamel, 5 de mar\u00e7 de 2024<\/p>\n<p><strong>L&#8217;activitat es realitzar\u00e0 el 15 de mar\u00e7 de 9.00 a 14.00 hores i t\u00e9 com a objectiu ajudar la joventut a dissenyar el seu itinerari acad\u00e8mic i professional<\/strong><\/p>\n<p><strong>\u00a0<\/strong><\/p>\n<p>L&#8217;Ajuntament\u00a0 de Mutxamel, des de la regidoria d&#8217;Ocupaci\u00f3, l&#8217;Ag\u00e8ncia\u00a0 de Desenvolupament Local i la regidoria d&#8217;Educaci\u00f3, celebra el pr\u00f2xim 15 de mar\u00e7 de 9.00 a 14.00 hores, en el parc municipal El Canyar de les Portelles, les \u201cVI Jornades d&#8217;Orientaci\u00f3 Formativa per a l&#8217;Ocupaci\u00f3\u201d.<\/p>\n<p>L&#8217;objectiu de l&#8217;activitat \u00e9s que l&#8217;alumnat dels Instituts de Mutxamel, i les persones que ho desitgen, puguen informar-se sobre els recursos formatius existents, fet que permet donar resposta a les perspectives relacionades amb els seus estudis, amb l&#8217;objectiu final de millorar la seua qualificaci\u00f3 professional per a la seua posterior incorporaci\u00f3 al mercat laboral. Les jornades no sols faciliten informaci\u00f3, sin\u00f3 que es plantegen com un lloc on poder trobar diversitat d&#8217;idees per a un futur que, de moment, no tenen completament definit.<\/p>\n<p>Durant l&#8217;activitat, per una part, els expositors participants, entitats formatives i empreses l\u00edders de diversos sectors del municipi, podran difondre i generar coneixement sobre la seua oferta formativa: itineraris formatius, accessos, caracter\u00edstiques generals (econ\u00f2miques, aptituds, actituds, ocupabilitat); i, per una altra, es podran con\u00e9ixer les necessitats reals dels perfils professionals espec\u00edfics de contractaci\u00f3 de cadascuna de les empreses convidades a l&#8217;esdeveniment, i oferir\u00e0 al major nombre de visitants i estudiants, una completa atenci\u00f3 per a resoldre dubtes i preguntes, ajudant-los a decidir, si \u00e9s el cas, la millor opci\u00f3 per a la seua formaci\u00f3 professional. Unes jornades no sols interessants per a l&#8217;alumnat, sin\u00f3 tamb\u00e9 per a pares, professionals de la formaci\u00f3, orientadors i empreses de diferents sectors en general.<\/p>\n<p>Estes jornades, s&#8217;han promocionat, igual que en edicions anteriors, en els centres educatius de Mutxamel que han rebut la proposta un any m\u00e9s com una gran oportunitat per al seu alumnat.<\/p>\n<p>En esta edici\u00f3, es compta amb m\u00e9s de quaranta expositors entre diferents administracions, forces de seguretat, universitats, instituts d&#8217;ensenyament obligatori i de formaci\u00f3 professional, centres de formaci\u00f3 privats, empreses i organitzacions, les quals s&#8217;han oferit per a donar resposta als interessos personals dels visitants.<\/p>\n<p>Durant l&#8217;esdeveniment, hi haur\u00e0 diverses actuacions i demostracions en directe que ajudaran\u00a0 els participants a comprendre des d&#8217;una perspectiva pr\u00e0ctica, el que oferixen cadascun dels \u00a0expositors per a fer m\u00e9s atractiva, si cal, l&#8217;elecci\u00f3 formativa \u00a0vinculant-la amb una futura eixida professional.<\/p>\n<p>L&#8217;edil d&#8217;Ocupaci\u00f3 \u00a0i Joventut, Estefan\u00eda Moreno, ha explicat que <em>\u201cconsiderem que la formaci\u00f3 i l&#8217;ocupaci\u00f3 s\u00f3n dos de les q\u00fcestions que m\u00e9s preocupen als nostres joves, amb este esdeveniment busquem donar resposta als \u00a0seus interessos i que coneguen els recursos formatius existents i dels quals es poden beneficiar\u201d.<\/em> Ha apuntat que \u201c<em>est\u00e0 obert a tothom que vulga acudir, de fet, no \u00fanicament a l&#8217;alumnat o gent jove, tamb\u00e9 a qualsevol persona que vulga contactar amb les empreses que participen en la jornada i puguen rebre assessorament sobre curr\u00edculums, diferents llocs de treball, etc.; hem treballat perqu\u00e8 l&#8217;esdeveniment tinga una oferta molt diversa i atractiva, i volem que la gent acudisca i puga traure el major rendiment\u201d.<\/em><\/p>\n<p>Per la seua part l&#8217;alcalde de Mutxamel, Rafael Garc\u00eda, ha agra\u00eft <em>\u201cla resposta per part de les entitats relacionades amb el m\u00f3n professional i acad\u00e8mic, aix\u00ed com a les empreses de la zona que un any m\u00e9s han volgut estar en esta jornada orientada a la joventut del municipi amb la finalitat de refor\u00e7ar les seues idees o aclarir dubtes sobre el seu futur acad\u00e8mic o professional. Volem continuar tendint la m\u00e0 als nostres joves i per aix\u00f2 activitats d&#8217;este tipus, o altres que mensualment es duen a terme en la Casa de la Joventut tenen com a objectiu que, a poc a poc, cultiven els seus perfils personals i en conseq\u00fc\u00e8ncia vagen treballant en el seu futur i tinguen opcions d&#8217;aprenentatge prop de casa, \u00e9s a dir, en el mateix municipi\u201d. <\/em><\/p>\n<p>&nbsp;<\/p>\n<p><strong>Gabinet de Comunicaci\u00f3 Ajuntament de Mutxamel<\/strong><\/p>\n<p><img loading=\"lazy\" decoding=\"async\" class=\"alignnone wp-image-42254\" src=\"https:\/\/ayto.mutxamel.org\/wp-content\/uploads\/2024\/03\/Jornadas-Formativas-300x169.jpg\" alt=\"Jornadas Formativas\" width=\"825\" height=\"465\" srcset=\"https:\/\/ayto.mutxamel.org\/wp-content\/uploads\/2024\/03\/Jornadas-Formativas-300x169.jpg 300w, https:\/\/ayto.mutxamel.org\/wp-content\/uploads\/2024\/03\/Jornadas-Formativas-1024x576.jpg 1024w, https:\/\/ayto.mutxamel.org\/wp-content\/uploads\/2024\/03\/Jornadas-Formativas-600x338.jpg 600w, https:\/\/ayto.mutxamel.org\/wp-content\/uploads\/2024\/03\/Jornadas-Formativas-scaled.jpg 1920w\" sizes=\"auto, (max-width: 825px) 100vw, 825px\" \/><\/p>\n","protected":false},"excerpt":{"rendered":"<p>Mutxamel, 5 de mar\u00e7 de 2024 L&#8217;activitat es realitzar\u00e0 el 15 de mar\u00e7 de 9.00 a 14.00 hores i t\u00e9 com a objectiu ajudar la joventut a dissenyar el seu itinerari acad\u00e8mic i professional \u00a0 L&#8217;Ajuntament\u00a0 de Mutxamel, des de la regidoria d&#8217;Ocupaci\u00f3, l&#8217;Ag\u00e8ncia\u00a0 de Desenvolupament Local i la regidoria d&#8217;Educaci\u00f3, celebra el pr\u00f2xim 15&#8230;<\/p>\n","protected":false},"author":6,"featured_media":42229,"comment_status":"closed","ping_status":"open","sticky":false,"template":"","format":"standard","meta":{"_acf_changed":false,"footnotes":""},"categories":[352,464,432,282],"tags":[],"class_list":["post-42259","post","type-post","status-publish","format-standard","has-post-thumbnail","hentry","category-agencia-de-desenvolupament-local","category-comunicacio","category-notes-de-premsa","category-noticies"],"acf":[],"yoast_head":"<!-- This site is optimized with the Yoast SEO plugin v27.3 - https:\/\/yoast.com\/product\/yoast-seo-wordpress\/ -->\n<title>Mutxamel celebra les VI Jornades d&#039;Orientaci\u00f3 Formativa per a l&#039;ocupaci\u00f3 amb la participaci\u00f3 de m\u00e9s de 40 empreses i institucions educatives - Ayuntamiento de Mutxamel<\/title>\n<meta name=\"robots\" content=\"index, follow, max-snippet:-1, max-image-preview:large, max-video-preview:-1\" \/>\n<link rel=\"canonical\" href=\"https:\/\/ayto.mutxamel.org\/ca\/mutxamel-celebra-les-vi-jornades-dorientacio-formativa-per-a-locupacio-amb-la-participacio-de-mes-de-40-empreses-i-institucions-educatives\/\" \/>\n<meta property=\"og:locale\" content=\"ca_ES\" \/>\n<meta property=\"og:type\" content=\"article\" \/>\n<meta property=\"og:title\" content=\"Mutxamel celebra les VI Jornades d&#039;Orientaci\u00f3 Formativa per a l&#039;ocupaci\u00f3 amb la participaci\u00f3 de m\u00e9s de 40 empreses i institucions educatives - Ayuntamiento de Mutxamel\" \/>\n<meta property=\"og:description\" content=\"Mutxamel, 5 de mar\u00e7 de 2024 L&#8217;activitat es realitzar\u00e0 el 15 de mar\u00e7 de 9.00 a 14.00 hores i t\u00e9 com a objectiu ajudar la joventut a dissenyar el seu itinerari acad\u00e8mic i professional \u00a0 L&#8217;Ajuntament\u00a0 de Mutxamel, des de la regidoria d&#8217;Ocupaci\u00f3, l&#8217;Ag\u00e8ncia\u00a0 de Desenvolupament Local i la regidoria d&#8217;Educaci\u00f3, celebra el pr\u00f2xim 15...\" \/>\n<meta property=\"og:url\" content=\"https:\/\/ayto.mutxamel.org\/ca\/mutxamel-celebra-les-vi-jornades-dorientacio-formativa-per-a-locupacio-amb-la-participacio-de-mes-de-40-empreses-i-institucions-educatives\/\" \/>\n<meta property=\"og:site_name\" content=\"Ayuntamiento de Mutxamel\" \/>\n<meta property=\"article:published_time\" content=\"2024-03-05T10:59:03+00:00\" \/>\n<meta property=\"og:image\" content=\"https:\/\/ayto.mutxamel.org\/wp-content\/uploads\/2023\/10\/VI-Jornadas-Orientacion-Formativa-cast-scaled.jpg\" \/>\n\t<meta property=\"og:image:width\" content=\"1357\" \/>\n\t<meta property=\"og:image:height\" content=\"1920\" \/>\n\t<meta property=\"og:image:type\" content=\"image\/jpeg\" \/>\n<meta name=\"author\" content=\"Gabinete de Comunicacion Ayuntamiento Mutxamel\" \/>\n<meta name=\"twitter:card\" content=\"summary_large_image\" \/>\n<meta name=\"twitter:label1\" content=\"Escrit per\" \/>\n\t<meta name=\"twitter:data1\" content=\"Gabinete de Comunicacion Ayuntamiento Mutxamel\" \/>\n\t<meta name=\"twitter:label2\" content=\"Temps estimat de lectura\" \/>\n\t<meta name=\"twitter:data2\" content=\"3 minuts\" \/>\n<script type=\"application\/ld+json\" class=\"yoast-schema-graph\">{\"@context\":\"https:\\\/\\\/schema.org\",\"@graph\":[{\"@type\":\"Article\",\"@id\":\"https:\\\/\\\/ayto.mutxamel.org\\\/ca\\\/mutxamel-celebra-les-vi-jornades-dorientacio-formativa-per-a-locupacio-amb-la-participacio-de-mes-de-40-empreses-i-institucions-educatives\\\/#article\",\"isPartOf\":{\"@id\":\"https:\\\/\\\/ayto.mutxamel.org\\\/ca\\\/mutxamel-celebra-les-vi-jornades-dorientacio-formativa-per-a-locupacio-amb-la-participacio-de-mes-de-40-empreses-i-institucions-educatives\\\/\"},\"author\":{\"name\":\"Gabinete de Comunicacion Ayuntamiento Mutxamel\",\"@id\":\"https:\\\/\\\/ayto.mutxamel.org\\\/ca\\\/#\\\/schema\\\/person\\\/8bb17850f73318e8f5e0db353ab93815\"},\"headline\":\"Mutxamel celebra les VI Jornades d&#8217;Orientaci\u00f3 Formativa per a l&#8217;ocupaci\u00f3 amb la participaci\u00f3 de m\u00e9s de 40 empreses i institucions educatives\",\"datePublished\":\"2024-03-05T10:59:03+00:00\",\"mainEntityOfPage\":{\"@id\":\"https:\\\/\\\/ayto.mutxamel.org\\\/ca\\\/mutxamel-celebra-les-vi-jornades-dorientacio-formativa-per-a-locupacio-amb-la-participacio-de-mes-de-40-empreses-i-institucions-educatives\\\/\"},\"wordCount\":721,\"image\":{\"@id\":\"https:\\\/\\\/ayto.mutxamel.org\\\/ca\\\/mutxamel-celebra-les-vi-jornades-dorientacio-formativa-per-a-locupacio-amb-la-participacio-de-mes-de-40-empreses-i-institucions-educatives\\\/#primaryimage\"},\"thumbnailUrl\":\"https:\\\/\\\/ayto.mutxamel.org\\\/wp-content\\\/uploads\\\/2023\\\/10\\\/VI-Jornadas-Orientacion-Formativa-cast-scaled.jpg\",\"articleSection\":[\"Agencia de Desenvolupament Local\",\"Comunicaci\u00f3\",\"Notes de premsa\",\"Noticies\"],\"inLanguage\":\"ca\"},{\"@type\":\"WebPage\",\"@id\":\"https:\\\/\\\/ayto.mutxamel.org\\\/ca\\\/mutxamel-celebra-les-vi-jornades-dorientacio-formativa-per-a-locupacio-amb-la-participacio-de-mes-de-40-empreses-i-institucions-educatives\\\/\",\"url\":\"https:\\\/\\\/ayto.mutxamel.org\\\/ca\\\/mutxamel-celebra-les-vi-jornades-dorientacio-formativa-per-a-locupacio-amb-la-participacio-de-mes-de-40-empreses-i-institucions-educatives\\\/\",\"name\":\"Mutxamel celebra les VI Jornades d'Orientaci\u00f3 Formativa per a l'ocupaci\u00f3 amb la participaci\u00f3 de m\u00e9s de 40 empreses i institucions educatives - Ayuntamiento de Mutxamel\",\"isPartOf\":{\"@id\":\"https:\\\/\\\/ayto.mutxamel.org\\\/ca\\\/#website\"},\"primaryImageOfPage\":{\"@id\":\"https:\\\/\\\/ayto.mutxamel.org\\\/ca\\\/mutxamel-celebra-les-vi-jornades-dorientacio-formativa-per-a-locupacio-amb-la-participacio-de-mes-de-40-empreses-i-institucions-educatives\\\/#primaryimage\"},\"image\":{\"@id\":\"https:\\\/\\\/ayto.mutxamel.org\\\/ca\\\/mutxamel-celebra-les-vi-jornades-dorientacio-formativa-per-a-locupacio-amb-la-participacio-de-mes-de-40-empreses-i-institucions-educatives\\\/#primaryimage\"},\"thumbnailUrl\":\"https:\\\/\\\/ayto.mutxamel.org\\\/wp-content\\\/uploads\\\/2023\\\/10\\\/VI-Jornadas-Orientacion-Formativa-cast-scaled.jpg\",\"datePublished\":\"2024-03-05T10:59:03+00:00\",\"author\":{\"@id\":\"https:\\\/\\\/ayto.mutxamel.org\\\/ca\\\/#\\\/schema\\\/person\\\/8bb17850f73318e8f5e0db353ab93815\"},\"breadcrumb\":{\"@id\":\"https:\\\/\\\/ayto.mutxamel.org\\\/ca\\\/mutxamel-celebra-les-vi-jornades-dorientacio-formativa-per-a-locupacio-amb-la-participacio-de-mes-de-40-empreses-i-institucions-educatives\\\/#breadcrumb\"},\"inLanguage\":\"ca\",\"potentialAction\":[{\"@type\":\"ReadAction\",\"target\":[\"https:\\\/\\\/ayto.mutxamel.org\\\/ca\\\/mutxamel-celebra-les-vi-jornades-dorientacio-formativa-per-a-locupacio-amb-la-participacio-de-mes-de-40-empreses-i-institucions-educatives\\\/\"]}]},{\"@type\":\"ImageObject\",\"inLanguage\":\"ca\",\"@id\":\"https:\\\/\\\/ayto.mutxamel.org\\\/ca\\\/mutxamel-celebra-les-vi-jornades-dorientacio-formativa-per-a-locupacio-amb-la-participacio-de-mes-de-40-empreses-i-institucions-educatives\\\/#primaryimage\",\"url\":\"https:\\\/\\\/ayto.mutxamel.org\\\/wp-content\\\/uploads\\\/2023\\\/10\\\/VI-Jornadas-Orientacion-Formativa-cast-scaled.jpg\",\"contentUrl\":\"https:\\\/\\\/ayto.mutxamel.org\\\/wp-content\\\/uploads\\\/2023\\\/10\\\/VI-Jornadas-Orientacion-Formativa-cast-scaled.jpg\",\"width\":1357,\"height\":1920,\"caption\":\"jornada orientacion\"},{\"@type\":\"BreadcrumbList\",\"@id\":\"https:\\\/\\\/ayto.mutxamel.org\\\/ca\\\/mutxamel-celebra-les-vi-jornades-dorientacio-formativa-per-a-locupacio-amb-la-participacio-de-mes-de-40-empreses-i-institucions-educatives\\\/#breadcrumb\",\"itemListElement\":[{\"@type\":\"ListItem\",\"position\":1,\"name\":\"Portada\",\"item\":\"https:\\\/\\\/ayto.mutxamel.org\\\/ca\\\/\"},{\"@type\":\"ListItem\",\"position\":2,\"name\":\"Mutxamel celebra les VI Jornades d&#8217;Orientaci\u00f3 Formativa per a l&#8217;ocupaci\u00f3 amb la participaci\u00f3 de m\u00e9s de 40 empreses i institucions educatives\"}]},{\"@type\":\"WebSite\",\"@id\":\"https:\\\/\\\/ayto.mutxamel.org\\\/ca\\\/#website\",\"url\":\"https:\\\/\\\/ayto.mutxamel.org\\\/ca\\\/\",\"name\":\"Ayuntamiento de Mutxamel\",\"description\":\"\",\"potentialAction\":[{\"@type\":\"SearchAction\",\"target\":{\"@type\":\"EntryPoint\",\"urlTemplate\":\"https:\\\/\\\/ayto.mutxamel.org\\\/ca\\\/?s={search_term_string}\"},\"query-input\":{\"@type\":\"PropertyValueSpecification\",\"valueRequired\":true,\"valueName\":\"search_term_string\"}}],\"inLanguage\":\"ca\"},{\"@type\":\"Person\",\"@id\":\"https:\\\/\\\/ayto.mutxamel.org\\\/ca\\\/#\\\/schema\\\/person\\\/8bb17850f73318e8f5e0db353ab93815\",\"name\":\"Gabinete de Comunicacion Ayuntamiento Mutxamel\",\"url\":\"https:\\\/\\\/ayto.mutxamel.org\\\/ca\\\/author\\\/gabinete-de-comunicacion-ayuntamiento-mutxamel\\\/\"}]}<\/script>\n<!-- \/ Yoast SEO plugin. -->","yoast_head_json":{"title":"Mutxamel celebra les VI Jornades d'Orientaci\u00f3 Formativa per a l'ocupaci\u00f3 amb la participaci\u00f3 de m\u00e9s de 40 empreses i institucions educatives - Ayuntamiento de Mutxamel","robots":{"index":"index","follow":"follow","max-snippet":"max-snippet:-1","max-image-preview":"max-image-preview:large","max-video-preview":"max-video-preview:-1"},"canonical":"https:\/\/ayto.mutxamel.org\/ca\/mutxamel-celebra-les-vi-jornades-dorientacio-formativa-per-a-locupacio-amb-la-participacio-de-mes-de-40-empreses-i-institucions-educatives\/","og_locale":"ca_ES","og_type":"article","og_title":"Mutxamel celebra les VI Jornades d'Orientaci\u00f3 Formativa per a l'ocupaci\u00f3 amb la participaci\u00f3 de m\u00e9s de 40 empreses i institucions educatives - Ayuntamiento de Mutxamel","og_description":"Mutxamel, 5 de mar\u00e7 de 2024 L&#8217;activitat es realitzar\u00e0 el 15 de mar\u00e7 de 9.00 a 14.00 hores i t\u00e9 com a objectiu ajudar la joventut a dissenyar el seu itinerari acad\u00e8mic i professional \u00a0 L&#8217;Ajuntament\u00a0 de Mutxamel, des de la regidoria d&#8217;Ocupaci\u00f3, l&#8217;Ag\u00e8ncia\u00a0 de Desenvolupament Local i la regidoria d&#8217;Educaci\u00f3, celebra el pr\u00f2xim 15...","og_url":"https:\/\/ayto.mutxamel.org\/ca\/mutxamel-celebra-les-vi-jornades-dorientacio-formativa-per-a-locupacio-amb-la-participacio-de-mes-de-40-empreses-i-institucions-educatives\/","og_site_name":"Ayuntamiento de Mutxamel","article_published_time":"2024-03-05T10:59:03+00:00","og_image":[{"width":1357,"height":1920,"url":"https:\/\/ayto.mutxamel.org\/wp-content\/uploads\/2023\/10\/VI-Jornadas-Orientacion-Formativa-cast-scaled.jpg","type":"image\/jpeg"}],"author":"Gabinete de Comunicacion Ayuntamiento Mutxamel","twitter_card":"summary_large_image","twitter_misc":{"Escrit per":"Gabinete de Comunicacion Ayuntamiento Mutxamel","Temps estimat de lectura":"3 minuts"},"schema":{"@context":"https:\/\/schema.org","@graph":[{"@type":"Article","@id":"https:\/\/ayto.mutxamel.org\/ca\/mutxamel-celebra-les-vi-jornades-dorientacio-formativa-per-a-locupacio-amb-la-participacio-de-mes-de-40-empreses-i-institucions-educatives\/#article","isPartOf":{"@id":"https:\/\/ayto.mutxamel.org\/ca\/mutxamel-celebra-les-vi-jornades-dorientacio-formativa-per-a-locupacio-amb-la-participacio-de-mes-de-40-empreses-i-institucions-educatives\/"},"author":{"name":"Gabinete de Comunicacion Ayuntamiento Mutxamel","@id":"https:\/\/ayto.mutxamel.org\/ca\/#\/schema\/person\/8bb17850f73318e8f5e0db353ab93815"},"headline":"Mutxamel celebra les VI Jornades d&#8217;Orientaci\u00f3 Formativa per a l&#8217;ocupaci\u00f3 amb la participaci\u00f3 de m\u00e9s de 40 empreses i institucions educatives","datePublished":"2024-03-05T10:59:03+00:00","mainEntityOfPage":{"@id":"https:\/\/ayto.mutxamel.org\/ca\/mutxamel-celebra-les-vi-jornades-dorientacio-formativa-per-a-locupacio-amb-la-participacio-de-mes-de-40-empreses-i-institucions-educatives\/"},"wordCount":721,"image":{"@id":"https:\/\/ayto.mutxamel.org\/ca\/mutxamel-celebra-les-vi-jornades-dorientacio-formativa-per-a-locupacio-amb-la-participacio-de-mes-de-40-empreses-i-institucions-educatives\/#primaryimage"},"thumbnailUrl":"https:\/\/ayto.mutxamel.org\/wp-content\/uploads\/2023\/10\/VI-Jornadas-Orientacion-Formativa-cast-scaled.jpg","articleSection":["Agencia de Desenvolupament Local","Comunicaci\u00f3","Notes de premsa","Noticies"],"inLanguage":"ca"},{"@type":"WebPage","@id":"https:\/\/ayto.mutxamel.org\/ca\/mutxamel-celebra-les-vi-jornades-dorientacio-formativa-per-a-locupacio-amb-la-participacio-de-mes-de-40-empreses-i-institucions-educatives\/","url":"https:\/\/ayto.mutxamel.org\/ca\/mutxamel-celebra-les-vi-jornades-dorientacio-formativa-per-a-locupacio-amb-la-participacio-de-mes-de-40-empreses-i-institucions-educatives\/","name":"Mutxamel celebra les VI Jornades d'Orientaci\u00f3 Formativa per a l'ocupaci\u00f3 amb la participaci\u00f3 de m\u00e9s de 40 empreses i institucions educatives - Ayuntamiento de Mutxamel","isPartOf":{"@id":"https:\/\/ayto.mutxamel.org\/ca\/#website"},"primaryImageOfPage":{"@id":"https:\/\/ayto.mutxamel.org\/ca\/mutxamel-celebra-les-vi-jornades-dorientacio-formativa-per-a-locupacio-amb-la-participacio-de-mes-de-40-empreses-i-institucions-educatives\/#primaryimage"},"image":{"@id":"https:\/\/ayto.mutxamel.org\/ca\/mutxamel-celebra-les-vi-jornades-dorientacio-formativa-per-a-locupacio-amb-la-participacio-de-mes-de-40-empreses-i-institucions-educatives\/#primaryimage"},"thumbnailUrl":"https:\/\/ayto.mutxamel.org\/wp-content\/uploads\/2023\/10\/VI-Jornadas-Orientacion-Formativa-cast-scaled.jpg","datePublished":"2024-03-05T10:59:03+00:00","author":{"@id":"https:\/\/ayto.mutxamel.org\/ca\/#\/schema\/person\/8bb17850f73318e8f5e0db353ab93815"},"breadcrumb":{"@id":"https:\/\/ayto.mutxamel.org\/ca\/mutxamel-celebra-les-vi-jornades-dorientacio-formativa-per-a-locupacio-amb-la-participacio-de-mes-de-40-empreses-i-institucions-educatives\/#breadcrumb"},"inLanguage":"ca","potentialAction":[{"@type":"ReadAction","target":["https:\/\/ayto.mutxamel.org\/ca\/mutxamel-celebra-les-vi-jornades-dorientacio-formativa-per-a-locupacio-amb-la-participacio-de-mes-de-40-empreses-i-institucions-educatives\/"]}]},{"@type":"ImageObject","inLanguage":"ca","@id":"https:\/\/ayto.mutxamel.org\/ca\/mutxamel-celebra-les-vi-jornades-dorientacio-formativa-per-a-locupacio-amb-la-participacio-de-mes-de-40-empreses-i-institucions-educatives\/#primaryimage","url":"https:\/\/ayto.mutxamel.org\/wp-content\/uploads\/2023\/10\/VI-Jornadas-Orientacion-Formativa-cast-scaled.jpg","contentUrl":"https:\/\/ayto.mutxamel.org\/wp-content\/uploads\/2023\/10\/VI-Jornadas-Orientacion-Formativa-cast-scaled.jpg","width":1357,"height":1920,"caption":"jornada orientacion"},{"@type":"BreadcrumbList","@id":"https:\/\/ayto.mutxamel.org\/ca\/mutxamel-celebra-les-vi-jornades-dorientacio-formativa-per-a-locupacio-amb-la-participacio-de-mes-de-40-empreses-i-institucions-educatives\/#breadcrumb","itemListElement":[{"@type":"ListItem","position":1,"name":"Portada","item":"https:\/\/ayto.mutxamel.org\/ca\/"},{"@type":"ListItem","position":2,"name":"Mutxamel celebra les VI Jornades d&#8217;Orientaci\u00f3 Formativa per a l&#8217;ocupaci\u00f3 amb la participaci\u00f3 de m\u00e9s de 40 empreses i institucions educatives"}]},{"@type":"WebSite","@id":"https:\/\/ayto.mutxamel.org\/ca\/#website","url":"https:\/\/ayto.mutxamel.org\/ca\/","name":"Ayuntamiento de Mutxamel","description":"","potentialAction":[{"@type":"SearchAction","target":{"@type":"EntryPoint","urlTemplate":"https:\/\/ayto.mutxamel.org\/ca\/?s={search_term_string}"},"query-input":{"@type":"PropertyValueSpecification","valueRequired":true,"valueName":"search_term_string"}}],"inLanguage":"ca"},{"@type":"Person","@id":"https:\/\/ayto.mutxamel.org\/ca\/#\/schema\/person\/8bb17850f73318e8f5e0db353ab93815","name":"Gabinete de Comunicacion Ayuntamiento Mutxamel","url":"https:\/\/ayto.mutxamel.org\/ca\/author\/gabinete-de-comunicacion-ayuntamiento-mutxamel\/"}]}},"_links":{"self":[{"href":"https:\/\/ayto.mutxamel.org\/ca\/wp-json\/wp\/v2\/posts\/42259","targetHints":{"allow":["GET"]}}],"collection":[{"href":"https:\/\/ayto.mutxamel.org\/ca\/wp-json\/wp\/v2\/posts"}],"about":[{"href":"https:\/\/ayto.mutxamel.org\/ca\/wp-json\/wp\/v2\/types\/post"}],"author":[{"embeddable":true,"href":"https:\/\/ayto.mutxamel.org\/ca\/wp-json\/wp\/v2\/users\/6"}],"replies":[{"embeddable":true,"href":"https:\/\/ayto.mutxamel.org\/ca\/wp-json\/wp\/v2\/comments?post=42259"}],"version-history":[{"count":0,"href":"https:\/\/ayto.mutxamel.org\/ca\/wp-json\/wp\/v2\/posts\/42259\/revisions"}],"wp:featuredmedia":[{"embeddable":true,"href":"https:\/\/ayto.mutxamel.org\/ca\/wp-json\/wp\/v2\/media\/42229"}],"wp:attachment":[{"href":"https:\/\/ayto.mutxamel.org\/ca\/wp-json\/wp\/v2\/media?parent=42259"}],"wp:term":[{"taxonomy":"category","embeddable":true,"href":"https:\/\/ayto.mutxamel.org\/ca\/wp-json\/wp\/v2\/categories?post=42259"},{"taxonomy":"post_tag","embeddable":true,"href":"https:\/\/ayto.mutxamel.org\/ca\/wp-json\/wp\/v2\/tags?post=42259"}],"curies":[{"name":"wp","href":"https:\/\/api.w.org\/{rel}","templated":true}]}}