{"id":3771,"date":"2018-09-06T12:22:25","date_gmt":"2018-09-06T10:22:25","guid":{"rendered":"https:\/\/ayto.mutxamel.org\/?p=3771"},"modified":"2023-12-01T14:27:36","modified_gmt":"2023-12-01T13:27:36","slug":"assumpcio-brotons-i-boix-sera-la-pregonera-de-les-festes-de-mutxamel","status":"publish","type":"post","link":"https:\/\/ayto.mutxamel.org\/ca\/assumpcio-brotons-i-boix-sera-la-pregonera-de-les-festes-de-mutxamel\/","title":{"rendered":"Assumpci\u00f3 Brotons i Boix ser\u00e0 la pregonera de les festes de Mutxamel"},"content":{"rendered":"<p>La bibliotec\u00e0ria, arxivera i cronista municipal ser\u00e0 l&#8217;encarregada de cridar a les mutxameleres i mutxamelers a la festa des de la balconada de l&#8217;ajuntament.<\/p>\n<p>El preg\u00f3 tindr\u00e0 lloc divendres que ve, 7 de setembre, a les 24 hores, a continuaci\u00f3, actuar\u00e0 la Societat Musical L\u2019Alian\u00e7a, es dispararan focs artificials i s&#8217;inaugurar\u00e0 la Revetla Popular.<\/p>\n<p>Assumpci\u00f3 Brotons i Boix, nascuda a Mutxamel, \u00e9s llicenciada en Geografia i Hist\u00f2ria per la Universitat de Barcelona. Bibliotec\u00e0ria i arxivera de l&#8217;Ajuntament de Mutxamel des de l&#8217;any 1982, a m\u00e9s \u00e9s la Cronista Oficial d&#8217;esta localitat. El seu treball ha estat dirigit en estes dos direccions, que tenen com a objectiu consolidar i divulgar el patrimoni cultural i etnogr\u00e0fic de Mutxamel per a salvaguardar la mem\u00f2ria col\u00b7lectiva i fer possible que els m\u00e9s j\u00f3vens s&#8217;acosten al present coneixent el passat.<\/p>\n<p>Fruit d&#8217;este esfor\u00e7 s\u00f3n les nombroses col\u00b7laboracions aparegudes en la secci\u00f3 Tribuna del peri\u00f2dic Informaci\u00f3, i en diversos diaris locals, en revistes com El Salt de la Diputaci\u00f3 Provincial d&#8217;Alacant i en els llibres de festes de Moros i Cristians, finalment ha col\u00b7laborat com a assessora en guies sobre la poblaci\u00f3 i com a guionista en DVD editats per diferents entitats culturals i festeres locals.<\/p>\n<p>Altres publicacions que mostres el seu treball de recerca s\u00f3n els llibres sobre la localitat: Mutxamel: ressenya econ\u00f2mica (2000); Mutxamel: records d\u2019un segle (2002), obra col\u00b7lectiva amb l&#8217;AC L\u2019Assut; Teatre a Mutxamel: 1903-2003 (2003); Mutxamel: Llibre de les ambaixades de les festes de Moros i Cristians (2005), que arreplega els manuscrits originals referents a les ambaixades festeres de la localitat; Llibre de la Confraria de la Mare de D\u00e9u de Loreto, la seua an\u00e0lisi i interpretaci\u00f3 (2007), en col\u00b7laboraci\u00f3 amb la doctora Susana Llorens, responsable de l&#8217;Arxiu Municipal d&#8217;Alacant; Societat Musical L\u2019Alian\u00e7a: 150 anys fent m\u00fasica (2010), amb motiu del segle i mitj\u00e0 d&#8217;exist\u00e8ncia de la Societat Musical L\u2019Alian\u00e7a, banda de m\u00fasica local; Caminant per Mutxamel (2013), un estudi detallat i complet de l&#8217;evoluci\u00f3 hist\u00f2rica dels carrers i places del municipi; Esgl\u00e9sia El Salvador: 500 anys d\u2019hist\u00f2ria (2015) que analitza els cinc segles de vida des de la construcci\u00f3 de la primitiva esgl\u00e9sia; i finalment, Transformaci\u00f3 urban\u00edstica de Mutxamel (1928-2006) que va ser publicat en el mes d&#8217;octubre de 2017 i \u00e9s un ampli i detallat cat\u00e0leg de l&#8217;exposici\u00f3 que amb el mateix nom es va poder gaudir en la Casa de la Cultura de Mutxamel.<\/p>\n<p>D&#8217;altra banda, ha participat en diferents congressos d&#8217;hist\u00f2ria i jornades culturals tant en la prov\u00edncia de Val\u00e8ncia com a Alacant, on ha presentat pon\u00e8ncies que mostren els seus estudis sobre el patrimoni hidr\u00e0ulic mutxameler, aix\u00ed com els usos i costums agr\u00edcoles, que formen part de la denominada Horta d&#8217;Alacant. Algunes d&#8217;estes intervencions han estat lligades a les exposicions fotogr\u00e0fiques de l&#8217;artista Fernando Mart\u00ednez, per a mostrar simult\u00e0niament una panor\u00e0mica visual i escrita sobre El riu Montnegre: aigua i vida (2014).<\/p>\n<p>Com a col\u00b7laboradora de la Universitat Polit\u00e8cnica de Val\u00e8ncia (Campus d\u2019Alcoi) ha participat en la LXIX Jornada Difutec, amb el t\u00edtol de Mutxamel Patrimoni Hidr\u00e0ulic, aix\u00ed com amb el documental Aigua, terra, vida produ\u00eft tamb\u00e9 pel Campus d\u2019Alcoi de la UPV presentat al setembre de 2017.<\/p>\n<p><img loading=\"lazy\" decoding=\"async\" class=\"alignnone size-full wp-image-3768\" src=\"https:\/\/ayto.mutxamel.org\/wp-content\/uploads\/Pregonera-Suni.jpg\" alt=\"\" width=\"900\" height=\"600\"><\/p>\n","protected":false},"excerpt":{"rendered":"<p>La bibliotec\u00e0ria, arxivera i cronista municipal ser\u00e0 l&#8217;encarregada de cridar a les mutxameleres i mutxamelers a la festa des de la balconada de l&#8217;ajuntament. El preg\u00f3 tindr\u00e0 lloc divendres que ve, 7 de setembre, a les 24 hores, a continuaci\u00f3, actuar\u00e0 la Societat Musical L\u2019Alian\u00e7a, es dispararan focs artificials i s&#8217;inaugurar\u00e0 la Revetla Popular. Assumpci\u00f3&#8230;<\/p>\n","protected":false},"author":5,"featured_media":3767,"comment_status":"closed","ping_status":"open","sticky":false,"template":"","format":"standard","meta":{"_acf_changed":false,"footnotes":""},"categories":[351,282],"tags":[325,323],"class_list":["post-3771","post","type-post","status-publish","format-standard","has-post-thumbnail","hentry","category-hemeroteca-ca","category-noticies","tag-festes","tag-hemeroteca-va"],"acf":[],"yoast_head":"<!-- This site is optimized with the Yoast SEO plugin v27.3 - https:\/\/yoast.com\/product\/yoast-seo-wordpress\/ -->\n<title>Assumpci\u00f3 Brotons i Boix ser\u00e0 la pregonera de les festes de Mutxamel - Ayuntamiento de Mutxamel<\/title>\n<meta name=\"robots\" content=\"index, follow, max-snippet:-1, max-image-preview:large, max-video-preview:-1\" \/>\n<link rel=\"canonical\" href=\"https:\/\/ayto.mutxamel.org\/ca\/assumpcio-brotons-i-boix-sera-la-pregonera-de-les-festes-de-mutxamel\/\" \/>\n<meta property=\"og:locale\" content=\"ca_ES\" \/>\n<meta property=\"og:type\" content=\"article\" \/>\n<meta property=\"og:title\" content=\"Assumpci\u00f3 Brotons i Boix ser\u00e0 la pregonera de les festes de Mutxamel - Ayuntamiento de Mutxamel\" \/>\n<meta property=\"og:description\" content=\"La bibliotec\u00e0ria, arxivera i cronista municipal ser\u00e0 l&#8217;encarregada de cridar a les mutxameleres i mutxamelers a la festa des de la balconada de l&#8217;ajuntament. El preg\u00f3 tindr\u00e0 lloc divendres que ve, 7 de setembre, a les 24 hores, a continuaci\u00f3, actuar\u00e0 la Societat Musical L\u2019Alian\u00e7a, es dispararan focs artificials i s&#8217;inaugurar\u00e0 la Revetla Popular. Assumpci\u00f3...\" \/>\n<meta property=\"og:url\" content=\"https:\/\/ayto.mutxamel.org\/ca\/assumpcio-brotons-i-boix-sera-la-pregonera-de-les-festes-de-mutxamel\/\" \/>\n<meta property=\"og:site_name\" content=\"Ayuntamiento de Mutxamel\" \/>\n<meta property=\"article:published_time\" content=\"2018-09-06T10:22:25+00:00\" \/>\n<meta property=\"article:modified_time\" content=\"2023-12-01T13:27:36+00:00\" \/>\n<meta name=\"author\" content=\"Ayuntamiento Mutxamel\" \/>\n<meta name=\"twitter:card\" content=\"summary_large_image\" \/>\n<meta name=\"twitter:label1\" content=\"Escrit per\" \/>\n\t<meta name=\"twitter:data1\" content=\"Ayuntamiento Mutxamel\" \/>\n\t<meta name=\"twitter:label2\" content=\"Temps estimat de lectura\" \/>\n\t<meta name=\"twitter:data2\" content=\"3 minuts\" \/>\n<script type=\"application\/ld+json\" class=\"yoast-schema-graph\">{\"@context\":\"https:\\\/\\\/schema.org\",\"@graph\":[{\"@type\":\"Article\",\"@id\":\"https:\\\/\\\/ayto.mutxamel.org\\\/ca\\\/assumpcio-brotons-i-boix-sera-la-pregonera-de-les-festes-de-mutxamel\\\/#article\",\"isPartOf\":{\"@id\":\"https:\\\/\\\/ayto.mutxamel.org\\\/ca\\\/assumpcio-brotons-i-boix-sera-la-pregonera-de-les-festes-de-mutxamel\\\/\"},\"author\":{\"name\":\"Ayuntamiento Mutxamel\",\"@id\":\"https:\\\/\\\/ayto.mutxamel.org\\\/ca\\\/#\\\/schema\\\/person\\\/0a64c1c652c34ba957ddc1a83e56bbfa\"},\"headline\":\"Assumpci\u00f3 Brotons i Boix ser\u00e0 la pregonera de les festes de Mutxamel\",\"datePublished\":\"2018-09-06T10:22:25+00:00\",\"dateModified\":\"2023-12-01T13:27:36+00:00\",\"mainEntityOfPage\":{\"@id\":\"https:\\\/\\\/ayto.mutxamel.org\\\/ca\\\/assumpcio-brotons-i-boix-sera-la-pregonera-de-les-festes-de-mutxamel\\\/\"},\"wordCount\":594,\"image\":{\"@id\":\"https:\\\/\\\/ayto.mutxamel.org\\\/ca\\\/assumpcio-brotons-i-boix-sera-la-pregonera-de-les-festes-de-mutxamel\\\/#primaryimage\"},\"thumbnailUrl\":\"\",\"keywords\":[\"Festes\",\"Hemeroteca\"],\"articleSection\":[\"Hemeroteca\",\"Noticies\"],\"inLanguage\":\"ca\"},{\"@type\":\"WebPage\",\"@id\":\"https:\\\/\\\/ayto.mutxamel.org\\\/ca\\\/assumpcio-brotons-i-boix-sera-la-pregonera-de-les-festes-de-mutxamel\\\/\",\"url\":\"https:\\\/\\\/ayto.mutxamel.org\\\/ca\\\/assumpcio-brotons-i-boix-sera-la-pregonera-de-les-festes-de-mutxamel\\\/\",\"name\":\"Assumpci\u00f3 Brotons i Boix ser\u00e0 la pregonera de les festes de Mutxamel - Ayuntamiento de Mutxamel\",\"isPartOf\":{\"@id\":\"https:\\\/\\\/ayto.mutxamel.org\\\/ca\\\/#website\"},\"primaryImageOfPage\":{\"@id\":\"https:\\\/\\\/ayto.mutxamel.org\\\/ca\\\/assumpcio-brotons-i-boix-sera-la-pregonera-de-les-festes-de-mutxamel\\\/#primaryimage\"},\"image\":{\"@id\":\"https:\\\/\\\/ayto.mutxamel.org\\\/ca\\\/assumpcio-brotons-i-boix-sera-la-pregonera-de-les-festes-de-mutxamel\\\/#primaryimage\"},\"thumbnailUrl\":\"\",\"datePublished\":\"2018-09-06T10:22:25+00:00\",\"dateModified\":\"2023-12-01T13:27:36+00:00\",\"author\":{\"@id\":\"https:\\\/\\\/ayto.mutxamel.org\\\/ca\\\/#\\\/schema\\\/person\\\/0a64c1c652c34ba957ddc1a83e56bbfa\"},\"breadcrumb\":{\"@id\":\"https:\\\/\\\/ayto.mutxamel.org\\\/ca\\\/assumpcio-brotons-i-boix-sera-la-pregonera-de-les-festes-de-mutxamel\\\/#breadcrumb\"},\"inLanguage\":\"ca\",\"potentialAction\":[{\"@type\":\"ReadAction\",\"target\":[\"https:\\\/\\\/ayto.mutxamel.org\\\/ca\\\/assumpcio-brotons-i-boix-sera-la-pregonera-de-les-festes-de-mutxamel\\\/\"]}]},{\"@type\":\"ImageObject\",\"inLanguage\":\"ca\",\"@id\":\"https:\\\/\\\/ayto.mutxamel.org\\\/ca\\\/assumpcio-brotons-i-boix-sera-la-pregonera-de-les-festes-de-mutxamel\\\/#primaryimage\",\"url\":\"\",\"contentUrl\":\"\"},{\"@type\":\"BreadcrumbList\",\"@id\":\"https:\\\/\\\/ayto.mutxamel.org\\\/ca\\\/assumpcio-brotons-i-boix-sera-la-pregonera-de-les-festes-de-mutxamel\\\/#breadcrumb\",\"itemListElement\":[{\"@type\":\"ListItem\",\"position\":1,\"name\":\"Portada\",\"item\":\"https:\\\/\\\/ayto.mutxamel.org\\\/ca\\\/\"},{\"@type\":\"ListItem\",\"position\":2,\"name\":\"Assumpci\u00f3 Brotons i Boix ser\u00e0 la pregonera de les festes de Mutxamel\"}]},{\"@type\":\"WebSite\",\"@id\":\"https:\\\/\\\/ayto.mutxamel.org\\\/ca\\\/#website\",\"url\":\"https:\\\/\\\/ayto.mutxamel.org\\\/ca\\\/\",\"name\":\"Ayuntamiento de Mutxamel\",\"description\":\"\",\"potentialAction\":[{\"@type\":\"SearchAction\",\"target\":{\"@type\":\"EntryPoint\",\"urlTemplate\":\"https:\\\/\\\/ayto.mutxamel.org\\\/ca\\\/?s={search_term_string}\"},\"query-input\":{\"@type\":\"PropertyValueSpecification\",\"valueRequired\":true,\"valueName\":\"search_term_string\"}}],\"inLanguage\":\"ca\"},{\"@type\":\"Person\",\"@id\":\"https:\\\/\\\/ayto.mutxamel.org\\\/ca\\\/#\\\/schema\\\/person\\\/0a64c1c652c34ba957ddc1a83e56bbfa\",\"name\":\"Ayuntamiento Mutxamel\",\"url\":\"https:\\\/\\\/ayto.mutxamel.org\\\/ca\\\/author\\\/ayuntamiento-mutxamel\\\/\"}]}<\/script>\n<!-- \/ Yoast SEO plugin. -->","yoast_head_json":{"title":"Assumpci\u00f3 Brotons i Boix ser\u00e0 la pregonera de les festes de Mutxamel - Ayuntamiento de Mutxamel","robots":{"index":"index","follow":"follow","max-snippet":"max-snippet:-1","max-image-preview":"max-image-preview:large","max-video-preview":"max-video-preview:-1"},"canonical":"https:\/\/ayto.mutxamel.org\/ca\/assumpcio-brotons-i-boix-sera-la-pregonera-de-les-festes-de-mutxamel\/","og_locale":"ca_ES","og_type":"article","og_title":"Assumpci\u00f3 Brotons i Boix ser\u00e0 la pregonera de les festes de Mutxamel - Ayuntamiento de Mutxamel","og_description":"La bibliotec\u00e0ria, arxivera i cronista municipal ser\u00e0 l&#8217;encarregada de cridar a les mutxameleres i mutxamelers a la festa des de la balconada de l&#8217;ajuntament. El preg\u00f3 tindr\u00e0 lloc divendres que ve, 7 de setembre, a les 24 hores, a continuaci\u00f3, actuar\u00e0 la Societat Musical L\u2019Alian\u00e7a, es dispararan focs artificials i s&#8217;inaugurar\u00e0 la Revetla Popular. Assumpci\u00f3...","og_url":"https:\/\/ayto.mutxamel.org\/ca\/assumpcio-brotons-i-boix-sera-la-pregonera-de-les-festes-de-mutxamel\/","og_site_name":"Ayuntamiento de Mutxamel","article_published_time":"2018-09-06T10:22:25+00:00","article_modified_time":"2023-12-01T13:27:36+00:00","author":"Ayuntamiento Mutxamel","twitter_card":"summary_large_image","twitter_misc":{"Escrit per":"Ayuntamiento Mutxamel","Temps estimat de lectura":"3 minuts"},"schema":{"@context":"https:\/\/schema.org","@graph":[{"@type":"Article","@id":"https:\/\/ayto.mutxamel.org\/ca\/assumpcio-brotons-i-boix-sera-la-pregonera-de-les-festes-de-mutxamel\/#article","isPartOf":{"@id":"https:\/\/ayto.mutxamel.org\/ca\/assumpcio-brotons-i-boix-sera-la-pregonera-de-les-festes-de-mutxamel\/"},"author":{"name":"Ayuntamiento Mutxamel","@id":"https:\/\/ayto.mutxamel.org\/ca\/#\/schema\/person\/0a64c1c652c34ba957ddc1a83e56bbfa"},"headline":"Assumpci\u00f3 Brotons i Boix ser\u00e0 la pregonera de les festes de Mutxamel","datePublished":"2018-09-06T10:22:25+00:00","dateModified":"2023-12-01T13:27:36+00:00","mainEntityOfPage":{"@id":"https:\/\/ayto.mutxamel.org\/ca\/assumpcio-brotons-i-boix-sera-la-pregonera-de-les-festes-de-mutxamel\/"},"wordCount":594,"image":{"@id":"https:\/\/ayto.mutxamel.org\/ca\/assumpcio-brotons-i-boix-sera-la-pregonera-de-les-festes-de-mutxamel\/#primaryimage"},"thumbnailUrl":"","keywords":["Festes","Hemeroteca"],"articleSection":["Hemeroteca","Noticies"],"inLanguage":"ca"},{"@type":"WebPage","@id":"https:\/\/ayto.mutxamel.org\/ca\/assumpcio-brotons-i-boix-sera-la-pregonera-de-les-festes-de-mutxamel\/","url":"https:\/\/ayto.mutxamel.org\/ca\/assumpcio-brotons-i-boix-sera-la-pregonera-de-les-festes-de-mutxamel\/","name":"Assumpci\u00f3 Brotons i Boix ser\u00e0 la pregonera de les festes de Mutxamel - Ayuntamiento de Mutxamel","isPartOf":{"@id":"https:\/\/ayto.mutxamel.org\/ca\/#website"},"primaryImageOfPage":{"@id":"https:\/\/ayto.mutxamel.org\/ca\/assumpcio-brotons-i-boix-sera-la-pregonera-de-les-festes-de-mutxamel\/#primaryimage"},"image":{"@id":"https:\/\/ayto.mutxamel.org\/ca\/assumpcio-brotons-i-boix-sera-la-pregonera-de-les-festes-de-mutxamel\/#primaryimage"},"thumbnailUrl":"","datePublished":"2018-09-06T10:22:25+00:00","dateModified":"2023-12-01T13:27:36+00:00","author":{"@id":"https:\/\/ayto.mutxamel.org\/ca\/#\/schema\/person\/0a64c1c652c34ba957ddc1a83e56bbfa"},"breadcrumb":{"@id":"https:\/\/ayto.mutxamel.org\/ca\/assumpcio-brotons-i-boix-sera-la-pregonera-de-les-festes-de-mutxamel\/#breadcrumb"},"inLanguage":"ca","potentialAction":[{"@type":"ReadAction","target":["https:\/\/ayto.mutxamel.org\/ca\/assumpcio-brotons-i-boix-sera-la-pregonera-de-les-festes-de-mutxamel\/"]}]},{"@type":"ImageObject","inLanguage":"ca","@id":"https:\/\/ayto.mutxamel.org\/ca\/assumpcio-brotons-i-boix-sera-la-pregonera-de-les-festes-de-mutxamel\/#primaryimage","url":"","contentUrl":""},{"@type":"BreadcrumbList","@id":"https:\/\/ayto.mutxamel.org\/ca\/assumpcio-brotons-i-boix-sera-la-pregonera-de-les-festes-de-mutxamel\/#breadcrumb","itemListElement":[{"@type":"ListItem","position":1,"name":"Portada","item":"https:\/\/ayto.mutxamel.org\/ca\/"},{"@type":"ListItem","position":2,"name":"Assumpci\u00f3 Brotons i Boix ser\u00e0 la pregonera de les festes de Mutxamel"}]},{"@type":"WebSite","@id":"https:\/\/ayto.mutxamel.org\/ca\/#website","url":"https:\/\/ayto.mutxamel.org\/ca\/","name":"Ayuntamiento de Mutxamel","description":"","potentialAction":[{"@type":"SearchAction","target":{"@type":"EntryPoint","urlTemplate":"https:\/\/ayto.mutxamel.org\/ca\/?s={search_term_string}"},"query-input":{"@type":"PropertyValueSpecification","valueRequired":true,"valueName":"search_term_string"}}],"inLanguage":"ca"},{"@type":"Person","@id":"https:\/\/ayto.mutxamel.org\/ca\/#\/schema\/person\/0a64c1c652c34ba957ddc1a83e56bbfa","name":"Ayuntamiento Mutxamel","url":"https:\/\/ayto.mutxamel.org\/ca\/author\/ayuntamiento-mutxamel\/"}]}},"_links":{"self":[{"href":"https:\/\/ayto.mutxamel.org\/ca\/wp-json\/wp\/v2\/posts\/3771","targetHints":{"allow":["GET"]}}],"collection":[{"href":"https:\/\/ayto.mutxamel.org\/ca\/wp-json\/wp\/v2\/posts"}],"about":[{"href":"https:\/\/ayto.mutxamel.org\/ca\/wp-json\/wp\/v2\/types\/post"}],"author":[{"embeddable":true,"href":"https:\/\/ayto.mutxamel.org\/ca\/wp-json\/wp\/v2\/users\/5"}],"replies":[{"embeddable":true,"href":"https:\/\/ayto.mutxamel.org\/ca\/wp-json\/wp\/v2\/comments?post=3771"}],"version-history":[{"count":1,"href":"https:\/\/ayto.mutxamel.org\/ca\/wp-json\/wp\/v2\/posts\/3771\/revisions"}],"predecessor-version":[{"id":35665,"href":"https:\/\/ayto.mutxamel.org\/ca\/wp-json\/wp\/v2\/posts\/3771\/revisions\/35665"}],"wp:featuredmedia":[{"embeddable":true,"href":"https:\/\/ayto.mutxamel.org\/ca\/wp-json\/"}],"wp:attachment":[{"href":"https:\/\/ayto.mutxamel.org\/ca\/wp-json\/wp\/v2\/media?parent=3771"}],"wp:term":[{"taxonomy":"category","embeddable":true,"href":"https:\/\/ayto.mutxamel.org\/ca\/wp-json\/wp\/v2\/categories?post=3771"},{"taxonomy":"post_tag","embeddable":true,"href":"https:\/\/ayto.mutxamel.org\/ca\/wp-json\/wp\/v2\/tags?post=3771"}],"curies":[{"name":"wp","href":"https:\/\/api.w.org\/{rel}","templated":true}]}}