{"id":36838,"date":"2023-11-29T14:11:56","date_gmt":"2023-11-29T13:11:56","guid":{"rendered":"https:\/\/ayto.mutxamel.org\/?p=25594"},"modified":"2023-12-04T11:59:22","modified_gmt":"2023-12-04T10:59:22","slug":"mutxamel-celebra-el-dia-de-la-diversitat-funcional","status":"publish","type":"post","link":"https:\/\/ayto.mutxamel.org\/ca\/mutxamel-celebra-el-dia-de-la-diversitat-funcional\/","title":{"rendered":"Mutxamel celebra el Dia de les Persones amb Discapacitat"},"content":{"rendered":"\r\n<p><strong>Mutxamel. 29 de novembre de 2023<\/strong><\/p>\r\n\r\n\r\n\r\n<p>El pr\u00f2xim dia 3 de desembre se celebra el Dia Internacional de les persones amb Discapacitat i, amb motiu d&#8217;este, Mutxamel desenvolupar\u00e0 una s\u00e8rie d&#8217;activitats durant el mat\u00ed del dissabte 2 de desembre entre les 11.00 i les 13.30 h.<br \/>Des dels Serveis Socials de l&#8217;Ajuntament de Mutxamel es pret\u00e9n donar visibilitat a la diversitat dins de la poblaci\u00f3 del municipi, sensibilitzar sobre la mat\u00e8ria i fomentar el benestar del col\u00b7lectiu a diversos nivells.<br \/>Mitjan\u00e7ant la celebraci\u00f3 d&#8217;este dia Mutxamel busca un acostament de la poblaci\u00f3 general al col\u00b7lectiu, que mostre l&#8217;exist\u00e8ncia de m\u00faltiples realitats alternatives i erradique l&#8217;estigma social associat.<br \/>Per a aconseguir estos objectius es comptar\u00e0 amb la inestimable col\u00b7laboraci\u00f3 de diverses entitats i associacions que treballen amb el col\u00b7lectiu: la Fundaci\u00f3 Casaverde, ADACEA, el Club de Triatl\u00f3 (amb la participaci\u00f3 de Nuria S\u00e1nchez, esportista amb diversitat funciona), la FUNDACI\u00d3 ONCE, Va De Contes, La Llar del Cavall, AEBHA, H\u00e8rcules Paral\u00edmpico i APSA.<br \/>Pel que fa a les activitats previstes, estes es desenvoluparan en el Passeig de la Constituci\u00f3 i en la Pla\u00e7a Sant Roc, on es facilitar\u00e0 que cadascuna de les entitats i associacions compten amb un estand propi. D&#8217;aix\u00f2 mode duran a terme activitats espec\u00edfiques amb l&#8217;objectiu de donar-se a con\u00e9ixer i arribar a la poblaci\u00f3, mostrant en cada cas les diferents realitats existents, aix\u00ed com les possibilitats d&#8217;adaptaci\u00f3 en cadascun dels casos, com mig per al foment en la igualtat d&#8217;oportunitats.<br \/>En representaci\u00f3 de la Fundaci\u00f3 Casaverde acudiran Manuel Mench\u00f3n (director del Centre Residencial de Dany Cerebral Adquirit Casaverde) i Gema (directora del Centre de Rehabilitaci\u00f3 Neurol\u00f2gica d&#8217;Alacant), i posaran a la disposici\u00f3 del p\u00fablic Ulleres Virtuals empleades en rehabilitaci\u00f3 neurol\u00f2gica amb jocs.<br \/>La Llar del Cavall, centre eq\u00fcestre inserit a Mutxamel i que duu a terme Ter\u00e0pia Eq\u00fcestre amb persones amb diversitat funcional, ens portar\u00e0 informaci\u00f3 sobre els seus projectes.<br \/>La FUNDACI\u00d3 ONCE exposar\u00e0 materials adaptats per a persones amb discapacitat visual i ceguesa, aix\u00ed com el desenvolupament d&#8217;algun taller de mobilitat i braille.<br \/>El Club de Triatl\u00f3, al costat de Nuria S\u00e1nchez, mostrar\u00e0 els diferents materials d&#8217;adaptaci\u00f3 utilitzats en el club per a persones amb diversitat funcional.<br \/>L&#8217;associaci\u00f3 AEBHA exposar\u00e0 un circuit amb cons i cadires de rodes, per a convidar a la ciutadania a posar-se en el lloc d&#8217;una persona amb mobilitat redu\u00efda. Tamb\u00e9 comptar\u00e0 amb un estand de car\u00e0cter informatiu i de venda amb algunes manualitats realitzades en la pr\u00f2pia associaci\u00f3.<br \/>Va De Contes, a trav\u00e9s de Beatriz, ha preparat el desenvolupament d&#8217;una activitat interactiva d&#8217;animaci\u00f3 lectora amb tem\u00e0tica inclusiva.<br \/>L&#8217;Equip H\u00e8rcules Paral\u00edmpico portar\u00e0 activitats esportives.<br \/>Alejandro Rizo, m\u00fasic i cantant; i tamb\u00e9 membre i monitor de braille de l&#8217;ONCE, realitzar\u00e0 una actuaci\u00f3 musical.<\/p>\r\n\r\n\r\n\r\n<p><br \/><strong>Gabinet de Comunicaci\u00f3 Ajuntament de Mutxamel<\/strong><\/p>\r\n\r\n\r\n\r\n<figure class=\"wp-block-image size-large\"><img decoding=\"async\" class=\"wp-image-25595\" src=\"https:\/\/ayto.mutxamel.org\/wp-content\/uploads\/2023\/12\/MTX_DiaPersonasDiscapacidad-Val.png\" alt=\"servicios sociales\" \/><\/figure>\r\n","protected":false},"excerpt":{"rendered":"<p>Mutxamel. 29 de novembre de 2023 El pr\u00f2xim dia 3 de desembre se celebra el Dia Internacional de les persones amb Discapacitat i, amb motiu d&#8217;este, Mutxamel desenvolupar\u00e0 una s\u00e8rie d&#8217;activitats durant el mat\u00ed del dissabte 2 de desembre entre les 11.00 i les 13.30 h.Des dels Serveis Socials de l&#8217;Ajuntament de Mutxamel es pret\u00e9n&#8230;<\/p>\n","protected":false},"author":6,"featured_media":36847,"comment_status":"closed","ping_status":"closed","sticky":false,"template":"","format":"standard","meta":{"_acf_changed":false,"footnotes":""},"categories":[282,440],"tags":[332,496,283],"class_list":["post-36838","post","type-post","status-publish","format-standard","has-post-thumbnail","hentry","category-noticies","category-serveis-socials","tag-gabinetcomunicacio","tag-gabinete-de-comunicacion","tag-servicissocials"],"acf":[],"yoast_head":"<!-- This site is optimized with the Yoast SEO plugin v27.3 - https:\/\/yoast.com\/product\/yoast-seo-wordpress\/ -->\n<title>Mutxamel celebra el Dia de les Persones amb Discapacitat - Ayuntamiento de Mutxamel<\/title>\n<meta name=\"robots\" content=\"index, follow, max-snippet:-1, max-image-preview:large, max-video-preview:-1\" \/>\n<link rel=\"canonical\" href=\"https:\/\/ayto.mutxamel.org\/ca\/mutxamel-celebra-el-dia-de-la-diversitat-funcional\/\" \/>\n<meta property=\"og:locale\" content=\"ca_ES\" \/>\n<meta property=\"og:type\" content=\"article\" \/>\n<meta property=\"og:title\" content=\"Mutxamel celebra el Dia de les Persones amb Discapacitat - Ayuntamiento de Mutxamel\" \/>\n<meta property=\"og:description\" content=\"Mutxamel. 29 de novembre de 2023 El pr\u00f2xim dia 3 de desembre se celebra el Dia Internacional de les persones amb Discapacitat i, amb motiu d&#8217;este, Mutxamel desenvolupar\u00e0 una s\u00e8rie d&#8217;activitats durant el mat\u00ed del dissabte 2 de desembre entre les 11.00 i les 13.30 h.Des dels Serveis Socials de l&#8217;Ajuntament de Mutxamel es pret\u00e9n...\" \/>\n<meta property=\"og:url\" content=\"https:\/\/ayto.mutxamel.org\/ca\/mutxamel-celebra-el-dia-de-la-diversitat-funcional\/\" \/>\n<meta property=\"og:site_name\" content=\"Ayuntamiento de Mutxamel\" \/>\n<meta property=\"article:published_time\" content=\"2023-11-29T13:11:56+00:00\" \/>\n<meta property=\"article:modified_time\" content=\"2023-12-04T10:59:22+00:00\" \/>\n<meta property=\"og:image\" content=\"https:\/\/ayto.mutxamel.org\/wp-content\/uploads\/2023\/12\/MTX_DiaPersonasDiscapacidad.png\" \/>\n\t<meta property=\"og:image:width\" content=\"880\" \/>\n\t<meta property=\"og:image:height\" content=\"1244\" \/>\n\t<meta property=\"og:image:type\" content=\"image\/png\" \/>\n<meta name=\"author\" content=\"Gabinete de Comunicacion Ayuntamiento Mutxamel\" \/>\n<meta name=\"twitter:card\" content=\"summary_large_image\" \/>\n<meta name=\"twitter:label1\" content=\"Escrit per\" \/>\n\t<meta name=\"twitter:data1\" content=\"Gabinete de Comunicacion Ayuntamiento Mutxamel\" \/>\n\t<meta name=\"twitter:label2\" content=\"Temps estimat de lectura\" \/>\n\t<meta name=\"twitter:data2\" content=\"2 minuts\" \/>\n<script type=\"application\/ld+json\" class=\"yoast-schema-graph\">{\"@context\":\"https:\\\/\\\/schema.org\",\"@graph\":[{\"@type\":\"Article\",\"@id\":\"https:\\\/\\\/ayto.mutxamel.org\\\/ca\\\/mutxamel-celebra-el-dia-de-la-diversitat-funcional\\\/#article\",\"isPartOf\":{\"@id\":\"https:\\\/\\\/ayto.mutxamel.org\\\/ca\\\/mutxamel-celebra-el-dia-de-la-diversitat-funcional\\\/\"},\"author\":{\"name\":\"Gabinete de Comunicacion Ayuntamiento Mutxamel\",\"@id\":\"https:\\\/\\\/ayto.mutxamel.org\\\/ca\\\/#\\\/schema\\\/person\\\/8bb17850f73318e8f5e0db353ab93815\"},\"headline\":\"Mutxamel celebra el Dia de les Persones amb Discapacitat\",\"datePublished\":\"2023-11-29T13:11:56+00:00\",\"dateModified\":\"2023-12-04T10:59:22+00:00\",\"mainEntityOfPage\":{\"@id\":\"https:\\\/\\\/ayto.mutxamel.org\\\/ca\\\/mutxamel-celebra-el-dia-de-la-diversitat-funcional\\\/\"},\"wordCount\":510,\"image\":{\"@id\":\"https:\\\/\\\/ayto.mutxamel.org\\\/ca\\\/mutxamel-celebra-el-dia-de-la-diversitat-funcional\\\/#primaryimage\"},\"thumbnailUrl\":\"https:\\\/\\\/ayto.mutxamel.org\\\/wp-content\\\/uploads\\\/2023\\\/12\\\/MTX_DiaPersonasDiscapacidad.png\",\"keywords\":[\"Gabinet de Comunicaci\u00f3\",\"Gabinete de Comunicaci\u00f3n\",\"Servicis Socials\"],\"articleSection\":[\"Noticies\",\"Serveis socials\"],\"inLanguage\":\"ca\"},{\"@type\":\"WebPage\",\"@id\":\"https:\\\/\\\/ayto.mutxamel.org\\\/ca\\\/mutxamel-celebra-el-dia-de-la-diversitat-funcional\\\/\",\"url\":\"https:\\\/\\\/ayto.mutxamel.org\\\/ca\\\/mutxamel-celebra-el-dia-de-la-diversitat-funcional\\\/\",\"name\":\"Mutxamel celebra el Dia de les Persones amb Discapacitat - Ayuntamiento de Mutxamel\",\"isPartOf\":{\"@id\":\"https:\\\/\\\/ayto.mutxamel.org\\\/ca\\\/#website\"},\"primaryImageOfPage\":{\"@id\":\"https:\\\/\\\/ayto.mutxamel.org\\\/ca\\\/mutxamel-celebra-el-dia-de-la-diversitat-funcional\\\/#primaryimage\"},\"image\":{\"@id\":\"https:\\\/\\\/ayto.mutxamel.org\\\/ca\\\/mutxamel-celebra-el-dia-de-la-diversitat-funcional\\\/#primaryimage\"},\"thumbnailUrl\":\"https:\\\/\\\/ayto.mutxamel.org\\\/wp-content\\\/uploads\\\/2023\\\/12\\\/MTX_DiaPersonasDiscapacidad.png\",\"datePublished\":\"2023-11-29T13:11:56+00:00\",\"dateModified\":\"2023-12-04T10:59:22+00:00\",\"author\":{\"@id\":\"https:\\\/\\\/ayto.mutxamel.org\\\/ca\\\/#\\\/schema\\\/person\\\/8bb17850f73318e8f5e0db353ab93815\"},\"breadcrumb\":{\"@id\":\"https:\\\/\\\/ayto.mutxamel.org\\\/ca\\\/mutxamel-celebra-el-dia-de-la-diversitat-funcional\\\/#breadcrumb\"},\"inLanguage\":\"ca\",\"potentialAction\":[{\"@type\":\"ReadAction\",\"target\":[\"https:\\\/\\\/ayto.mutxamel.org\\\/ca\\\/mutxamel-celebra-el-dia-de-la-diversitat-funcional\\\/\"]}]},{\"@type\":\"ImageObject\",\"inLanguage\":\"ca\",\"@id\":\"https:\\\/\\\/ayto.mutxamel.org\\\/ca\\\/mutxamel-celebra-el-dia-de-la-diversitat-funcional\\\/#primaryimage\",\"url\":\"https:\\\/\\\/ayto.mutxamel.org\\\/wp-content\\\/uploads\\\/2023\\\/12\\\/MTX_DiaPersonasDiscapacidad.png\",\"contentUrl\":\"https:\\\/\\\/ayto.mutxamel.org\\\/wp-content\\\/uploads\\\/2023\\\/12\\\/MTX_DiaPersonasDiscapacidad.png\",\"width\":880,\"height\":1244},{\"@type\":\"BreadcrumbList\",\"@id\":\"https:\\\/\\\/ayto.mutxamel.org\\\/ca\\\/mutxamel-celebra-el-dia-de-la-diversitat-funcional\\\/#breadcrumb\",\"itemListElement\":[{\"@type\":\"ListItem\",\"position\":1,\"name\":\"Portada\",\"item\":\"https:\\\/\\\/ayto.mutxamel.org\\\/ca\\\/\"},{\"@type\":\"ListItem\",\"position\":2,\"name\":\"Mutxamel celebra el Dia de les Persones amb Discapacitat\"}]},{\"@type\":\"WebSite\",\"@id\":\"https:\\\/\\\/ayto.mutxamel.org\\\/ca\\\/#website\",\"url\":\"https:\\\/\\\/ayto.mutxamel.org\\\/ca\\\/\",\"name\":\"Ayuntamiento de Mutxamel\",\"description\":\"\",\"potentialAction\":[{\"@type\":\"SearchAction\",\"target\":{\"@type\":\"EntryPoint\",\"urlTemplate\":\"https:\\\/\\\/ayto.mutxamel.org\\\/ca\\\/?s={search_term_string}\"},\"query-input\":{\"@type\":\"PropertyValueSpecification\",\"valueRequired\":true,\"valueName\":\"search_term_string\"}}],\"inLanguage\":\"ca\"},{\"@type\":\"Person\",\"@id\":\"https:\\\/\\\/ayto.mutxamel.org\\\/ca\\\/#\\\/schema\\\/person\\\/8bb17850f73318e8f5e0db353ab93815\",\"name\":\"Gabinete de Comunicacion Ayuntamiento Mutxamel\",\"url\":\"https:\\\/\\\/ayto.mutxamel.org\\\/ca\\\/author\\\/gabinete-de-comunicacion-ayuntamiento-mutxamel\\\/\"}]}<\/script>\n<!-- \/ Yoast SEO plugin. -->","yoast_head_json":{"title":"Mutxamel celebra el Dia de les Persones amb Discapacitat - Ayuntamiento de Mutxamel","robots":{"index":"index","follow":"follow","max-snippet":"max-snippet:-1","max-image-preview":"max-image-preview:large","max-video-preview":"max-video-preview:-1"},"canonical":"https:\/\/ayto.mutxamel.org\/ca\/mutxamel-celebra-el-dia-de-la-diversitat-funcional\/","og_locale":"ca_ES","og_type":"article","og_title":"Mutxamel celebra el Dia de les Persones amb Discapacitat - Ayuntamiento de Mutxamel","og_description":"Mutxamel. 29 de novembre de 2023 El pr\u00f2xim dia 3 de desembre se celebra el Dia Internacional de les persones amb Discapacitat i, amb motiu d&#8217;este, Mutxamel desenvolupar\u00e0 una s\u00e8rie d&#8217;activitats durant el mat\u00ed del dissabte 2 de desembre entre les 11.00 i les 13.30 h.Des dels Serveis Socials de l&#8217;Ajuntament de Mutxamel es pret\u00e9n...","og_url":"https:\/\/ayto.mutxamel.org\/ca\/mutxamel-celebra-el-dia-de-la-diversitat-funcional\/","og_site_name":"Ayuntamiento de Mutxamel","article_published_time":"2023-11-29T13:11:56+00:00","article_modified_time":"2023-12-04T10:59:22+00:00","og_image":[{"width":880,"height":1244,"url":"https:\/\/ayto.mutxamel.org\/wp-content\/uploads\/2023\/12\/MTX_DiaPersonasDiscapacidad.png","type":"image\/png"}],"author":"Gabinete de Comunicacion Ayuntamiento Mutxamel","twitter_card":"summary_large_image","twitter_misc":{"Escrit per":"Gabinete de Comunicacion Ayuntamiento Mutxamel","Temps estimat de lectura":"2 minuts"},"schema":{"@context":"https:\/\/schema.org","@graph":[{"@type":"Article","@id":"https:\/\/ayto.mutxamel.org\/ca\/mutxamel-celebra-el-dia-de-la-diversitat-funcional\/#article","isPartOf":{"@id":"https:\/\/ayto.mutxamel.org\/ca\/mutxamel-celebra-el-dia-de-la-diversitat-funcional\/"},"author":{"name":"Gabinete de Comunicacion Ayuntamiento Mutxamel","@id":"https:\/\/ayto.mutxamel.org\/ca\/#\/schema\/person\/8bb17850f73318e8f5e0db353ab93815"},"headline":"Mutxamel celebra el Dia de les Persones amb Discapacitat","datePublished":"2023-11-29T13:11:56+00:00","dateModified":"2023-12-04T10:59:22+00:00","mainEntityOfPage":{"@id":"https:\/\/ayto.mutxamel.org\/ca\/mutxamel-celebra-el-dia-de-la-diversitat-funcional\/"},"wordCount":510,"image":{"@id":"https:\/\/ayto.mutxamel.org\/ca\/mutxamel-celebra-el-dia-de-la-diversitat-funcional\/#primaryimage"},"thumbnailUrl":"https:\/\/ayto.mutxamel.org\/wp-content\/uploads\/2023\/12\/MTX_DiaPersonasDiscapacidad.png","keywords":["Gabinet de Comunicaci\u00f3","Gabinete de Comunicaci\u00f3n","Servicis Socials"],"articleSection":["Noticies","Serveis socials"],"inLanguage":"ca"},{"@type":"WebPage","@id":"https:\/\/ayto.mutxamel.org\/ca\/mutxamel-celebra-el-dia-de-la-diversitat-funcional\/","url":"https:\/\/ayto.mutxamel.org\/ca\/mutxamel-celebra-el-dia-de-la-diversitat-funcional\/","name":"Mutxamel celebra el Dia de les Persones amb Discapacitat - Ayuntamiento de Mutxamel","isPartOf":{"@id":"https:\/\/ayto.mutxamel.org\/ca\/#website"},"primaryImageOfPage":{"@id":"https:\/\/ayto.mutxamel.org\/ca\/mutxamel-celebra-el-dia-de-la-diversitat-funcional\/#primaryimage"},"image":{"@id":"https:\/\/ayto.mutxamel.org\/ca\/mutxamel-celebra-el-dia-de-la-diversitat-funcional\/#primaryimage"},"thumbnailUrl":"https:\/\/ayto.mutxamel.org\/wp-content\/uploads\/2023\/12\/MTX_DiaPersonasDiscapacidad.png","datePublished":"2023-11-29T13:11:56+00:00","dateModified":"2023-12-04T10:59:22+00:00","author":{"@id":"https:\/\/ayto.mutxamel.org\/ca\/#\/schema\/person\/8bb17850f73318e8f5e0db353ab93815"},"breadcrumb":{"@id":"https:\/\/ayto.mutxamel.org\/ca\/mutxamel-celebra-el-dia-de-la-diversitat-funcional\/#breadcrumb"},"inLanguage":"ca","potentialAction":[{"@type":"ReadAction","target":["https:\/\/ayto.mutxamel.org\/ca\/mutxamel-celebra-el-dia-de-la-diversitat-funcional\/"]}]},{"@type":"ImageObject","inLanguage":"ca","@id":"https:\/\/ayto.mutxamel.org\/ca\/mutxamel-celebra-el-dia-de-la-diversitat-funcional\/#primaryimage","url":"https:\/\/ayto.mutxamel.org\/wp-content\/uploads\/2023\/12\/MTX_DiaPersonasDiscapacidad.png","contentUrl":"https:\/\/ayto.mutxamel.org\/wp-content\/uploads\/2023\/12\/MTX_DiaPersonasDiscapacidad.png","width":880,"height":1244},{"@type":"BreadcrumbList","@id":"https:\/\/ayto.mutxamel.org\/ca\/mutxamel-celebra-el-dia-de-la-diversitat-funcional\/#breadcrumb","itemListElement":[{"@type":"ListItem","position":1,"name":"Portada","item":"https:\/\/ayto.mutxamel.org\/ca\/"},{"@type":"ListItem","position":2,"name":"Mutxamel celebra el Dia de les Persones amb Discapacitat"}]},{"@type":"WebSite","@id":"https:\/\/ayto.mutxamel.org\/ca\/#website","url":"https:\/\/ayto.mutxamel.org\/ca\/","name":"Ayuntamiento de Mutxamel","description":"","potentialAction":[{"@type":"SearchAction","target":{"@type":"EntryPoint","urlTemplate":"https:\/\/ayto.mutxamel.org\/ca\/?s={search_term_string}"},"query-input":{"@type":"PropertyValueSpecification","valueRequired":true,"valueName":"search_term_string"}}],"inLanguage":"ca"},{"@type":"Person","@id":"https:\/\/ayto.mutxamel.org\/ca\/#\/schema\/person\/8bb17850f73318e8f5e0db353ab93815","name":"Gabinete de Comunicacion Ayuntamiento Mutxamel","url":"https:\/\/ayto.mutxamel.org\/ca\/author\/gabinete-de-comunicacion-ayuntamiento-mutxamel\/"}]}},"_links":{"self":[{"href":"https:\/\/ayto.mutxamel.org\/ca\/wp-json\/wp\/v2\/posts\/36838","targetHints":{"allow":["GET"]}}],"collection":[{"href":"https:\/\/ayto.mutxamel.org\/ca\/wp-json\/wp\/v2\/posts"}],"about":[{"href":"https:\/\/ayto.mutxamel.org\/ca\/wp-json\/wp\/v2\/types\/post"}],"author":[{"embeddable":true,"href":"https:\/\/ayto.mutxamel.org\/ca\/wp-json\/wp\/v2\/users\/6"}],"replies":[{"embeddable":true,"href":"https:\/\/ayto.mutxamel.org\/ca\/wp-json\/wp\/v2\/comments?post=36838"}],"version-history":[{"count":1,"href":"https:\/\/ayto.mutxamel.org\/ca\/wp-json\/wp\/v2\/posts\/36838\/revisions"}],"predecessor-version":[{"id":36849,"href":"https:\/\/ayto.mutxamel.org\/ca\/wp-json\/wp\/v2\/posts\/36838\/revisions\/36849"}],"wp:featuredmedia":[{"embeddable":true,"href":"https:\/\/ayto.mutxamel.org\/ca\/wp-json\/wp\/v2\/media\/36847"}],"wp:attachment":[{"href":"https:\/\/ayto.mutxamel.org\/ca\/wp-json\/wp\/v2\/media?parent=36838"}],"wp:term":[{"taxonomy":"category","embeddable":true,"href":"https:\/\/ayto.mutxamel.org\/ca\/wp-json\/wp\/v2\/categories?post=36838"},{"taxonomy":"post_tag","embeddable":true,"href":"https:\/\/ayto.mutxamel.org\/ca\/wp-json\/wp\/v2\/tags?post=36838"}],"curies":[{"name":"wp","href":"https:\/\/api.w.org\/{rel}","templated":true}]}}