{"id":3526,"date":"2018-07-27T09:43:49","date_gmt":"2018-07-27T07:43:49","guid":{"rendered":"https:\/\/ayto.mutxamel.org\/?p=3526"},"modified":"2023-12-01T14:44:03","modified_gmt":"2023-12-01T13:44:03","slug":"la-policia-local-reanima-una-persona-amb-un-desfibril-lador","status":"publish","type":"post","link":"https:\/\/ayto.mutxamel.org\/ca\/la-policia-local-reanima-una-persona-amb-un-desfibril-lador\/","title":{"rendered":"LA POLICIA LOCAL REANIMA UNA PERSONA AMB UN DESFIBRIL.LADOR"},"content":{"rendered":"<p><strong>27\/07\/2018<\/strong><\/p>\n<p>El passat 22 de juliol, agents de la Policia Local de Mutxamel van aconseguir reanimar una persona de quaranta-tres anys que es trobava en parada cardiorespirat\u00f2ria, amb un desfibril\u00b7lador semiautom\u00e0tic.<\/p>\n<p>Els fets van oc\u00f3rrer despr\u00e9s de rebre una trucada del servei d&#8217;emerg\u00e8ncies 112, que els informava que un home es trobava inconscient. Despr\u00e9s de personar-se els agents amb urg\u00e8ncia, van comprovar que no tenia pols i semblava patir asf\u00edxia, per la qual cosa van practicar les primeres maniobres de reanimaci\u00f3 i aconseguiren que la persona es recuperara en part dificultosament. Per aix\u00f2, van decidir emprar el desfibril\u00b7lador semiautom\u00e0tic que portaven de dotaci\u00f3, el qual es va activar fins a dos ocasions despr\u00e9s de detectar fibril\u00b7laci\u00f3 ventricular.<\/p>\n<p>La r\u00e0pida intervenci\u00f3 dels agents va aconseguir mantindre amb vida la persona fins a l&#8217;arribada dels efectius sanitaris, que van acabar d&#8217;estabilitzar-ne les constants vitals. Amb esta ocasi\u00f3, ja s\u00f3n tres les persones a les quals la Policia Local ha salvat la vida, en el que va d&#8217;any, gr\u00e0cies a l&#8217;\u00fas del desfibril\u00b7lador.<\/p>\n","protected":false},"excerpt":{"rendered":"<p>27\/07\/2018 El passat 22 de juliol, agents de la Policia Local de Mutxamel van aconseguir reanimar una persona de quaranta-tres anys que es trobava en parada cardiorespirat\u00f2ria, amb un desfibril\u00b7lador semiautom\u00e0tic. Els fets van oc\u00f3rrer despr\u00e9s de rebre una trucada del servei d&#8217;emerg\u00e8ncies 112, que els informava que un home es trobava inconscient. Despr\u00e9s de&#8230;<\/p>\n","protected":false},"author":5,"featured_media":3524,"comment_status":"closed","ping_status":"open","sticky":false,"template":"","format":"standard","meta":{"_acf_changed":false,"footnotes":""},"categories":[351,282],"tags":[323],"class_list":["post-3526","post","type-post","status-publish","format-standard","has-post-thumbnail","hentry","category-hemeroteca-ca","category-noticies","tag-hemeroteca-va"],"acf":[],"yoast_head":"<!-- This site is optimized with the Yoast SEO plugin v27.3 - https:\/\/yoast.com\/product\/yoast-seo-wordpress\/ -->\n<title>LA POLICIA LOCAL REANIMA UNA PERSONA AMB UN DESFIBRIL.LADOR - Ayuntamiento de Mutxamel<\/title>\n<meta name=\"robots\" content=\"index, follow, max-snippet:-1, max-image-preview:large, max-video-preview:-1\" \/>\n<link rel=\"canonical\" href=\"https:\/\/ayto.mutxamel.org\/ca\/la-policia-local-reanima-una-persona-amb-un-desfibril-lador\/\" \/>\n<meta property=\"og:locale\" content=\"ca_ES\" \/>\n<meta property=\"og:type\" content=\"article\" \/>\n<meta property=\"og:title\" content=\"LA POLICIA LOCAL REANIMA UNA PERSONA AMB UN DESFIBRIL.LADOR - Ayuntamiento de Mutxamel\" \/>\n<meta property=\"og:description\" content=\"27\/07\/2018 El passat 22 de juliol, agents de la Policia Local de Mutxamel van aconseguir reanimar una persona de quaranta-tres anys que es trobava en parada cardiorespirat\u00f2ria, amb un desfibril\u00b7lador semiautom\u00e0tic. Els fets van oc\u00f3rrer despr\u00e9s de rebre una trucada del servei d&#8217;emerg\u00e8ncies 112, que els informava que un home es trobava inconscient. Despr\u00e9s de...\" \/>\n<meta property=\"og:url\" content=\"https:\/\/ayto.mutxamel.org\/ca\/la-policia-local-reanima-una-persona-amb-un-desfibril-lador\/\" \/>\n<meta property=\"og:site_name\" content=\"Ayuntamiento de Mutxamel\" \/>\n<meta property=\"article:published_time\" content=\"2018-07-27T07:43:49+00:00\" \/>\n<meta property=\"article:modified_time\" content=\"2023-12-01T13:44:03+00:00\" \/>\n<meta name=\"author\" content=\"Ayuntamiento Mutxamel\" \/>\n<meta name=\"twitter:card\" content=\"summary_large_image\" \/>\n<meta name=\"twitter:label1\" content=\"Escrit per\" \/>\n\t<meta name=\"twitter:data1\" content=\"Ayuntamiento Mutxamel\" \/>\n\t<meta name=\"twitter:label2\" content=\"Temps estimat de lectura\" \/>\n\t<meta name=\"twitter:data2\" content=\"1 minut\" \/>\n<script type=\"application\/ld+json\" class=\"yoast-schema-graph\">{\"@context\":\"https:\\\/\\\/schema.org\",\"@graph\":[{\"@type\":\"Article\",\"@id\":\"https:\\\/\\\/ayto.mutxamel.org\\\/ca\\\/la-policia-local-reanima-una-persona-amb-un-desfibril-lador\\\/#article\",\"isPartOf\":{\"@id\":\"https:\\\/\\\/ayto.mutxamel.org\\\/ca\\\/la-policia-local-reanima-una-persona-amb-un-desfibril-lador\\\/\"},\"author\":{\"name\":\"Ayuntamiento Mutxamel\",\"@id\":\"https:\\\/\\\/ayto.mutxamel.org\\\/ca\\\/#\\\/schema\\\/person\\\/0a64c1c652c34ba957ddc1a83e56bbfa\"},\"headline\":\"LA POLICIA LOCAL REANIMA UNA PERSONA AMB UN DESFIBRIL.LADOR\",\"datePublished\":\"2018-07-27T07:43:49+00:00\",\"dateModified\":\"2023-12-01T13:44:03+00:00\",\"mainEntityOfPage\":{\"@id\":\"https:\\\/\\\/ayto.mutxamel.org\\\/ca\\\/la-policia-local-reanima-una-persona-amb-un-desfibril-lador\\\/\"},\"wordCount\":199,\"image\":{\"@id\":\"https:\\\/\\\/ayto.mutxamel.org\\\/ca\\\/la-policia-local-reanima-una-persona-amb-un-desfibril-lador\\\/#primaryimage\"},\"thumbnailUrl\":\"\",\"keywords\":[\"Hemeroteca\"],\"articleSection\":[\"Hemeroteca\",\"Noticies\"],\"inLanguage\":\"ca\"},{\"@type\":\"WebPage\",\"@id\":\"https:\\\/\\\/ayto.mutxamel.org\\\/ca\\\/la-policia-local-reanima-una-persona-amb-un-desfibril-lador\\\/\",\"url\":\"https:\\\/\\\/ayto.mutxamel.org\\\/ca\\\/la-policia-local-reanima-una-persona-amb-un-desfibril-lador\\\/\",\"name\":\"LA POLICIA LOCAL REANIMA UNA PERSONA AMB UN DESFIBRIL.LADOR - Ayuntamiento de Mutxamel\",\"isPartOf\":{\"@id\":\"https:\\\/\\\/ayto.mutxamel.org\\\/ca\\\/#website\"},\"primaryImageOfPage\":{\"@id\":\"https:\\\/\\\/ayto.mutxamel.org\\\/ca\\\/la-policia-local-reanima-una-persona-amb-un-desfibril-lador\\\/#primaryimage\"},\"image\":{\"@id\":\"https:\\\/\\\/ayto.mutxamel.org\\\/ca\\\/la-policia-local-reanima-una-persona-amb-un-desfibril-lador\\\/#primaryimage\"},\"thumbnailUrl\":\"\",\"datePublished\":\"2018-07-27T07:43:49+00:00\",\"dateModified\":\"2023-12-01T13:44:03+00:00\",\"author\":{\"@id\":\"https:\\\/\\\/ayto.mutxamel.org\\\/ca\\\/#\\\/schema\\\/person\\\/0a64c1c652c34ba957ddc1a83e56bbfa\"},\"breadcrumb\":{\"@id\":\"https:\\\/\\\/ayto.mutxamel.org\\\/ca\\\/la-policia-local-reanima-una-persona-amb-un-desfibril-lador\\\/#breadcrumb\"},\"inLanguage\":\"ca\",\"potentialAction\":[{\"@type\":\"ReadAction\",\"target\":[\"https:\\\/\\\/ayto.mutxamel.org\\\/ca\\\/la-policia-local-reanima-una-persona-amb-un-desfibril-lador\\\/\"]}]},{\"@type\":\"ImageObject\",\"inLanguage\":\"ca\",\"@id\":\"https:\\\/\\\/ayto.mutxamel.org\\\/ca\\\/la-policia-local-reanima-una-persona-amb-un-desfibril-lador\\\/#primaryimage\",\"url\":\"\",\"contentUrl\":\"\"},{\"@type\":\"BreadcrumbList\",\"@id\":\"https:\\\/\\\/ayto.mutxamel.org\\\/ca\\\/la-policia-local-reanima-una-persona-amb-un-desfibril-lador\\\/#breadcrumb\",\"itemListElement\":[{\"@type\":\"ListItem\",\"position\":1,\"name\":\"Portada\",\"item\":\"https:\\\/\\\/ayto.mutxamel.org\\\/ca\\\/\"},{\"@type\":\"ListItem\",\"position\":2,\"name\":\"LA POLICIA LOCAL REANIMA UNA PERSONA AMB UN DESFIBRIL.LADOR\"}]},{\"@type\":\"WebSite\",\"@id\":\"https:\\\/\\\/ayto.mutxamel.org\\\/ca\\\/#website\",\"url\":\"https:\\\/\\\/ayto.mutxamel.org\\\/ca\\\/\",\"name\":\"Ayuntamiento de Mutxamel\",\"description\":\"\",\"potentialAction\":[{\"@type\":\"SearchAction\",\"target\":{\"@type\":\"EntryPoint\",\"urlTemplate\":\"https:\\\/\\\/ayto.mutxamel.org\\\/ca\\\/?s={search_term_string}\"},\"query-input\":{\"@type\":\"PropertyValueSpecification\",\"valueRequired\":true,\"valueName\":\"search_term_string\"}}],\"inLanguage\":\"ca\"},{\"@type\":\"Person\",\"@id\":\"https:\\\/\\\/ayto.mutxamel.org\\\/ca\\\/#\\\/schema\\\/person\\\/0a64c1c652c34ba957ddc1a83e56bbfa\",\"name\":\"Ayuntamiento Mutxamel\",\"url\":\"https:\\\/\\\/ayto.mutxamel.org\\\/ca\\\/author\\\/ayuntamiento-mutxamel\\\/\"}]}<\/script>\n<!-- \/ Yoast SEO plugin. -->","yoast_head_json":{"title":"LA POLICIA LOCAL REANIMA UNA PERSONA AMB UN DESFIBRIL.LADOR - Ayuntamiento de Mutxamel","robots":{"index":"index","follow":"follow","max-snippet":"max-snippet:-1","max-image-preview":"max-image-preview:large","max-video-preview":"max-video-preview:-1"},"canonical":"https:\/\/ayto.mutxamel.org\/ca\/la-policia-local-reanima-una-persona-amb-un-desfibril-lador\/","og_locale":"ca_ES","og_type":"article","og_title":"LA POLICIA LOCAL REANIMA UNA PERSONA AMB UN DESFIBRIL.LADOR - Ayuntamiento de Mutxamel","og_description":"27\/07\/2018 El passat 22 de juliol, agents de la Policia Local de Mutxamel van aconseguir reanimar una persona de quaranta-tres anys que es trobava en parada cardiorespirat\u00f2ria, amb un desfibril\u00b7lador semiautom\u00e0tic. Els fets van oc\u00f3rrer despr\u00e9s de rebre una trucada del servei d&#8217;emerg\u00e8ncies 112, que els informava que un home es trobava inconscient. Despr\u00e9s de...","og_url":"https:\/\/ayto.mutxamel.org\/ca\/la-policia-local-reanima-una-persona-amb-un-desfibril-lador\/","og_site_name":"Ayuntamiento de Mutxamel","article_published_time":"2018-07-27T07:43:49+00:00","article_modified_time":"2023-12-01T13:44:03+00:00","author":"Ayuntamiento Mutxamel","twitter_card":"summary_large_image","twitter_misc":{"Escrit per":"Ayuntamiento Mutxamel","Temps estimat de lectura":"1 minut"},"schema":{"@context":"https:\/\/schema.org","@graph":[{"@type":"Article","@id":"https:\/\/ayto.mutxamel.org\/ca\/la-policia-local-reanima-una-persona-amb-un-desfibril-lador\/#article","isPartOf":{"@id":"https:\/\/ayto.mutxamel.org\/ca\/la-policia-local-reanima-una-persona-amb-un-desfibril-lador\/"},"author":{"name":"Ayuntamiento Mutxamel","@id":"https:\/\/ayto.mutxamel.org\/ca\/#\/schema\/person\/0a64c1c652c34ba957ddc1a83e56bbfa"},"headline":"LA POLICIA LOCAL REANIMA UNA PERSONA AMB UN DESFIBRIL.LADOR","datePublished":"2018-07-27T07:43:49+00:00","dateModified":"2023-12-01T13:44:03+00:00","mainEntityOfPage":{"@id":"https:\/\/ayto.mutxamel.org\/ca\/la-policia-local-reanima-una-persona-amb-un-desfibril-lador\/"},"wordCount":199,"image":{"@id":"https:\/\/ayto.mutxamel.org\/ca\/la-policia-local-reanima-una-persona-amb-un-desfibril-lador\/#primaryimage"},"thumbnailUrl":"","keywords":["Hemeroteca"],"articleSection":["Hemeroteca","Noticies"],"inLanguage":"ca"},{"@type":"WebPage","@id":"https:\/\/ayto.mutxamel.org\/ca\/la-policia-local-reanima-una-persona-amb-un-desfibril-lador\/","url":"https:\/\/ayto.mutxamel.org\/ca\/la-policia-local-reanima-una-persona-amb-un-desfibril-lador\/","name":"LA POLICIA LOCAL REANIMA UNA PERSONA AMB UN DESFIBRIL.LADOR - Ayuntamiento de Mutxamel","isPartOf":{"@id":"https:\/\/ayto.mutxamel.org\/ca\/#website"},"primaryImageOfPage":{"@id":"https:\/\/ayto.mutxamel.org\/ca\/la-policia-local-reanima-una-persona-amb-un-desfibril-lador\/#primaryimage"},"image":{"@id":"https:\/\/ayto.mutxamel.org\/ca\/la-policia-local-reanima-una-persona-amb-un-desfibril-lador\/#primaryimage"},"thumbnailUrl":"","datePublished":"2018-07-27T07:43:49+00:00","dateModified":"2023-12-01T13:44:03+00:00","author":{"@id":"https:\/\/ayto.mutxamel.org\/ca\/#\/schema\/person\/0a64c1c652c34ba957ddc1a83e56bbfa"},"breadcrumb":{"@id":"https:\/\/ayto.mutxamel.org\/ca\/la-policia-local-reanima-una-persona-amb-un-desfibril-lador\/#breadcrumb"},"inLanguage":"ca","potentialAction":[{"@type":"ReadAction","target":["https:\/\/ayto.mutxamel.org\/ca\/la-policia-local-reanima-una-persona-amb-un-desfibril-lador\/"]}]},{"@type":"ImageObject","inLanguage":"ca","@id":"https:\/\/ayto.mutxamel.org\/ca\/la-policia-local-reanima-una-persona-amb-un-desfibril-lador\/#primaryimage","url":"","contentUrl":""},{"@type":"BreadcrumbList","@id":"https:\/\/ayto.mutxamel.org\/ca\/la-policia-local-reanima-una-persona-amb-un-desfibril-lador\/#breadcrumb","itemListElement":[{"@type":"ListItem","position":1,"name":"Portada","item":"https:\/\/ayto.mutxamel.org\/ca\/"},{"@type":"ListItem","position":2,"name":"LA POLICIA LOCAL REANIMA UNA PERSONA AMB UN DESFIBRIL.LADOR"}]},{"@type":"WebSite","@id":"https:\/\/ayto.mutxamel.org\/ca\/#website","url":"https:\/\/ayto.mutxamel.org\/ca\/","name":"Ayuntamiento de Mutxamel","description":"","potentialAction":[{"@type":"SearchAction","target":{"@type":"EntryPoint","urlTemplate":"https:\/\/ayto.mutxamel.org\/ca\/?s={search_term_string}"},"query-input":{"@type":"PropertyValueSpecification","valueRequired":true,"valueName":"search_term_string"}}],"inLanguage":"ca"},{"@type":"Person","@id":"https:\/\/ayto.mutxamel.org\/ca\/#\/schema\/person\/0a64c1c652c34ba957ddc1a83e56bbfa","name":"Ayuntamiento Mutxamel","url":"https:\/\/ayto.mutxamel.org\/ca\/author\/ayuntamiento-mutxamel\/"}]}},"_links":{"self":[{"href":"https:\/\/ayto.mutxamel.org\/ca\/wp-json\/wp\/v2\/posts\/3526","targetHints":{"allow":["GET"]}}],"collection":[{"href":"https:\/\/ayto.mutxamel.org\/ca\/wp-json\/wp\/v2\/posts"}],"about":[{"href":"https:\/\/ayto.mutxamel.org\/ca\/wp-json\/wp\/v2\/types\/post"}],"author":[{"embeddable":true,"href":"https:\/\/ayto.mutxamel.org\/ca\/wp-json\/wp\/v2\/users\/5"}],"replies":[{"embeddable":true,"href":"https:\/\/ayto.mutxamel.org\/ca\/wp-json\/wp\/v2\/comments?post=3526"}],"version-history":[{"count":1,"href":"https:\/\/ayto.mutxamel.org\/ca\/wp-json\/wp\/v2\/posts\/3526\/revisions"}],"predecessor-version":[{"id":35666,"href":"https:\/\/ayto.mutxamel.org\/ca\/wp-json\/wp\/v2\/posts\/3526\/revisions\/35666"}],"wp:featuredmedia":[{"embeddable":true,"href":"https:\/\/ayto.mutxamel.org\/ca\/wp-json\/"}],"wp:attachment":[{"href":"https:\/\/ayto.mutxamel.org\/ca\/wp-json\/wp\/v2\/media?parent=3526"}],"wp:term":[{"taxonomy":"category","embeddable":true,"href":"https:\/\/ayto.mutxamel.org\/ca\/wp-json\/wp\/v2\/categories?post=3526"},{"taxonomy":"post_tag","embeddable":true,"href":"https:\/\/ayto.mutxamel.org\/ca\/wp-json\/wp\/v2\/tags?post=3526"}],"curies":[{"name":"wp","href":"https:\/\/api.w.org\/{rel}","templated":true}]}}