{"id":3463,"date":"2018-07-23T09:41:03","date_gmt":"2018-07-23T07:41:03","guid":{"rendered":"https:\/\/ayto.mutxamel.org\/?p=3463"},"modified":"2023-12-01T14:30:20","modified_gmt":"2023-12-01T13:30:20","slug":"lalcalde-i-el-regidor-de-cultura-reben-els-cinc-joves-musics-mutxamelers-despres-del-seu-exit-en-el-festival-summa-cum-laude-de-viena","status":"publish","type":"post","link":"https:\/\/ayto.mutxamel.org\/ca\/lalcalde-i-el-regidor-de-cultura-reben-els-cinc-joves-musics-mutxamelers-despres-del-seu-exit-en-el-festival-summa-cum-laude-de-viena\/","title":{"rendered":"L&#8217;ALCALDE I EL REGIDOR DE CULTURA REBEN ELS CINC JOVES M\u00daSICS MUTXAMELERS DESPR\u00c9S DEL SEU \u00c8XIT EN EL FESTIVAL SUMMA CUM LAUDE DE VIENA"},"content":{"rendered":"<p><strong>23\/07\/2018<\/strong><\/p>\n<p><strong>Els m\u00fasics de l&#8217;OJPA i OJPA Aspirants, Mar\u00eda Antol\u00ed, Luc\u00eda Ramos, V\u00edctor Jes\u00fas Ant\u00f3n, El\u00edas Torrella i Marc Gosalbez, han sigut felicitats per l&#8217;alcalde del seu poble, Sebasti\u00e1n Ca\u00f1adas, i el Regidor de Cultura, Rafael Garc\u00eda.<\/strong><\/p>\n<p>\u201cS\u00f3n un orgull, les nostres felicitacions i admiraci\u00f3 cap a ells i les seues fam\u00edlies\u201d, Sebasti\u00e1n Ca\u00f1adas.<\/p>\n<p>L&#8217;Orquestra de Joves de la Prov\u00edncia d&#8217;Alacant es va proclamar guanyadora del festival Summa Cum Laude de Viena que va tindre lloc a la Sala Daurada del Musikverein.<\/p>\n<p>Fa uns dies, l&#8217;Orquestra de Joves de la Prov\u00edncia d&#8217;Alacant (OJPA) es va proclamar guanyadora del festival Summa Cum Laude de Viena que va tindre lloc en un dels escenaris m\u00e9s emblem\u00e0tics del m\u00f3n, la Sala Daurada del Musikverein. A m\u00e9s, la secci\u00f3 d&#8217;Aspirants va aconseguir un meritori segon lloc, la qual cosa sens dubte \u00e9s un excel\u00b7lent resultat per a aquests nous talents de la m\u00fasica, vinguts de la prov\u00edncia.<\/p>\n<p>D&#8217;aquesta forma, l&#8217;OJPA recull el seu tercer triomf en el Festival Internacional d&#8217;Orquestres Joves Summa Cum Laude de Viena, mentre que els Aspirants tamb\u00e9 milloren les seues estad\u00edstiques ja que fa dos anys van obtindre una tercera posici\u00f3.<\/p>\n<p><strong>80 m\u00fasics de l&#8217;OJPA, amb edats compreses entre els 14 i 26 anys, i altres 80 formen la seua secci\u00f3 d&#8217;Aspirants<\/strong><\/p>\n<p>Els protagonistes d&#8217;aquesta hist\u00f2ria s\u00f3n els 80 m\u00fasics de l&#8217;OJPA (amb edats compreses entre els 14 i 26 anys) i d&#8217;altres de la seua secci\u00f3 d&#8217;Aspirants (amb xiquets i xiquetes de 8 a 14 anys), dirigits per Francisco Maestre i Juan Miguel Ant\u00f3n, que a m\u00e9s han comptat amb el suport de fam\u00edlies i amics durant el concurs i competici\u00f3.<\/p>\n<p>Aix\u00ed doncs, despr\u00e9s d&#8217;una gran actuaci\u00f3 en el prestigi\u00f3s escenari del Musikverein (on es realitza el tradicional concert d&#8217;Any Nou que \u00e9s retransm\u00e9s per televisi\u00f3 a tot el m\u00f3n), els joves de l&#8217;OJPA i els Aspirants tornen ara a casa amb la satisfacci\u00f3 del treball ben fet i la felicitat d&#8217;haver aconseguit un premi m\u00e9s en les seues carreres.<\/p>\n","protected":false},"excerpt":{"rendered":"<p>23\/07\/2018 Els m\u00fasics de l&#8217;OJPA i OJPA Aspirants, Mar\u00eda Antol\u00ed, Luc\u00eda Ramos, V\u00edctor Jes\u00fas Ant\u00f3n, El\u00edas Torrella i Marc Gosalbez, han sigut felicitats per l&#8217;alcalde del seu poble, Sebasti\u00e1n Ca\u00f1adas, i el Regidor de Cultura, Rafael Garc\u00eda. \u201cS\u00f3n un orgull, les nostres felicitacions i admiraci\u00f3 cap a ells i les seues fam\u00edlies\u201d, Sebasti\u00e1n Ca\u00f1adas. L&#8217;Orquestra&#8230;<\/p>\n","protected":false},"author":5,"featured_media":3461,"comment_status":"closed","ping_status":"open","sticky":false,"template":"","format":"standard","meta":{"_acf_changed":false,"footnotes":""},"categories":[351,282],"tags":[323],"class_list":["post-3463","post","type-post","status-publish","format-standard","has-post-thumbnail","hentry","category-hemeroteca-ca","category-noticies","tag-hemeroteca-va"],"acf":[],"yoast_head":"<!-- This site is optimized with the Yoast SEO plugin v27.3 - https:\/\/yoast.com\/product\/yoast-seo-wordpress\/ -->\n<title>L&#039;ALCALDE I EL REGIDOR DE CULTURA REBEN ELS CINC JOVES M\u00daSICS MUTXAMELERS DESPR\u00c9S DEL SEU \u00c8XIT EN EL FESTIVAL SUMMA CUM LAUDE DE VIENA - Ayuntamiento de Mutxamel<\/title>\n<meta name=\"robots\" content=\"index, follow, max-snippet:-1, max-image-preview:large, max-video-preview:-1\" \/>\n<link rel=\"canonical\" href=\"https:\/\/ayto.mutxamel.org\/ca\/lalcalde-i-el-regidor-de-cultura-reben-els-cinc-joves-musics-mutxamelers-despres-del-seu-exit-en-el-festival-summa-cum-laude-de-viena\/\" \/>\n<meta property=\"og:locale\" content=\"ca_ES\" \/>\n<meta property=\"og:type\" content=\"article\" \/>\n<meta property=\"og:title\" content=\"L&#039;ALCALDE I EL REGIDOR DE CULTURA REBEN ELS CINC JOVES M\u00daSICS MUTXAMELERS DESPR\u00c9S DEL SEU \u00c8XIT EN EL FESTIVAL SUMMA CUM LAUDE DE VIENA - Ayuntamiento de Mutxamel\" \/>\n<meta property=\"og:description\" content=\"23\/07\/2018 Els m\u00fasics de l&#8217;OJPA i OJPA Aspirants, Mar\u00eda Antol\u00ed, Luc\u00eda Ramos, V\u00edctor Jes\u00fas Ant\u00f3n, El\u00edas Torrella i Marc Gosalbez, han sigut felicitats per l&#8217;alcalde del seu poble, Sebasti\u00e1n Ca\u00f1adas, i el Regidor de Cultura, Rafael Garc\u00eda. \u201cS\u00f3n un orgull, les nostres felicitacions i admiraci\u00f3 cap a ells i les seues fam\u00edlies\u201d, Sebasti\u00e1n Ca\u00f1adas. L&#8217;Orquestra...\" \/>\n<meta property=\"og:url\" content=\"https:\/\/ayto.mutxamel.org\/ca\/lalcalde-i-el-regidor-de-cultura-reben-els-cinc-joves-musics-mutxamelers-despres-del-seu-exit-en-el-festival-summa-cum-laude-de-viena\/\" \/>\n<meta property=\"og:site_name\" content=\"Ayuntamiento de Mutxamel\" \/>\n<meta property=\"article:published_time\" content=\"2018-07-23T07:41:03+00:00\" \/>\n<meta property=\"article:modified_time\" content=\"2023-12-01T13:30:20+00:00\" \/>\n<meta name=\"author\" content=\"Ayuntamiento Mutxamel\" \/>\n<meta name=\"twitter:card\" content=\"summary_large_image\" \/>\n<meta name=\"twitter:label1\" content=\"Escrit per\" \/>\n\t<meta name=\"twitter:data1\" content=\"Ayuntamiento Mutxamel\" \/>\n\t<meta name=\"twitter:label2\" content=\"Temps estimat de lectura\" \/>\n\t<meta name=\"twitter:data2\" content=\"2 minuts\" \/>\n<script type=\"application\/ld+json\" class=\"yoast-schema-graph\">{\"@context\":\"https:\\\/\\\/schema.org\",\"@graph\":[{\"@type\":\"Article\",\"@id\":\"https:\\\/\\\/ayto.mutxamel.org\\\/ca\\\/lalcalde-i-el-regidor-de-cultura-reben-els-cinc-joves-musics-mutxamelers-despres-del-seu-exit-en-el-festival-summa-cum-laude-de-viena\\\/#article\",\"isPartOf\":{\"@id\":\"https:\\\/\\\/ayto.mutxamel.org\\\/ca\\\/lalcalde-i-el-regidor-de-cultura-reben-els-cinc-joves-musics-mutxamelers-despres-del-seu-exit-en-el-festival-summa-cum-laude-de-viena\\\/\"},\"author\":{\"name\":\"Ayuntamiento Mutxamel\",\"@id\":\"https:\\\/\\\/ayto.mutxamel.org\\\/ca\\\/#\\\/schema\\\/person\\\/0a64c1c652c34ba957ddc1a83e56bbfa\"},\"headline\":\"L&#8217;ALCALDE I EL REGIDOR DE CULTURA REBEN ELS CINC JOVES M\u00daSICS MUTXAMELERS DESPR\u00c9S DEL SEU \u00c8XIT EN EL FESTIVAL SUMMA CUM LAUDE DE VIENA\",\"datePublished\":\"2018-07-23T07:41:03+00:00\",\"dateModified\":\"2023-12-01T13:30:20+00:00\",\"mainEntityOfPage\":{\"@id\":\"https:\\\/\\\/ayto.mutxamel.org\\\/ca\\\/lalcalde-i-el-regidor-de-cultura-reben-els-cinc-joves-musics-mutxamelers-despres-del-seu-exit-en-el-festival-summa-cum-laude-de-viena\\\/\"},\"wordCount\":404,\"image\":{\"@id\":\"https:\\\/\\\/ayto.mutxamel.org\\\/ca\\\/lalcalde-i-el-regidor-de-cultura-reben-els-cinc-joves-musics-mutxamelers-despres-del-seu-exit-en-el-festival-summa-cum-laude-de-viena\\\/#primaryimage\"},\"thumbnailUrl\":\"\",\"keywords\":[\"Hemeroteca\"],\"articleSection\":[\"Hemeroteca\",\"Noticies\"],\"inLanguage\":\"ca\"},{\"@type\":\"WebPage\",\"@id\":\"https:\\\/\\\/ayto.mutxamel.org\\\/ca\\\/lalcalde-i-el-regidor-de-cultura-reben-els-cinc-joves-musics-mutxamelers-despres-del-seu-exit-en-el-festival-summa-cum-laude-de-viena\\\/\",\"url\":\"https:\\\/\\\/ayto.mutxamel.org\\\/ca\\\/lalcalde-i-el-regidor-de-cultura-reben-els-cinc-joves-musics-mutxamelers-despres-del-seu-exit-en-el-festival-summa-cum-laude-de-viena\\\/\",\"name\":\"L'ALCALDE I EL REGIDOR DE CULTURA REBEN ELS CINC JOVES M\u00daSICS MUTXAMELERS DESPR\u00c9S DEL SEU \u00c8XIT EN EL FESTIVAL SUMMA CUM LAUDE DE VIENA - Ayuntamiento de Mutxamel\",\"isPartOf\":{\"@id\":\"https:\\\/\\\/ayto.mutxamel.org\\\/ca\\\/#website\"},\"primaryImageOfPage\":{\"@id\":\"https:\\\/\\\/ayto.mutxamel.org\\\/ca\\\/lalcalde-i-el-regidor-de-cultura-reben-els-cinc-joves-musics-mutxamelers-despres-del-seu-exit-en-el-festival-summa-cum-laude-de-viena\\\/#primaryimage\"},\"image\":{\"@id\":\"https:\\\/\\\/ayto.mutxamel.org\\\/ca\\\/lalcalde-i-el-regidor-de-cultura-reben-els-cinc-joves-musics-mutxamelers-despres-del-seu-exit-en-el-festival-summa-cum-laude-de-viena\\\/#primaryimage\"},\"thumbnailUrl\":\"\",\"datePublished\":\"2018-07-23T07:41:03+00:00\",\"dateModified\":\"2023-12-01T13:30:20+00:00\",\"author\":{\"@id\":\"https:\\\/\\\/ayto.mutxamel.org\\\/ca\\\/#\\\/schema\\\/person\\\/0a64c1c652c34ba957ddc1a83e56bbfa\"},\"breadcrumb\":{\"@id\":\"https:\\\/\\\/ayto.mutxamel.org\\\/ca\\\/lalcalde-i-el-regidor-de-cultura-reben-els-cinc-joves-musics-mutxamelers-despres-del-seu-exit-en-el-festival-summa-cum-laude-de-viena\\\/#breadcrumb\"},\"inLanguage\":\"ca\",\"potentialAction\":[{\"@type\":\"ReadAction\",\"target\":[\"https:\\\/\\\/ayto.mutxamel.org\\\/ca\\\/lalcalde-i-el-regidor-de-cultura-reben-els-cinc-joves-musics-mutxamelers-despres-del-seu-exit-en-el-festival-summa-cum-laude-de-viena\\\/\"]}]},{\"@type\":\"ImageObject\",\"inLanguage\":\"ca\",\"@id\":\"https:\\\/\\\/ayto.mutxamel.org\\\/ca\\\/lalcalde-i-el-regidor-de-cultura-reben-els-cinc-joves-musics-mutxamelers-despres-del-seu-exit-en-el-festival-summa-cum-laude-de-viena\\\/#primaryimage\",\"url\":\"\",\"contentUrl\":\"\"},{\"@type\":\"BreadcrumbList\",\"@id\":\"https:\\\/\\\/ayto.mutxamel.org\\\/ca\\\/lalcalde-i-el-regidor-de-cultura-reben-els-cinc-joves-musics-mutxamelers-despres-del-seu-exit-en-el-festival-summa-cum-laude-de-viena\\\/#breadcrumb\",\"itemListElement\":[{\"@type\":\"ListItem\",\"position\":1,\"name\":\"Portada\",\"item\":\"https:\\\/\\\/ayto.mutxamel.org\\\/ca\\\/\"},{\"@type\":\"ListItem\",\"position\":2,\"name\":\"L&#8217;ALCALDE I EL REGIDOR DE CULTURA REBEN ELS CINC JOVES M\u00daSICS MUTXAMELERS DESPR\u00c9S DEL SEU \u00c8XIT EN EL FESTIVAL SUMMA CUM LAUDE DE VIENA\"}]},{\"@type\":\"WebSite\",\"@id\":\"https:\\\/\\\/ayto.mutxamel.org\\\/ca\\\/#website\",\"url\":\"https:\\\/\\\/ayto.mutxamel.org\\\/ca\\\/\",\"name\":\"Ayuntamiento de Mutxamel\",\"description\":\"\",\"potentialAction\":[{\"@type\":\"SearchAction\",\"target\":{\"@type\":\"EntryPoint\",\"urlTemplate\":\"https:\\\/\\\/ayto.mutxamel.org\\\/ca\\\/?s={search_term_string}\"},\"query-input\":{\"@type\":\"PropertyValueSpecification\",\"valueRequired\":true,\"valueName\":\"search_term_string\"}}],\"inLanguage\":\"ca\"},{\"@type\":\"Person\",\"@id\":\"https:\\\/\\\/ayto.mutxamel.org\\\/ca\\\/#\\\/schema\\\/person\\\/0a64c1c652c34ba957ddc1a83e56bbfa\",\"name\":\"Ayuntamiento Mutxamel\",\"url\":\"https:\\\/\\\/ayto.mutxamel.org\\\/ca\\\/author\\\/ayuntamiento-mutxamel\\\/\"}]}<\/script>\n<!-- \/ Yoast SEO plugin. -->","yoast_head_json":{"title":"L'ALCALDE I EL REGIDOR DE CULTURA REBEN ELS CINC JOVES M\u00daSICS MUTXAMELERS DESPR\u00c9S DEL SEU \u00c8XIT EN EL FESTIVAL SUMMA CUM LAUDE DE VIENA - Ayuntamiento de Mutxamel","robots":{"index":"index","follow":"follow","max-snippet":"max-snippet:-1","max-image-preview":"max-image-preview:large","max-video-preview":"max-video-preview:-1"},"canonical":"https:\/\/ayto.mutxamel.org\/ca\/lalcalde-i-el-regidor-de-cultura-reben-els-cinc-joves-musics-mutxamelers-despres-del-seu-exit-en-el-festival-summa-cum-laude-de-viena\/","og_locale":"ca_ES","og_type":"article","og_title":"L'ALCALDE I EL REGIDOR DE CULTURA REBEN ELS CINC JOVES M\u00daSICS MUTXAMELERS DESPR\u00c9S DEL SEU \u00c8XIT EN EL FESTIVAL SUMMA CUM LAUDE DE VIENA - Ayuntamiento de Mutxamel","og_description":"23\/07\/2018 Els m\u00fasics de l&#8217;OJPA i OJPA Aspirants, Mar\u00eda Antol\u00ed, Luc\u00eda Ramos, V\u00edctor Jes\u00fas Ant\u00f3n, El\u00edas Torrella i Marc Gosalbez, han sigut felicitats per l&#8217;alcalde del seu poble, Sebasti\u00e1n Ca\u00f1adas, i el Regidor de Cultura, Rafael Garc\u00eda. \u201cS\u00f3n un orgull, les nostres felicitacions i admiraci\u00f3 cap a ells i les seues fam\u00edlies\u201d, Sebasti\u00e1n Ca\u00f1adas. L&#8217;Orquestra...","og_url":"https:\/\/ayto.mutxamel.org\/ca\/lalcalde-i-el-regidor-de-cultura-reben-els-cinc-joves-musics-mutxamelers-despres-del-seu-exit-en-el-festival-summa-cum-laude-de-viena\/","og_site_name":"Ayuntamiento de Mutxamel","article_published_time":"2018-07-23T07:41:03+00:00","article_modified_time":"2023-12-01T13:30:20+00:00","author":"Ayuntamiento Mutxamel","twitter_card":"summary_large_image","twitter_misc":{"Escrit per":"Ayuntamiento Mutxamel","Temps estimat de lectura":"2 minuts"},"schema":{"@context":"https:\/\/schema.org","@graph":[{"@type":"Article","@id":"https:\/\/ayto.mutxamel.org\/ca\/lalcalde-i-el-regidor-de-cultura-reben-els-cinc-joves-musics-mutxamelers-despres-del-seu-exit-en-el-festival-summa-cum-laude-de-viena\/#article","isPartOf":{"@id":"https:\/\/ayto.mutxamel.org\/ca\/lalcalde-i-el-regidor-de-cultura-reben-els-cinc-joves-musics-mutxamelers-despres-del-seu-exit-en-el-festival-summa-cum-laude-de-viena\/"},"author":{"name":"Ayuntamiento Mutxamel","@id":"https:\/\/ayto.mutxamel.org\/ca\/#\/schema\/person\/0a64c1c652c34ba957ddc1a83e56bbfa"},"headline":"L&#8217;ALCALDE I EL REGIDOR DE CULTURA REBEN ELS CINC JOVES M\u00daSICS MUTXAMELERS DESPR\u00c9S DEL SEU \u00c8XIT EN EL FESTIVAL SUMMA CUM LAUDE DE VIENA","datePublished":"2018-07-23T07:41:03+00:00","dateModified":"2023-12-01T13:30:20+00:00","mainEntityOfPage":{"@id":"https:\/\/ayto.mutxamel.org\/ca\/lalcalde-i-el-regidor-de-cultura-reben-els-cinc-joves-musics-mutxamelers-despres-del-seu-exit-en-el-festival-summa-cum-laude-de-viena\/"},"wordCount":404,"image":{"@id":"https:\/\/ayto.mutxamel.org\/ca\/lalcalde-i-el-regidor-de-cultura-reben-els-cinc-joves-musics-mutxamelers-despres-del-seu-exit-en-el-festival-summa-cum-laude-de-viena\/#primaryimage"},"thumbnailUrl":"","keywords":["Hemeroteca"],"articleSection":["Hemeroteca","Noticies"],"inLanguage":"ca"},{"@type":"WebPage","@id":"https:\/\/ayto.mutxamel.org\/ca\/lalcalde-i-el-regidor-de-cultura-reben-els-cinc-joves-musics-mutxamelers-despres-del-seu-exit-en-el-festival-summa-cum-laude-de-viena\/","url":"https:\/\/ayto.mutxamel.org\/ca\/lalcalde-i-el-regidor-de-cultura-reben-els-cinc-joves-musics-mutxamelers-despres-del-seu-exit-en-el-festival-summa-cum-laude-de-viena\/","name":"L'ALCALDE I EL REGIDOR DE CULTURA REBEN ELS CINC JOVES M\u00daSICS MUTXAMELERS DESPR\u00c9S DEL SEU \u00c8XIT EN EL FESTIVAL SUMMA CUM LAUDE DE VIENA - Ayuntamiento de Mutxamel","isPartOf":{"@id":"https:\/\/ayto.mutxamel.org\/ca\/#website"},"primaryImageOfPage":{"@id":"https:\/\/ayto.mutxamel.org\/ca\/lalcalde-i-el-regidor-de-cultura-reben-els-cinc-joves-musics-mutxamelers-despres-del-seu-exit-en-el-festival-summa-cum-laude-de-viena\/#primaryimage"},"image":{"@id":"https:\/\/ayto.mutxamel.org\/ca\/lalcalde-i-el-regidor-de-cultura-reben-els-cinc-joves-musics-mutxamelers-despres-del-seu-exit-en-el-festival-summa-cum-laude-de-viena\/#primaryimage"},"thumbnailUrl":"","datePublished":"2018-07-23T07:41:03+00:00","dateModified":"2023-12-01T13:30:20+00:00","author":{"@id":"https:\/\/ayto.mutxamel.org\/ca\/#\/schema\/person\/0a64c1c652c34ba957ddc1a83e56bbfa"},"breadcrumb":{"@id":"https:\/\/ayto.mutxamel.org\/ca\/lalcalde-i-el-regidor-de-cultura-reben-els-cinc-joves-musics-mutxamelers-despres-del-seu-exit-en-el-festival-summa-cum-laude-de-viena\/#breadcrumb"},"inLanguage":"ca","potentialAction":[{"@type":"ReadAction","target":["https:\/\/ayto.mutxamel.org\/ca\/lalcalde-i-el-regidor-de-cultura-reben-els-cinc-joves-musics-mutxamelers-despres-del-seu-exit-en-el-festival-summa-cum-laude-de-viena\/"]}]},{"@type":"ImageObject","inLanguage":"ca","@id":"https:\/\/ayto.mutxamel.org\/ca\/lalcalde-i-el-regidor-de-cultura-reben-els-cinc-joves-musics-mutxamelers-despres-del-seu-exit-en-el-festival-summa-cum-laude-de-viena\/#primaryimage","url":"","contentUrl":""},{"@type":"BreadcrumbList","@id":"https:\/\/ayto.mutxamel.org\/ca\/lalcalde-i-el-regidor-de-cultura-reben-els-cinc-joves-musics-mutxamelers-despres-del-seu-exit-en-el-festival-summa-cum-laude-de-viena\/#breadcrumb","itemListElement":[{"@type":"ListItem","position":1,"name":"Portada","item":"https:\/\/ayto.mutxamel.org\/ca\/"},{"@type":"ListItem","position":2,"name":"L&#8217;ALCALDE I EL REGIDOR DE CULTURA REBEN ELS CINC JOVES M\u00daSICS MUTXAMELERS DESPR\u00c9S DEL SEU \u00c8XIT EN EL FESTIVAL SUMMA CUM LAUDE DE VIENA"}]},{"@type":"WebSite","@id":"https:\/\/ayto.mutxamel.org\/ca\/#website","url":"https:\/\/ayto.mutxamel.org\/ca\/","name":"Ayuntamiento de Mutxamel","description":"","potentialAction":[{"@type":"SearchAction","target":{"@type":"EntryPoint","urlTemplate":"https:\/\/ayto.mutxamel.org\/ca\/?s={search_term_string}"},"query-input":{"@type":"PropertyValueSpecification","valueRequired":true,"valueName":"search_term_string"}}],"inLanguage":"ca"},{"@type":"Person","@id":"https:\/\/ayto.mutxamel.org\/ca\/#\/schema\/person\/0a64c1c652c34ba957ddc1a83e56bbfa","name":"Ayuntamiento Mutxamel","url":"https:\/\/ayto.mutxamel.org\/ca\/author\/ayuntamiento-mutxamel\/"}]}},"_links":{"self":[{"href":"https:\/\/ayto.mutxamel.org\/ca\/wp-json\/wp\/v2\/posts\/3463","targetHints":{"allow":["GET"]}}],"collection":[{"href":"https:\/\/ayto.mutxamel.org\/ca\/wp-json\/wp\/v2\/posts"}],"about":[{"href":"https:\/\/ayto.mutxamel.org\/ca\/wp-json\/wp\/v2\/types\/post"}],"author":[{"embeddable":true,"href":"https:\/\/ayto.mutxamel.org\/ca\/wp-json\/wp\/v2\/users\/5"}],"replies":[{"embeddable":true,"href":"https:\/\/ayto.mutxamel.org\/ca\/wp-json\/wp\/v2\/comments?post=3463"}],"version-history":[{"count":1,"href":"https:\/\/ayto.mutxamel.org\/ca\/wp-json\/wp\/v2\/posts\/3463\/revisions"}],"predecessor-version":[{"id":35667,"href":"https:\/\/ayto.mutxamel.org\/ca\/wp-json\/wp\/v2\/posts\/3463\/revisions\/35667"}],"wp:featuredmedia":[{"embeddable":true,"href":"https:\/\/ayto.mutxamel.org\/ca\/wp-json\/"}],"wp:attachment":[{"href":"https:\/\/ayto.mutxamel.org\/ca\/wp-json\/wp\/v2\/media?parent=3463"}],"wp:term":[{"taxonomy":"category","embeddable":true,"href":"https:\/\/ayto.mutxamel.org\/ca\/wp-json\/wp\/v2\/categories?post=3463"},{"taxonomy":"post_tag","embeddable":true,"href":"https:\/\/ayto.mutxamel.org\/ca\/wp-json\/wp\/v2\/tags?post=3463"}],"curies":[{"name":"wp","href":"https:\/\/api.w.org\/{rel}","templated":true}]}}