{"id":2385,"date":"2018-03-06T07:51:23","date_gmt":"2018-03-06T06:51:23","guid":{"rendered":"https:\/\/ayto.mutxamel.org\/?p=2385"},"modified":"2023-12-01T14:32:54","modified_gmt":"2023-12-01T13:32:54","slug":"mutxamel-estara-present-en-la-10a-edicio-del-pandaraid","status":"publish","type":"post","link":"https:\/\/ayto.mutxamel.org\/ca\/mutxamel-estara-present-en-la-10a-edicio-del-pandaraid\/","title":{"rendered":"MUTXAMEL ESTAR\u00c0 PRESENT EN LA 10a EDICI\u00d3 DEL PANDARAID"},"content":{"rendered":"<p><strong>06\/03\/2018<\/strong><\/p>\n<p>Dos membres de la policia local de Mutxamel, Mar\u00eda Estela Leiva i Juan Alberto Pascual, pilot i copilot participaran en esta edici\u00f3. Un curi\u00f3s projecte que naix mentre esta parella preparava la roba del col\u00b7le dels seus fills xicotets. Amants del Marroc i de l&#8217;aventura, el Panda Raid, \u00e9s una prova esportiva amb un objectiu solidari, la finalitat del qual \u00e9s ajudar la poblaci\u00f3 marroquina, recorrent m\u00e9s de 3.000 quil\u00f2metres, en un SEAT. Este valor solidari \u00e9s el principal motiu pel qual la parella ha decidit participar en la prova. \u00c9s possible seguir-los di\u00e0riament a trav\u00e9s dels enlla\u00e7os seg\u00fcents:<\/p>\n<p><a href=\"https:\/\/www.facebook.com\/SORT-1670193989906753\/\" target=\"_blank\" rel=\"noopener\">https:\/\/www.facebook.com\/SORT-1670193989906753\/<\/a><br \/>\n<a href=\"https:\/\/www.instagram.com\/sortoil.international\/\" target=\"_blank\" rel=\"noopener\">https:\/\/www.instagram.com\/sortoil.international\/<\/a><br \/>\n<a href=\"https:\/\/www.youtube.com\/channel\/UCVI4MN7rXwq1EcaKp3codfQ\" target=\"_blank\" rel=\"noopener\">https:\/\/www.youtube.com\/channel\/UCVI4MN7rXwq1EcaKp3codfQ<\/a><\/p>\n","protected":false},"excerpt":{"rendered":"<p>06\/03\/2018 Dos membres de la policia local de Mutxamel, Mar\u00eda Estela Leiva i Juan Alberto Pascual, pilot i copilot participaran en esta edici\u00f3. Un curi\u00f3s projecte que naix mentre esta parella preparava la roba del col\u00b7le dels seus fills xicotets. Amants del Marroc i de l&#8217;aventura, el Panda Raid, \u00e9s una prova esportiva amb un&#8230;<\/p>\n","protected":false},"author":5,"featured_media":2383,"comment_status":"closed","ping_status":"open","sticky":false,"template":"","format":"standard","meta":{"_acf_changed":false,"footnotes":""},"categories":[351,282],"tags":[323],"class_list":["post-2385","post","type-post","status-publish","format-standard","has-post-thumbnail","hentry","category-hemeroteca-ca","category-noticies","tag-hemeroteca-va"],"acf":[],"yoast_head":"<!-- This site is optimized with the Yoast SEO plugin v27.3 - https:\/\/yoast.com\/product\/yoast-seo-wordpress\/ -->\n<title>MUTXAMEL ESTAR\u00c0 PRESENT EN LA 10a EDICI\u00d3 DEL PANDARAID - Ayuntamiento de Mutxamel<\/title>\n<meta name=\"robots\" content=\"index, follow, max-snippet:-1, max-image-preview:large, max-video-preview:-1\" \/>\n<link rel=\"canonical\" href=\"https:\/\/ayto.mutxamel.org\/ca\/mutxamel-estara-present-en-la-10a-edicio-del-pandaraid\/\" \/>\n<meta property=\"og:locale\" content=\"ca_ES\" \/>\n<meta property=\"og:type\" content=\"article\" \/>\n<meta property=\"og:title\" content=\"MUTXAMEL ESTAR\u00c0 PRESENT EN LA 10a EDICI\u00d3 DEL PANDARAID - Ayuntamiento de Mutxamel\" \/>\n<meta property=\"og:description\" content=\"06\/03\/2018 Dos membres de la policia local de Mutxamel, Mar\u00eda Estela Leiva i Juan Alberto Pascual, pilot i copilot participaran en esta edici\u00f3. Un curi\u00f3s projecte que naix mentre esta parella preparava la roba del col\u00b7le dels seus fills xicotets. Amants del Marroc i de l&#8217;aventura, el Panda Raid, \u00e9s una prova esportiva amb un...\" \/>\n<meta property=\"og:url\" content=\"https:\/\/ayto.mutxamel.org\/ca\/mutxamel-estara-present-en-la-10a-edicio-del-pandaraid\/\" \/>\n<meta property=\"og:site_name\" content=\"Ayuntamiento de Mutxamel\" \/>\n<meta property=\"article:published_time\" content=\"2018-03-06T06:51:23+00:00\" \/>\n<meta property=\"article:modified_time\" content=\"2023-12-01T13:32:54+00:00\" \/>\n<meta name=\"author\" content=\"Ayuntamiento Mutxamel\" \/>\n<meta name=\"twitter:card\" content=\"summary_large_image\" \/>\n<meta name=\"twitter:label1\" content=\"Escrit per\" \/>\n\t<meta name=\"twitter:data1\" content=\"Ayuntamiento Mutxamel\" \/>\n\t<meta name=\"twitter:label2\" content=\"Temps estimat de lectura\" \/>\n\t<meta name=\"twitter:data2\" content=\"1 minut\" \/>\n<script type=\"application\/ld+json\" class=\"yoast-schema-graph\">{\"@context\":\"https:\\\/\\\/schema.org\",\"@graph\":[{\"@type\":\"Article\",\"@id\":\"https:\\\/\\\/ayto.mutxamel.org\\\/ca\\\/mutxamel-estara-present-en-la-10a-edicio-del-pandaraid\\\/#article\",\"isPartOf\":{\"@id\":\"https:\\\/\\\/ayto.mutxamel.org\\\/ca\\\/mutxamel-estara-present-en-la-10a-edicio-del-pandaraid\\\/\"},\"author\":{\"name\":\"Ayuntamiento Mutxamel\",\"@id\":\"https:\\\/\\\/ayto.mutxamel.org\\\/ca\\\/#\\\/schema\\\/person\\\/0a64c1c652c34ba957ddc1a83e56bbfa\"},\"headline\":\"MUTXAMEL ESTAR\u00c0 PRESENT EN LA 10a EDICI\u00d3 DEL PANDARAID\",\"datePublished\":\"2018-03-06T06:51:23+00:00\",\"dateModified\":\"2023-12-01T13:32:54+00:00\",\"mainEntityOfPage\":{\"@id\":\"https:\\\/\\\/ayto.mutxamel.org\\\/ca\\\/mutxamel-estara-present-en-la-10a-edicio-del-pandaraid\\\/\"},\"wordCount\":138,\"image\":{\"@id\":\"https:\\\/\\\/ayto.mutxamel.org\\\/ca\\\/mutxamel-estara-present-en-la-10a-edicio-del-pandaraid\\\/#primaryimage\"},\"thumbnailUrl\":\"\",\"keywords\":[\"Hemeroteca\"],\"articleSection\":[\"Hemeroteca\",\"Noticies\"],\"inLanguage\":\"ca\"},{\"@type\":\"WebPage\",\"@id\":\"https:\\\/\\\/ayto.mutxamel.org\\\/ca\\\/mutxamel-estara-present-en-la-10a-edicio-del-pandaraid\\\/\",\"url\":\"https:\\\/\\\/ayto.mutxamel.org\\\/ca\\\/mutxamel-estara-present-en-la-10a-edicio-del-pandaraid\\\/\",\"name\":\"MUTXAMEL ESTAR\u00c0 PRESENT EN LA 10a EDICI\u00d3 DEL PANDARAID - Ayuntamiento de Mutxamel\",\"isPartOf\":{\"@id\":\"https:\\\/\\\/ayto.mutxamel.org\\\/ca\\\/#website\"},\"primaryImageOfPage\":{\"@id\":\"https:\\\/\\\/ayto.mutxamel.org\\\/ca\\\/mutxamel-estara-present-en-la-10a-edicio-del-pandaraid\\\/#primaryimage\"},\"image\":{\"@id\":\"https:\\\/\\\/ayto.mutxamel.org\\\/ca\\\/mutxamel-estara-present-en-la-10a-edicio-del-pandaraid\\\/#primaryimage\"},\"thumbnailUrl\":\"\",\"datePublished\":\"2018-03-06T06:51:23+00:00\",\"dateModified\":\"2023-12-01T13:32:54+00:00\",\"author\":{\"@id\":\"https:\\\/\\\/ayto.mutxamel.org\\\/ca\\\/#\\\/schema\\\/person\\\/0a64c1c652c34ba957ddc1a83e56bbfa\"},\"breadcrumb\":{\"@id\":\"https:\\\/\\\/ayto.mutxamel.org\\\/ca\\\/mutxamel-estara-present-en-la-10a-edicio-del-pandaraid\\\/#breadcrumb\"},\"inLanguage\":\"ca\",\"potentialAction\":[{\"@type\":\"ReadAction\",\"target\":[\"https:\\\/\\\/ayto.mutxamel.org\\\/ca\\\/mutxamel-estara-present-en-la-10a-edicio-del-pandaraid\\\/\"]}]},{\"@type\":\"ImageObject\",\"inLanguage\":\"ca\",\"@id\":\"https:\\\/\\\/ayto.mutxamel.org\\\/ca\\\/mutxamel-estara-present-en-la-10a-edicio-del-pandaraid\\\/#primaryimage\",\"url\":\"\",\"contentUrl\":\"\"},{\"@type\":\"BreadcrumbList\",\"@id\":\"https:\\\/\\\/ayto.mutxamel.org\\\/ca\\\/mutxamel-estara-present-en-la-10a-edicio-del-pandaraid\\\/#breadcrumb\",\"itemListElement\":[{\"@type\":\"ListItem\",\"position\":1,\"name\":\"Portada\",\"item\":\"https:\\\/\\\/ayto.mutxamel.org\\\/ca\\\/\"},{\"@type\":\"ListItem\",\"position\":2,\"name\":\"MUTXAMEL ESTAR\u00c0 PRESENT EN LA 10a EDICI\u00d3 DEL PANDARAID\"}]},{\"@type\":\"WebSite\",\"@id\":\"https:\\\/\\\/ayto.mutxamel.org\\\/ca\\\/#website\",\"url\":\"https:\\\/\\\/ayto.mutxamel.org\\\/ca\\\/\",\"name\":\"Ayuntamiento de Mutxamel\",\"description\":\"\",\"potentialAction\":[{\"@type\":\"SearchAction\",\"target\":{\"@type\":\"EntryPoint\",\"urlTemplate\":\"https:\\\/\\\/ayto.mutxamel.org\\\/ca\\\/?s={search_term_string}\"},\"query-input\":{\"@type\":\"PropertyValueSpecification\",\"valueRequired\":true,\"valueName\":\"search_term_string\"}}],\"inLanguage\":\"ca\"},{\"@type\":\"Person\",\"@id\":\"https:\\\/\\\/ayto.mutxamel.org\\\/ca\\\/#\\\/schema\\\/person\\\/0a64c1c652c34ba957ddc1a83e56bbfa\",\"name\":\"Ayuntamiento Mutxamel\",\"url\":\"https:\\\/\\\/ayto.mutxamel.org\\\/ca\\\/author\\\/ayuntamiento-mutxamel\\\/\"}]}<\/script>\n<!-- \/ Yoast SEO plugin. -->","yoast_head_json":{"title":"MUTXAMEL ESTAR\u00c0 PRESENT EN LA 10a EDICI\u00d3 DEL PANDARAID - Ayuntamiento de Mutxamel","robots":{"index":"index","follow":"follow","max-snippet":"max-snippet:-1","max-image-preview":"max-image-preview:large","max-video-preview":"max-video-preview:-1"},"canonical":"https:\/\/ayto.mutxamel.org\/ca\/mutxamel-estara-present-en-la-10a-edicio-del-pandaraid\/","og_locale":"ca_ES","og_type":"article","og_title":"MUTXAMEL ESTAR\u00c0 PRESENT EN LA 10a EDICI\u00d3 DEL PANDARAID - Ayuntamiento de Mutxamel","og_description":"06\/03\/2018 Dos membres de la policia local de Mutxamel, Mar\u00eda Estela Leiva i Juan Alberto Pascual, pilot i copilot participaran en esta edici\u00f3. Un curi\u00f3s projecte que naix mentre esta parella preparava la roba del col\u00b7le dels seus fills xicotets. Amants del Marroc i de l&#8217;aventura, el Panda Raid, \u00e9s una prova esportiva amb un...","og_url":"https:\/\/ayto.mutxamel.org\/ca\/mutxamel-estara-present-en-la-10a-edicio-del-pandaraid\/","og_site_name":"Ayuntamiento de Mutxamel","article_published_time":"2018-03-06T06:51:23+00:00","article_modified_time":"2023-12-01T13:32:54+00:00","author":"Ayuntamiento Mutxamel","twitter_card":"summary_large_image","twitter_misc":{"Escrit per":"Ayuntamiento Mutxamel","Temps estimat de lectura":"1 minut"},"schema":{"@context":"https:\/\/schema.org","@graph":[{"@type":"Article","@id":"https:\/\/ayto.mutxamel.org\/ca\/mutxamel-estara-present-en-la-10a-edicio-del-pandaraid\/#article","isPartOf":{"@id":"https:\/\/ayto.mutxamel.org\/ca\/mutxamel-estara-present-en-la-10a-edicio-del-pandaraid\/"},"author":{"name":"Ayuntamiento Mutxamel","@id":"https:\/\/ayto.mutxamel.org\/ca\/#\/schema\/person\/0a64c1c652c34ba957ddc1a83e56bbfa"},"headline":"MUTXAMEL ESTAR\u00c0 PRESENT EN LA 10a EDICI\u00d3 DEL PANDARAID","datePublished":"2018-03-06T06:51:23+00:00","dateModified":"2023-12-01T13:32:54+00:00","mainEntityOfPage":{"@id":"https:\/\/ayto.mutxamel.org\/ca\/mutxamel-estara-present-en-la-10a-edicio-del-pandaraid\/"},"wordCount":138,"image":{"@id":"https:\/\/ayto.mutxamel.org\/ca\/mutxamel-estara-present-en-la-10a-edicio-del-pandaraid\/#primaryimage"},"thumbnailUrl":"","keywords":["Hemeroteca"],"articleSection":["Hemeroteca","Noticies"],"inLanguage":"ca"},{"@type":"WebPage","@id":"https:\/\/ayto.mutxamel.org\/ca\/mutxamel-estara-present-en-la-10a-edicio-del-pandaraid\/","url":"https:\/\/ayto.mutxamel.org\/ca\/mutxamel-estara-present-en-la-10a-edicio-del-pandaraid\/","name":"MUTXAMEL ESTAR\u00c0 PRESENT EN LA 10a EDICI\u00d3 DEL PANDARAID - Ayuntamiento de Mutxamel","isPartOf":{"@id":"https:\/\/ayto.mutxamel.org\/ca\/#website"},"primaryImageOfPage":{"@id":"https:\/\/ayto.mutxamel.org\/ca\/mutxamel-estara-present-en-la-10a-edicio-del-pandaraid\/#primaryimage"},"image":{"@id":"https:\/\/ayto.mutxamel.org\/ca\/mutxamel-estara-present-en-la-10a-edicio-del-pandaraid\/#primaryimage"},"thumbnailUrl":"","datePublished":"2018-03-06T06:51:23+00:00","dateModified":"2023-12-01T13:32:54+00:00","author":{"@id":"https:\/\/ayto.mutxamel.org\/ca\/#\/schema\/person\/0a64c1c652c34ba957ddc1a83e56bbfa"},"breadcrumb":{"@id":"https:\/\/ayto.mutxamel.org\/ca\/mutxamel-estara-present-en-la-10a-edicio-del-pandaraid\/#breadcrumb"},"inLanguage":"ca","potentialAction":[{"@type":"ReadAction","target":["https:\/\/ayto.mutxamel.org\/ca\/mutxamel-estara-present-en-la-10a-edicio-del-pandaraid\/"]}]},{"@type":"ImageObject","inLanguage":"ca","@id":"https:\/\/ayto.mutxamel.org\/ca\/mutxamel-estara-present-en-la-10a-edicio-del-pandaraid\/#primaryimage","url":"","contentUrl":""},{"@type":"BreadcrumbList","@id":"https:\/\/ayto.mutxamel.org\/ca\/mutxamel-estara-present-en-la-10a-edicio-del-pandaraid\/#breadcrumb","itemListElement":[{"@type":"ListItem","position":1,"name":"Portada","item":"https:\/\/ayto.mutxamel.org\/ca\/"},{"@type":"ListItem","position":2,"name":"MUTXAMEL ESTAR\u00c0 PRESENT EN LA 10a EDICI\u00d3 DEL PANDARAID"}]},{"@type":"WebSite","@id":"https:\/\/ayto.mutxamel.org\/ca\/#website","url":"https:\/\/ayto.mutxamel.org\/ca\/","name":"Ayuntamiento de Mutxamel","description":"","potentialAction":[{"@type":"SearchAction","target":{"@type":"EntryPoint","urlTemplate":"https:\/\/ayto.mutxamel.org\/ca\/?s={search_term_string}"},"query-input":{"@type":"PropertyValueSpecification","valueRequired":true,"valueName":"search_term_string"}}],"inLanguage":"ca"},{"@type":"Person","@id":"https:\/\/ayto.mutxamel.org\/ca\/#\/schema\/person\/0a64c1c652c34ba957ddc1a83e56bbfa","name":"Ayuntamiento Mutxamel","url":"https:\/\/ayto.mutxamel.org\/ca\/author\/ayuntamiento-mutxamel\/"}]}},"_links":{"self":[{"href":"https:\/\/ayto.mutxamel.org\/ca\/wp-json\/wp\/v2\/posts\/2385","targetHints":{"allow":["GET"]}}],"collection":[{"href":"https:\/\/ayto.mutxamel.org\/ca\/wp-json\/wp\/v2\/posts"}],"about":[{"href":"https:\/\/ayto.mutxamel.org\/ca\/wp-json\/wp\/v2\/types\/post"}],"author":[{"embeddable":true,"href":"https:\/\/ayto.mutxamel.org\/ca\/wp-json\/wp\/v2\/users\/5"}],"replies":[{"embeddable":true,"href":"https:\/\/ayto.mutxamel.org\/ca\/wp-json\/wp\/v2\/comments?post=2385"}],"version-history":[{"count":1,"href":"https:\/\/ayto.mutxamel.org\/ca\/wp-json\/wp\/v2\/posts\/2385\/revisions"}],"predecessor-version":[{"id":35674,"href":"https:\/\/ayto.mutxamel.org\/ca\/wp-json\/wp\/v2\/posts\/2385\/revisions\/35674"}],"wp:featuredmedia":[{"embeddable":true,"href":"https:\/\/ayto.mutxamel.org\/ca\/wp-json\/"}],"wp:attachment":[{"href":"https:\/\/ayto.mutxamel.org\/ca\/wp-json\/wp\/v2\/media?parent=2385"}],"wp:term":[{"taxonomy":"category","embeddable":true,"href":"https:\/\/ayto.mutxamel.org\/ca\/wp-json\/wp\/v2\/categories?post=2385"},{"taxonomy":"post_tag","embeddable":true,"href":"https:\/\/ayto.mutxamel.org\/ca\/wp-json\/wp\/v2\/tags?post=2385"}],"curies":[{"name":"wp","href":"https:\/\/api.w.org\/{rel}","templated":true}]}}