{"id":22829,"date":"2023-07-07T07:56:47","date_gmt":"2023-07-07T05:56:47","guid":{"rendered":"https:\/\/ayto.mutxamel.org\/?p=22829"},"modified":"2023-12-06T14:19:12","modified_gmt":"2023-12-06T13:19:12","slug":"v-fira-del-tomate-muchamiel","status":"publish","type":"post","link":"https:\/\/ayto.mutxamel.org\/ca\/v-fira-del-tomate-muchamiel\/","title":{"rendered":"V Fira de la Tomata Muchamiel"},"content":{"rendered":"\r\n<p>Un any m\u00e9s torna la Fira de la Tomata Muchamiel en la seua cinquena edici\u00f3, amb degustacions de la varietat estrela de la nostra localitat.<\/p>\r\n\r\n\r\n\r\n<p>&nbsp;<\/p>\r\n\r\n\r\n\r\n<p>Els dies 7 i 8 de juliol des de les 19.00 fins a les 23:30h en la Pla\u00e7a del Mercat Municipal de Mutxamel teniu una cita amb la Tomata de Muchamiel.<\/p>\r\n\r\n\r\n\r\n<p><strong>Divendres 7 de juliol<\/strong><\/p>\r\n\r\n\r\n\r\n<p>19.00 Inauguraci\u00f3 del Fira Comencem a ritme de BATUADA!<\/p>\r\n\r\n\r\n\r\n<p>19.00 a 20:00h Taller Avaluem si l&#8217;aigua est\u00e0 contaminada<\/p>\r\n\r\n\r\n\r\n<p>20.00 a 20:30h Taller pompes gegants<\/p>\r\n\r\n\r\n\r\n<p>20.30 a 21:30h Taller cuina tomaca farcida<\/p>\r\n\r\n\r\n\r\n<p>21.30 a 22:30h Espectacle acrob\u00e0tic aeri amb estructura<\/p>\r\n\r\n\r\n\r\n<p>22.30 a 23:30h Espectacle de bufafoc<\/p>\r\n\r\n\r\n\r\n<p><strong>Dissabte 8 de juliol<\/strong><\/p>\r\n\r\n\r\n\r\n<p>19.00 a 20:00h Taller Cuina Gaspatxo andal\u00fas<\/p>\r\n\r\n\r\n\r\n<p>20.00 a 20:30h Contacontes<\/p>\r\n\r\n\r\n\r\n<p>20.30 a 21:30h Taller sembrant aprenem<\/p>\r\n\r\n\r\n\r\n<p>21.30 a 22:30h Taller malabars 22.30 a 23.30 Mon\u00f2leg<\/p>\r\n\r\n<p>&nbsp;<\/p>\r\n\r\n<figure class=\"wp-block-image size-large\"><img decoding=\"async\" class=\"wp-image-22826\" src=\"https:\/\/ayto.mutxamel.org\/wp-content\/uploads\/2023\/10\/tomate2023-724x1024-1.jpg\" alt=\"Quinta Feria Tomate Muchamiel \" \/><\/figure>\r\n\r\n\r\n\r\n<figure class=\"wp-block-image size-large\"><img decoding=\"async\" class=\"wp-image-22836\" src=\"https:\/\/ayto.mutxamel.org\/wp-content\/uploads\/2023\/10\/Programacion-V-Feria-Tomate-Muchamiel-7-de-julio-2023-102.jpeg\" alt=\"Programaci\u00f3n d\u00eda 7 de julio\" \/><\/figure>\r\n\r\n\r\n\r\n<figure class=\"wp-block-image size-large\"><img decoding=\"async\" class=\"wp-image-22837\" src=\"https:\/\/ayto.mutxamel.org\/wp-content\/uploads\/2023\/10\/Programacion-V-Feria-Tomate-Muchamiel-8-de-julio-2023-102.jpeg\" alt=\"Programaci\u00f3n d\u00eda 8 de julio\" \/><\/figure>\r\n\r\n\r\n\r\n<p class=\"linkext\"><a href=\"https:\/\/ayto.mutxamel.org\/wp-content\/uploads\/2023\/10\/Carta-Tapas-V-Feria-Tomate-Muchamiel-v2.pdf\" target=\"_blank\" rel=\"noreferrer noopener\">Carta de Tapes V Fira Tomate Muchamiel (pdf)<\/a><\/p>\r\n\r\n\r\n\r\n<p><strong>II Edici\u00f3 de les Tapes de la Tomata Muchamiel<\/strong><\/p>\r\n\r\n\r\n\r\n<p><strong>RINCONET<\/strong><\/p>\r\n\r\n\r\n\r\n<p>La chispa del tomate 3,50 \u20ac<br \/>Tartar de tomate Muchamiel con especias y salsas.<\/p>\r\n\r\n\r\n\r\n<p><strong>LES TAPES DE LA IAIA<\/strong><\/p>\r\n\r\n\r\n\r\n<p>Rinyonet de masero i anxova 4,00 \u20ac<br \/>Tomate Muchamiel asado con anchoas y queso fresco.<\/p>\r\n\r\n\r\n\r\n<p><br \/><strong>ESSEN PUB<\/strong><\/p>\r\n\r\n\r\n\r\n<p>Cocktail Bloody Mary Essen 7,00 \u20ac<br \/>Cocktail con zumo de tomate Muchamiel,vodka, salsa Perrins, zumo de lim\u00f3n y salsa Tabasco al gusto.<\/p>\r\n\r\n\r\n\r\n<p><br \/><strong>BAR ROSA<\/strong><\/p>\r\n\r\n\r\n\r\n<p>India 4,00 \u20ac<br \/>Tomate Muchamiel ali\u00f1ado, endulzado con base de pan integral y queso burrata.<\/p>\r\n\r\n\r\n\r\n<p><strong>REST. EL CANYAR DE LES PORTELLES<\/strong><\/p>\r\n\r\n\r\n\r\n<p>Velero de tomate 3,00 \u20ac<br \/>Tomate Muchamiel, jam\u00f3n, queso y aceite de oliva.<\/p>\r\n\r\n\r\n\r\n<p><strong>RTE. BONALBA GOLF &#8211; Bonalba<\/strong><\/p>\r\n\r\n\r\n\r\n<p>Tartar de tomate 4,50 \u20ac<br \/>Tartar de tomate, queso joven de cabra, emulsi\u00f3n de aguacate y breva escabechada sobre pan cristal crujiente.<\/p>\r\n\r\n\r\n\r\n<p><strong>PIZZERIA BELLA DONA<\/strong><\/p>\r\n\r\n\r\n\r\n<p>Carpaccio di pomodoro 3,00 \u20ac<br \/>Finas lonchas de tomate Muchamiel, stracciatella de b\u00fafala, sal de ajo, r\u00facula, escamas de Grana Padano y pesto genov\u00e9s.<\/p>\r\n\r\n\r\n\r\n<p><strong>REST MEDITERRANEAN GOLF<\/strong><\/p>\r\n\r\n\r\n\r\n<p>Tosta de tomate con jam\u00f3n ib\u00e9rico 3,75 \u20ac<br \/>Tostada de tomate Muchamiel con jam\u00f3n ib\u00e9rico.<\/p>\r\n\r\n\r\n\r\n<p><strong>RESTAURANTE AERO CLUB<\/strong><\/p>\r\n\r\n\r\n\r\n<p>Tostada de tomata y anchoas 2,00 \u20ac<br \/>Tomate Muchamiel, anchoas y aceite de oliva.<\/p>\r\n\r\n\r\n\r\n<p><strong>EL BARECITO<\/strong><\/p>\r\n\r\n\r\n\r\n<p>El barecito 4,50 \u20ac<br \/>Carpaccio de tomate Muchamiel con queso feta, miel de naranja y ma\u00edz tostado.<\/p>\r\n","protected":false},"excerpt":{"rendered":"<p>Un any m\u00e9s torna la Fira de la Tomata Muchamiel en la seua cinquena edici\u00f3, amb degustacions de la varietat estrela de la nostra localitat. &nbsp; Els dies 7 i 8 de juliol des de les 19.00 fins a les 23:30h en la Pla\u00e7a del Mercat Municipal de Mutxamel teniu una cita amb la Tomata&#8230;<\/p>\n","protected":false},"author":5,"featured_media":26271,"comment_status":"closed","ping_status":"closed","sticky":false,"template":"","format":"standard","meta":{"_acf_changed":false,"footnotes":""},"categories":[459,282],"tags":[258],"class_list":["post-22829","post","type-post","status-publish","format-standard","has-post-thumbnail","hentry","category-agricultura-ca","category-noticies","tag-agriculturav"],"acf":[],"yoast_head":"<!-- This site is optimized with the Yoast SEO plugin v27.3 - https:\/\/yoast.com\/product\/yoast-seo-wordpress\/ -->\n<title>V Fira de la Tomata Muchamiel - Ayuntamiento de Mutxamel<\/title>\n<meta name=\"robots\" content=\"index, follow, max-snippet:-1, max-image-preview:large, max-video-preview:-1\" \/>\n<link rel=\"canonical\" href=\"https:\/\/ayto.mutxamel.org\/ca\/v-fira-del-tomate-muchamiel\/\" \/>\n<meta property=\"og:locale\" content=\"ca_ES\" \/>\n<meta property=\"og:type\" content=\"article\" \/>\n<meta property=\"og:title\" content=\"V Fira de la Tomata Muchamiel - Ayuntamiento de Mutxamel\" \/>\n<meta property=\"og:description\" content=\"Un any m\u00e9s torna la Fira de la Tomata Muchamiel en la seua cinquena edici\u00f3, amb degustacions de la varietat estrela de la nostra localitat. &nbsp; Els dies 7 i 8 de juliol des de les 19.00 fins a les 23:30h en la Pla\u00e7a del Mercat Municipal de Mutxamel teniu una cita amb la Tomata...\" \/>\n<meta property=\"og:url\" content=\"https:\/\/ayto.mutxamel.org\/ca\/v-fira-del-tomate-muchamiel\/\" \/>\n<meta property=\"og:site_name\" content=\"Ayuntamiento de Mutxamel\" \/>\n<meta property=\"article:published_time\" content=\"2023-07-07T05:56:47+00:00\" \/>\n<meta property=\"article:modified_time\" content=\"2023-12-06T13:19:12+00:00\" \/>\n<meta property=\"og:image\" content=\"https:\/\/ayto.mutxamel.org\/wp-content\/uploads\/2023\/10\/tomate2023-724x1024-1.jpg\" \/>\n\t<meta property=\"og:image:width\" content=\"724\" \/>\n\t<meta property=\"og:image:height\" content=\"1024\" \/>\n\t<meta property=\"og:image:type\" content=\"image\/jpeg\" \/>\n<meta name=\"author\" content=\"Ayuntamiento Mutxamel\" \/>\n<meta name=\"twitter:card\" content=\"summary_large_image\" \/>\n<meta name=\"twitter:label1\" content=\"Escrit per\" \/>\n\t<meta name=\"twitter:data1\" content=\"Ayuntamiento Mutxamel\" \/>\n\t<meta name=\"twitter:label2\" content=\"Temps estimat de lectura\" \/>\n\t<meta name=\"twitter:data2\" content=\"2 minuts\" \/>\n<script type=\"application\/ld+json\" class=\"yoast-schema-graph\">{\"@context\":\"https:\\\/\\\/schema.org\",\"@graph\":[{\"@type\":\"Article\",\"@id\":\"https:\\\/\\\/ayto.mutxamel.org\\\/ca\\\/v-fira-del-tomate-muchamiel\\\/#article\",\"isPartOf\":{\"@id\":\"https:\\\/\\\/ayto.mutxamel.org\\\/ca\\\/v-fira-del-tomate-muchamiel\\\/\"},\"author\":{\"name\":\"Ayuntamiento Mutxamel\",\"@id\":\"https:\\\/\\\/ayto.mutxamel.org\\\/ca\\\/#\\\/schema\\\/person\\\/0a64c1c652c34ba957ddc1a83e56bbfa\"},\"headline\":\"V Fira de la Tomata Muchamiel\",\"datePublished\":\"2023-07-07T05:56:47+00:00\",\"dateModified\":\"2023-12-06T13:19:12+00:00\",\"mainEntityOfPage\":{\"@id\":\"https:\\\/\\\/ayto.mutxamel.org\\\/ca\\\/v-fira-del-tomate-muchamiel\\\/\"},\"wordCount\":345,\"image\":{\"@id\":\"https:\\\/\\\/ayto.mutxamel.org\\\/ca\\\/v-fira-del-tomate-muchamiel\\\/#primaryimage\"},\"thumbnailUrl\":\"https:\\\/\\\/ayto.mutxamel.org\\\/wp-content\\\/uploads\\\/2023\\\/10\\\/tomate2023-724x1024-1.jpg\",\"keywords\":[\"Agricultura\"],\"articleSection\":[\"Agricultura\",\"Noticies\"],\"inLanguage\":\"ca\"},{\"@type\":\"WebPage\",\"@id\":\"https:\\\/\\\/ayto.mutxamel.org\\\/ca\\\/v-fira-del-tomate-muchamiel\\\/\",\"url\":\"https:\\\/\\\/ayto.mutxamel.org\\\/ca\\\/v-fira-del-tomate-muchamiel\\\/\",\"name\":\"V Fira de la Tomata Muchamiel - Ayuntamiento de Mutxamel\",\"isPartOf\":{\"@id\":\"https:\\\/\\\/ayto.mutxamel.org\\\/ca\\\/#website\"},\"primaryImageOfPage\":{\"@id\":\"https:\\\/\\\/ayto.mutxamel.org\\\/ca\\\/v-fira-del-tomate-muchamiel\\\/#primaryimage\"},\"image\":{\"@id\":\"https:\\\/\\\/ayto.mutxamel.org\\\/ca\\\/v-fira-del-tomate-muchamiel\\\/#primaryimage\"},\"thumbnailUrl\":\"https:\\\/\\\/ayto.mutxamel.org\\\/wp-content\\\/uploads\\\/2023\\\/10\\\/tomate2023-724x1024-1.jpg\",\"datePublished\":\"2023-07-07T05:56:47+00:00\",\"dateModified\":\"2023-12-06T13:19:12+00:00\",\"author\":{\"@id\":\"https:\\\/\\\/ayto.mutxamel.org\\\/ca\\\/#\\\/schema\\\/person\\\/0a64c1c652c34ba957ddc1a83e56bbfa\"},\"breadcrumb\":{\"@id\":\"https:\\\/\\\/ayto.mutxamel.org\\\/ca\\\/v-fira-del-tomate-muchamiel\\\/#breadcrumb\"},\"inLanguage\":\"ca\",\"potentialAction\":[{\"@type\":\"ReadAction\",\"target\":[\"https:\\\/\\\/ayto.mutxamel.org\\\/ca\\\/v-fira-del-tomate-muchamiel\\\/\"]}]},{\"@type\":\"ImageObject\",\"inLanguage\":\"ca\",\"@id\":\"https:\\\/\\\/ayto.mutxamel.org\\\/ca\\\/v-fira-del-tomate-muchamiel\\\/#primaryimage\",\"url\":\"https:\\\/\\\/ayto.mutxamel.org\\\/wp-content\\\/uploads\\\/2023\\\/10\\\/tomate2023-724x1024-1.jpg\",\"contentUrl\":\"https:\\\/\\\/ayto.mutxamel.org\\\/wp-content\\\/uploads\\\/2023\\\/10\\\/tomate2023-724x1024-1.jpg\",\"width\":724,\"height\":1024},{\"@type\":\"BreadcrumbList\",\"@id\":\"https:\\\/\\\/ayto.mutxamel.org\\\/ca\\\/v-fira-del-tomate-muchamiel\\\/#breadcrumb\",\"itemListElement\":[{\"@type\":\"ListItem\",\"position\":1,\"name\":\"Portada\",\"item\":\"https:\\\/\\\/ayto.mutxamel.org\\\/ca\\\/\"},{\"@type\":\"ListItem\",\"position\":2,\"name\":\"V Fira de la Tomata Muchamiel\"}]},{\"@type\":\"WebSite\",\"@id\":\"https:\\\/\\\/ayto.mutxamel.org\\\/ca\\\/#website\",\"url\":\"https:\\\/\\\/ayto.mutxamel.org\\\/ca\\\/\",\"name\":\"Ayuntamiento de Mutxamel\",\"description\":\"\",\"potentialAction\":[{\"@type\":\"SearchAction\",\"target\":{\"@type\":\"EntryPoint\",\"urlTemplate\":\"https:\\\/\\\/ayto.mutxamel.org\\\/ca\\\/?s={search_term_string}\"},\"query-input\":{\"@type\":\"PropertyValueSpecification\",\"valueRequired\":true,\"valueName\":\"search_term_string\"}}],\"inLanguage\":\"ca\"},{\"@type\":\"Person\",\"@id\":\"https:\\\/\\\/ayto.mutxamel.org\\\/ca\\\/#\\\/schema\\\/person\\\/0a64c1c652c34ba957ddc1a83e56bbfa\",\"name\":\"Ayuntamiento Mutxamel\",\"url\":\"https:\\\/\\\/ayto.mutxamel.org\\\/ca\\\/author\\\/ayuntamiento-mutxamel\\\/\"}]}<\/script>\n<!-- \/ Yoast SEO plugin. -->","yoast_head_json":{"title":"V Fira de la Tomata Muchamiel - Ayuntamiento de Mutxamel","robots":{"index":"index","follow":"follow","max-snippet":"max-snippet:-1","max-image-preview":"max-image-preview:large","max-video-preview":"max-video-preview:-1"},"canonical":"https:\/\/ayto.mutxamel.org\/ca\/v-fira-del-tomate-muchamiel\/","og_locale":"ca_ES","og_type":"article","og_title":"V Fira de la Tomata Muchamiel - Ayuntamiento de Mutxamel","og_description":"Un any m\u00e9s torna la Fira de la Tomata Muchamiel en la seua cinquena edici\u00f3, amb degustacions de la varietat estrela de la nostra localitat. &nbsp; Els dies 7 i 8 de juliol des de les 19.00 fins a les 23:30h en la Pla\u00e7a del Mercat Municipal de Mutxamel teniu una cita amb la Tomata...","og_url":"https:\/\/ayto.mutxamel.org\/ca\/v-fira-del-tomate-muchamiel\/","og_site_name":"Ayuntamiento de Mutxamel","article_published_time":"2023-07-07T05:56:47+00:00","article_modified_time":"2023-12-06T13:19:12+00:00","og_image":[{"width":724,"height":1024,"url":"https:\/\/ayto.mutxamel.org\/wp-content\/uploads\/2023\/10\/tomate2023-724x1024-1.jpg","type":"image\/jpeg"}],"author":"Ayuntamiento Mutxamel","twitter_card":"summary_large_image","twitter_misc":{"Escrit per":"Ayuntamiento Mutxamel","Temps estimat de lectura":"2 minuts"},"schema":{"@context":"https:\/\/schema.org","@graph":[{"@type":"Article","@id":"https:\/\/ayto.mutxamel.org\/ca\/v-fira-del-tomate-muchamiel\/#article","isPartOf":{"@id":"https:\/\/ayto.mutxamel.org\/ca\/v-fira-del-tomate-muchamiel\/"},"author":{"name":"Ayuntamiento Mutxamel","@id":"https:\/\/ayto.mutxamel.org\/ca\/#\/schema\/person\/0a64c1c652c34ba957ddc1a83e56bbfa"},"headline":"V Fira de la Tomata Muchamiel","datePublished":"2023-07-07T05:56:47+00:00","dateModified":"2023-12-06T13:19:12+00:00","mainEntityOfPage":{"@id":"https:\/\/ayto.mutxamel.org\/ca\/v-fira-del-tomate-muchamiel\/"},"wordCount":345,"image":{"@id":"https:\/\/ayto.mutxamel.org\/ca\/v-fira-del-tomate-muchamiel\/#primaryimage"},"thumbnailUrl":"https:\/\/ayto.mutxamel.org\/wp-content\/uploads\/2023\/10\/tomate2023-724x1024-1.jpg","keywords":["Agricultura"],"articleSection":["Agricultura","Noticies"],"inLanguage":"ca"},{"@type":"WebPage","@id":"https:\/\/ayto.mutxamel.org\/ca\/v-fira-del-tomate-muchamiel\/","url":"https:\/\/ayto.mutxamel.org\/ca\/v-fira-del-tomate-muchamiel\/","name":"V Fira de la Tomata Muchamiel - Ayuntamiento de Mutxamel","isPartOf":{"@id":"https:\/\/ayto.mutxamel.org\/ca\/#website"},"primaryImageOfPage":{"@id":"https:\/\/ayto.mutxamel.org\/ca\/v-fira-del-tomate-muchamiel\/#primaryimage"},"image":{"@id":"https:\/\/ayto.mutxamel.org\/ca\/v-fira-del-tomate-muchamiel\/#primaryimage"},"thumbnailUrl":"https:\/\/ayto.mutxamel.org\/wp-content\/uploads\/2023\/10\/tomate2023-724x1024-1.jpg","datePublished":"2023-07-07T05:56:47+00:00","dateModified":"2023-12-06T13:19:12+00:00","author":{"@id":"https:\/\/ayto.mutxamel.org\/ca\/#\/schema\/person\/0a64c1c652c34ba957ddc1a83e56bbfa"},"breadcrumb":{"@id":"https:\/\/ayto.mutxamel.org\/ca\/v-fira-del-tomate-muchamiel\/#breadcrumb"},"inLanguage":"ca","potentialAction":[{"@type":"ReadAction","target":["https:\/\/ayto.mutxamel.org\/ca\/v-fira-del-tomate-muchamiel\/"]}]},{"@type":"ImageObject","inLanguage":"ca","@id":"https:\/\/ayto.mutxamel.org\/ca\/v-fira-del-tomate-muchamiel\/#primaryimage","url":"https:\/\/ayto.mutxamel.org\/wp-content\/uploads\/2023\/10\/tomate2023-724x1024-1.jpg","contentUrl":"https:\/\/ayto.mutxamel.org\/wp-content\/uploads\/2023\/10\/tomate2023-724x1024-1.jpg","width":724,"height":1024},{"@type":"BreadcrumbList","@id":"https:\/\/ayto.mutxamel.org\/ca\/v-fira-del-tomate-muchamiel\/#breadcrumb","itemListElement":[{"@type":"ListItem","position":1,"name":"Portada","item":"https:\/\/ayto.mutxamel.org\/ca\/"},{"@type":"ListItem","position":2,"name":"V Fira de la Tomata Muchamiel"}]},{"@type":"WebSite","@id":"https:\/\/ayto.mutxamel.org\/ca\/#website","url":"https:\/\/ayto.mutxamel.org\/ca\/","name":"Ayuntamiento de Mutxamel","description":"","potentialAction":[{"@type":"SearchAction","target":{"@type":"EntryPoint","urlTemplate":"https:\/\/ayto.mutxamel.org\/ca\/?s={search_term_string}"},"query-input":{"@type":"PropertyValueSpecification","valueRequired":true,"valueName":"search_term_string"}}],"inLanguage":"ca"},{"@type":"Person","@id":"https:\/\/ayto.mutxamel.org\/ca\/#\/schema\/person\/0a64c1c652c34ba957ddc1a83e56bbfa","name":"Ayuntamiento Mutxamel","url":"https:\/\/ayto.mutxamel.org\/ca\/author\/ayuntamiento-mutxamel\/"}]}},"_links":{"self":[{"href":"https:\/\/ayto.mutxamel.org\/ca\/wp-json\/wp\/v2\/posts\/22829","targetHints":{"allow":["GET"]}}],"collection":[{"href":"https:\/\/ayto.mutxamel.org\/ca\/wp-json\/wp\/v2\/posts"}],"about":[{"href":"https:\/\/ayto.mutxamel.org\/ca\/wp-json\/wp\/v2\/types\/post"}],"author":[{"embeddable":true,"href":"https:\/\/ayto.mutxamel.org\/ca\/wp-json\/wp\/v2\/users\/5"}],"replies":[{"embeddable":true,"href":"https:\/\/ayto.mutxamel.org\/ca\/wp-json\/wp\/v2\/comments?post=22829"}],"version-history":[{"count":3,"href":"https:\/\/ayto.mutxamel.org\/ca\/wp-json\/wp\/v2\/posts\/22829\/revisions"}],"predecessor-version":[{"id":37373,"href":"https:\/\/ayto.mutxamel.org\/ca\/wp-json\/wp\/v2\/posts\/22829\/revisions\/37373"}],"wp:featuredmedia":[{"embeddable":true,"href":"https:\/\/ayto.mutxamel.org\/ca\/wp-json\/wp\/v2\/media\/26271"}],"wp:attachment":[{"href":"https:\/\/ayto.mutxamel.org\/ca\/wp-json\/wp\/v2\/media?parent=22829"}],"wp:term":[{"taxonomy":"category","embeddable":true,"href":"https:\/\/ayto.mutxamel.org\/ca\/wp-json\/wp\/v2\/categories?post=22829"},{"taxonomy":"post_tag","embeddable":true,"href":"https:\/\/ayto.mutxamel.org\/ca\/wp-json\/wp\/v2\/tags?post=22829"}],"curies":[{"name":"wp","href":"https:\/\/api.w.org\/{rel}","templated":true}]}}