{"id":2034,"date":"2018-02-12T12:38:29","date_gmt":"2018-02-12T12:38:29","guid":{"rendered":"https:\/\/ayto.mutxamel.org\/?p=2034"},"modified":"2018-02-12T12:38:29","modified_gmt":"2018-02-12T12:38:29","slug":"la-policia-local-reanima-dos-persones-amb-un-desfibril-lador-semiautomatic","status":"publish","type":"post","link":"https:\/\/ayto.mutxamel.org\/ca\/la-policia-local-reanima-dos-persones-amb-un-desfibril-lador-semiautomatic\/","title":{"rendered":"LA POLICIA LOCAL REANIMA DOS PERSONES AMB UN  DESFIBRIL.LADOR SEMIAUTOM\u00c0TIC."},"content":{"rendered":"<p><strong>12\/02\/2018<\/strong><\/p>\n<p>L&#8217;\u00fas d&#8217;un desfibril\u00b7lador semiautom\u00e0tic, durant les \u00faltimes dos setmanes, ha perm\u00e8s als Agents de la Policia Local de Mutxamel reanimar dos persones que es trobaven en situaci\u00f3 cr\u00edtica.<\/p>\n<p>Tots dos fets han ocorregut recentment. En el primer cas, ocorregut el dia 25 de gener, va ser atesa una persona en la via p\u00fablica pels agents. Despr\u00e9s de practicar les primeres maniobres de reanimaci\u00f3 cardio pulmonar i connectar-li el desfibril\u00b7lador, este va procedir a aplicar diverses desc\u00e0rregues que van aconseguir revertir la situaci\u00f3 moment\u00e0niament i mantenir a la persona amb vida fins a l&#8217;arribada de personal m\u00e8dic, els qui la van traslladar en estat cr\u00edtic fins al centre hospitalari. En el segon cas, ocorregut en la nit del dia 5 de febrer, la persona va ser atesa en sa casa i de nou els agents van aplicar mesures de reanimaci\u00f3 unides a l&#8217;\u00fas del desfibril\u00b7lador semiautom\u00e0tic, que va detectar la necessitat de desc\u00e0rregues, les quals van ajudar a la recuperaci\u00f3 i manteniment del funcionament del cor del malalt fins a l&#8217;arribada del personal del servei d&#8217;ambul\u00e0ncia medicalitzada. El malalt va ser ingressat a l&#8217;Hospital de Sant Joan.<\/p>\n<p>En els dos casos, la r\u00e0pida arribada dels agents i l&#8217;\u00fas del desfibril\u00b7lador semiautom\u00e0tic s&#8217;ha considerat determinant per a revertir una situaci\u00f3 d&#8217;extrema gravetat que, en ocasions, si no \u00e9s atesa en els primers minuts, pot desembocar en la defunci\u00f3 immediata.<\/p>\n","protected":false},"excerpt":{"rendered":"<p>12\/02\/2018 L&#8217;\u00fas d&#8217;un desfibril\u00b7lador semiautom\u00e0tic, durant les \u00faltimes dos setmanes, ha perm\u00e8s als Agents de la Policia Local de Mutxamel reanimar dos persones que es trobaven en situaci\u00f3 cr\u00edtica. Tots dos fets han ocorregut recentment. En el primer cas, ocorregut el dia 25 de gener, va ser atesa una persona en la via p\u00fablica pels&#8230;<\/p>\n","protected":false},"author":5,"featured_media":2032,"comment_status":"closed","ping_status":"open","sticky":false,"template":"","format":"standard","meta":{"_acf_changed":false,"footnotes":""},"categories":[282],"tags":[323],"class_list":["post-2034","post","type-post","status-publish","format-standard","has-post-thumbnail","hentry","category-noticies","tag-hemeroteca-va"],"acf":[],"yoast_head":"<!-- This site is optimized with the Yoast SEO plugin v27.3 - https:\/\/yoast.com\/product\/yoast-seo-wordpress\/ -->\n<title>LA POLICIA LOCAL REANIMA DOS PERSONES AMB UN DESFIBRIL.LADOR SEMIAUTOM\u00c0TIC. - Ayuntamiento de Mutxamel<\/title>\n<meta name=\"robots\" content=\"index, follow, max-snippet:-1, max-image-preview:large, max-video-preview:-1\" \/>\n<link rel=\"canonical\" href=\"https:\/\/ayto.mutxamel.org\/ca\/la-policia-local-reanima-dos-persones-amb-un-desfibril-lador-semiautomatic\/\" \/>\n<meta property=\"og:locale\" content=\"ca_ES\" \/>\n<meta property=\"og:type\" content=\"article\" \/>\n<meta property=\"og:title\" content=\"LA POLICIA LOCAL REANIMA DOS PERSONES AMB UN DESFIBRIL.LADOR SEMIAUTOM\u00c0TIC. - Ayuntamiento de Mutxamel\" \/>\n<meta property=\"og:description\" content=\"12\/02\/2018 L&#8217;\u00fas d&#8217;un desfibril\u00b7lador semiautom\u00e0tic, durant les \u00faltimes dos setmanes, ha perm\u00e8s als Agents de la Policia Local de Mutxamel reanimar dos persones que es trobaven en situaci\u00f3 cr\u00edtica. Tots dos fets han ocorregut recentment. En el primer cas, ocorregut el dia 25 de gener, va ser atesa una persona en la via p\u00fablica pels...\" \/>\n<meta property=\"og:url\" content=\"https:\/\/ayto.mutxamel.org\/ca\/la-policia-local-reanima-dos-persones-amb-un-desfibril-lador-semiautomatic\/\" \/>\n<meta property=\"og:site_name\" content=\"Ayuntamiento de Mutxamel\" \/>\n<meta property=\"article:published_time\" content=\"2018-02-12T12:38:29+00:00\" \/>\n<meta name=\"author\" content=\"Ayuntamiento Mutxamel\" \/>\n<meta name=\"twitter:card\" content=\"summary_large_image\" \/>\n<meta name=\"twitter:label1\" content=\"Escrit per\" \/>\n\t<meta name=\"twitter:data1\" content=\"Ayuntamiento Mutxamel\" \/>\n\t<meta name=\"twitter:label2\" content=\"Temps estimat de lectura\" \/>\n\t<meta name=\"twitter:data2\" content=\"1 minut\" \/>\n<script type=\"application\/ld+json\" class=\"yoast-schema-graph\">{\"@context\":\"https:\\\/\\\/schema.org\",\"@graph\":[{\"@type\":\"Article\",\"@id\":\"https:\\\/\\\/ayto.mutxamel.org\\\/ca\\\/la-policia-local-reanima-dos-persones-amb-un-desfibril-lador-semiautomatic\\\/#article\",\"isPartOf\":{\"@id\":\"https:\\\/\\\/ayto.mutxamel.org\\\/ca\\\/la-policia-local-reanima-dos-persones-amb-un-desfibril-lador-semiautomatic\\\/\"},\"author\":{\"name\":\"Ayuntamiento Mutxamel\",\"@id\":\"https:\\\/\\\/ayto.mutxamel.org\\\/ca\\\/#\\\/schema\\\/person\\\/0a64c1c652c34ba957ddc1a83e56bbfa\"},\"headline\":\"LA POLICIA LOCAL REANIMA DOS PERSONES AMB UN DESFIBRIL.LADOR SEMIAUTOM\u00c0TIC.\",\"datePublished\":\"2018-02-12T12:38:29+00:00\",\"mainEntityOfPage\":{\"@id\":\"https:\\\/\\\/ayto.mutxamel.org\\\/ca\\\/la-policia-local-reanima-dos-persones-amb-un-desfibril-lador-semiautomatic\\\/\"},\"wordCount\":265,\"image\":{\"@id\":\"https:\\\/\\\/ayto.mutxamel.org\\\/ca\\\/la-policia-local-reanima-dos-persones-amb-un-desfibril-lador-semiautomatic\\\/#primaryimage\"},\"thumbnailUrl\":\"\",\"keywords\":[\"Hemeroteca\"],\"articleSection\":[\"Noticies\"],\"inLanguage\":\"ca\"},{\"@type\":\"WebPage\",\"@id\":\"https:\\\/\\\/ayto.mutxamel.org\\\/ca\\\/la-policia-local-reanima-dos-persones-amb-un-desfibril-lador-semiautomatic\\\/\",\"url\":\"https:\\\/\\\/ayto.mutxamel.org\\\/ca\\\/la-policia-local-reanima-dos-persones-amb-un-desfibril-lador-semiautomatic\\\/\",\"name\":\"LA POLICIA LOCAL REANIMA DOS PERSONES AMB UN DESFIBRIL.LADOR SEMIAUTOM\u00c0TIC. - Ayuntamiento de Mutxamel\",\"isPartOf\":{\"@id\":\"https:\\\/\\\/ayto.mutxamel.org\\\/ca\\\/#website\"},\"primaryImageOfPage\":{\"@id\":\"https:\\\/\\\/ayto.mutxamel.org\\\/ca\\\/la-policia-local-reanima-dos-persones-amb-un-desfibril-lador-semiautomatic\\\/#primaryimage\"},\"image\":{\"@id\":\"https:\\\/\\\/ayto.mutxamel.org\\\/ca\\\/la-policia-local-reanima-dos-persones-amb-un-desfibril-lador-semiautomatic\\\/#primaryimage\"},\"thumbnailUrl\":\"\",\"datePublished\":\"2018-02-12T12:38:29+00:00\",\"author\":{\"@id\":\"https:\\\/\\\/ayto.mutxamel.org\\\/ca\\\/#\\\/schema\\\/person\\\/0a64c1c652c34ba957ddc1a83e56bbfa\"},\"breadcrumb\":{\"@id\":\"https:\\\/\\\/ayto.mutxamel.org\\\/ca\\\/la-policia-local-reanima-dos-persones-amb-un-desfibril-lador-semiautomatic\\\/#breadcrumb\"},\"inLanguage\":\"ca\",\"potentialAction\":[{\"@type\":\"ReadAction\",\"target\":[\"https:\\\/\\\/ayto.mutxamel.org\\\/ca\\\/la-policia-local-reanima-dos-persones-amb-un-desfibril-lador-semiautomatic\\\/\"]}]},{\"@type\":\"ImageObject\",\"inLanguage\":\"ca\",\"@id\":\"https:\\\/\\\/ayto.mutxamel.org\\\/ca\\\/la-policia-local-reanima-dos-persones-amb-un-desfibril-lador-semiautomatic\\\/#primaryimage\",\"url\":\"\",\"contentUrl\":\"\"},{\"@type\":\"BreadcrumbList\",\"@id\":\"https:\\\/\\\/ayto.mutxamel.org\\\/ca\\\/la-policia-local-reanima-dos-persones-amb-un-desfibril-lador-semiautomatic\\\/#breadcrumb\",\"itemListElement\":[{\"@type\":\"ListItem\",\"position\":1,\"name\":\"Portada\",\"item\":\"https:\\\/\\\/ayto.mutxamel.org\\\/ca\\\/\"},{\"@type\":\"ListItem\",\"position\":2,\"name\":\"LA POLICIA LOCAL REANIMA DOS PERSONES AMB UN DESFIBRIL.LADOR SEMIAUTOM\u00c0TIC.\"}]},{\"@type\":\"WebSite\",\"@id\":\"https:\\\/\\\/ayto.mutxamel.org\\\/ca\\\/#website\",\"url\":\"https:\\\/\\\/ayto.mutxamel.org\\\/ca\\\/\",\"name\":\"Ayuntamiento de Mutxamel\",\"description\":\"\",\"potentialAction\":[{\"@type\":\"SearchAction\",\"target\":{\"@type\":\"EntryPoint\",\"urlTemplate\":\"https:\\\/\\\/ayto.mutxamel.org\\\/ca\\\/?s={search_term_string}\"},\"query-input\":{\"@type\":\"PropertyValueSpecification\",\"valueRequired\":true,\"valueName\":\"search_term_string\"}}],\"inLanguage\":\"ca\"},{\"@type\":\"Person\",\"@id\":\"https:\\\/\\\/ayto.mutxamel.org\\\/ca\\\/#\\\/schema\\\/person\\\/0a64c1c652c34ba957ddc1a83e56bbfa\",\"name\":\"Ayuntamiento Mutxamel\",\"url\":\"https:\\\/\\\/ayto.mutxamel.org\\\/ca\\\/author\\\/ayuntamiento-mutxamel\\\/\"}]}<\/script>\n<!-- \/ Yoast SEO plugin. -->","yoast_head_json":{"title":"LA POLICIA LOCAL REANIMA DOS PERSONES AMB UN DESFIBRIL.LADOR SEMIAUTOM\u00c0TIC. - Ayuntamiento de Mutxamel","robots":{"index":"index","follow":"follow","max-snippet":"max-snippet:-1","max-image-preview":"max-image-preview:large","max-video-preview":"max-video-preview:-1"},"canonical":"https:\/\/ayto.mutxamel.org\/ca\/la-policia-local-reanima-dos-persones-amb-un-desfibril-lador-semiautomatic\/","og_locale":"ca_ES","og_type":"article","og_title":"LA POLICIA LOCAL REANIMA DOS PERSONES AMB UN DESFIBRIL.LADOR SEMIAUTOM\u00c0TIC. - Ayuntamiento de Mutxamel","og_description":"12\/02\/2018 L&#8217;\u00fas d&#8217;un desfibril\u00b7lador semiautom\u00e0tic, durant les \u00faltimes dos setmanes, ha perm\u00e8s als Agents de la Policia Local de Mutxamel reanimar dos persones que es trobaven en situaci\u00f3 cr\u00edtica. Tots dos fets han ocorregut recentment. En el primer cas, ocorregut el dia 25 de gener, va ser atesa una persona en la via p\u00fablica pels...","og_url":"https:\/\/ayto.mutxamel.org\/ca\/la-policia-local-reanima-dos-persones-amb-un-desfibril-lador-semiautomatic\/","og_site_name":"Ayuntamiento de Mutxamel","article_published_time":"2018-02-12T12:38:29+00:00","author":"Ayuntamiento Mutxamel","twitter_card":"summary_large_image","twitter_misc":{"Escrit per":"Ayuntamiento Mutxamel","Temps estimat de lectura":"1 minut"},"schema":{"@context":"https:\/\/schema.org","@graph":[{"@type":"Article","@id":"https:\/\/ayto.mutxamel.org\/ca\/la-policia-local-reanima-dos-persones-amb-un-desfibril-lador-semiautomatic\/#article","isPartOf":{"@id":"https:\/\/ayto.mutxamel.org\/ca\/la-policia-local-reanima-dos-persones-amb-un-desfibril-lador-semiautomatic\/"},"author":{"name":"Ayuntamiento Mutxamel","@id":"https:\/\/ayto.mutxamel.org\/ca\/#\/schema\/person\/0a64c1c652c34ba957ddc1a83e56bbfa"},"headline":"LA POLICIA LOCAL REANIMA DOS PERSONES AMB UN DESFIBRIL.LADOR SEMIAUTOM\u00c0TIC.","datePublished":"2018-02-12T12:38:29+00:00","mainEntityOfPage":{"@id":"https:\/\/ayto.mutxamel.org\/ca\/la-policia-local-reanima-dos-persones-amb-un-desfibril-lador-semiautomatic\/"},"wordCount":265,"image":{"@id":"https:\/\/ayto.mutxamel.org\/ca\/la-policia-local-reanima-dos-persones-amb-un-desfibril-lador-semiautomatic\/#primaryimage"},"thumbnailUrl":"","keywords":["Hemeroteca"],"articleSection":["Noticies"],"inLanguage":"ca"},{"@type":"WebPage","@id":"https:\/\/ayto.mutxamel.org\/ca\/la-policia-local-reanima-dos-persones-amb-un-desfibril-lador-semiautomatic\/","url":"https:\/\/ayto.mutxamel.org\/ca\/la-policia-local-reanima-dos-persones-amb-un-desfibril-lador-semiautomatic\/","name":"LA POLICIA LOCAL REANIMA DOS PERSONES AMB UN DESFIBRIL.LADOR SEMIAUTOM\u00c0TIC. - Ayuntamiento de Mutxamel","isPartOf":{"@id":"https:\/\/ayto.mutxamel.org\/ca\/#website"},"primaryImageOfPage":{"@id":"https:\/\/ayto.mutxamel.org\/ca\/la-policia-local-reanima-dos-persones-amb-un-desfibril-lador-semiautomatic\/#primaryimage"},"image":{"@id":"https:\/\/ayto.mutxamel.org\/ca\/la-policia-local-reanima-dos-persones-amb-un-desfibril-lador-semiautomatic\/#primaryimage"},"thumbnailUrl":"","datePublished":"2018-02-12T12:38:29+00:00","author":{"@id":"https:\/\/ayto.mutxamel.org\/ca\/#\/schema\/person\/0a64c1c652c34ba957ddc1a83e56bbfa"},"breadcrumb":{"@id":"https:\/\/ayto.mutxamel.org\/ca\/la-policia-local-reanima-dos-persones-amb-un-desfibril-lador-semiautomatic\/#breadcrumb"},"inLanguage":"ca","potentialAction":[{"@type":"ReadAction","target":["https:\/\/ayto.mutxamel.org\/ca\/la-policia-local-reanima-dos-persones-amb-un-desfibril-lador-semiautomatic\/"]}]},{"@type":"ImageObject","inLanguage":"ca","@id":"https:\/\/ayto.mutxamel.org\/ca\/la-policia-local-reanima-dos-persones-amb-un-desfibril-lador-semiautomatic\/#primaryimage","url":"","contentUrl":""},{"@type":"BreadcrumbList","@id":"https:\/\/ayto.mutxamel.org\/ca\/la-policia-local-reanima-dos-persones-amb-un-desfibril-lador-semiautomatic\/#breadcrumb","itemListElement":[{"@type":"ListItem","position":1,"name":"Portada","item":"https:\/\/ayto.mutxamel.org\/ca\/"},{"@type":"ListItem","position":2,"name":"LA POLICIA LOCAL REANIMA DOS PERSONES AMB UN DESFIBRIL.LADOR SEMIAUTOM\u00c0TIC."}]},{"@type":"WebSite","@id":"https:\/\/ayto.mutxamel.org\/ca\/#website","url":"https:\/\/ayto.mutxamel.org\/ca\/","name":"Ayuntamiento de Mutxamel","description":"","potentialAction":[{"@type":"SearchAction","target":{"@type":"EntryPoint","urlTemplate":"https:\/\/ayto.mutxamel.org\/ca\/?s={search_term_string}"},"query-input":{"@type":"PropertyValueSpecification","valueRequired":true,"valueName":"search_term_string"}}],"inLanguage":"ca"},{"@type":"Person","@id":"https:\/\/ayto.mutxamel.org\/ca\/#\/schema\/person\/0a64c1c652c34ba957ddc1a83e56bbfa","name":"Ayuntamiento Mutxamel","url":"https:\/\/ayto.mutxamel.org\/ca\/author\/ayuntamiento-mutxamel\/"}]}},"_links":{"self":[{"href":"https:\/\/ayto.mutxamel.org\/ca\/wp-json\/wp\/v2\/posts\/2034","targetHints":{"allow":["GET"]}}],"collection":[{"href":"https:\/\/ayto.mutxamel.org\/ca\/wp-json\/wp\/v2\/posts"}],"about":[{"href":"https:\/\/ayto.mutxamel.org\/ca\/wp-json\/wp\/v2\/types\/post"}],"author":[{"embeddable":true,"href":"https:\/\/ayto.mutxamel.org\/ca\/wp-json\/wp\/v2\/users\/5"}],"replies":[{"embeddable":true,"href":"https:\/\/ayto.mutxamel.org\/ca\/wp-json\/wp\/v2\/comments?post=2034"}],"version-history":[{"count":0,"href":"https:\/\/ayto.mutxamel.org\/ca\/wp-json\/wp\/v2\/posts\/2034\/revisions"}],"wp:featuredmedia":[{"embeddable":true,"href":"https:\/\/ayto.mutxamel.org\/ca\/wp-json\/"}],"wp:attachment":[{"href":"https:\/\/ayto.mutxamel.org\/ca\/wp-json\/wp\/v2\/media?parent=2034"}],"wp:term":[{"taxonomy":"category","embeddable":true,"href":"https:\/\/ayto.mutxamel.org\/ca\/wp-json\/wp\/v2\/categories?post=2034"},{"taxonomy":"post_tag","embeddable":true,"href":"https:\/\/ayto.mutxamel.org\/ca\/wp-json\/wp\/v2\/tags?post=2034"}],"curies":[{"name":"wp","href":"https:\/\/api.w.org\/{rel}","templated":true}]}}